{"id":572934,"date":"2025-12-02T10:34:12","date_gmt":"2025-12-02T10:34:12","guid":{"rendered":"https:\/\/www.europesays.com\/fr\/572934\/"},"modified":"2025-12-02T10:34:12","modified_gmt":"2025-12-02T10:34:12","slug":"pour-leurope-lheure-de-verite-face-a-la-russie-tandis-que-la-negociation-russo-americaine-la-relegue-au-second-plan","status":"publish","type":"post","link":"https:\/\/www.europesays.com\/fr\/572934\/","title":{"rendered":"Pour l\u2019Europe, l\u2019heure de v\u00e9rit\u00e9 face \u00e0 la Russie, tandis que la n\u00e9gociation russo-am\u00e9ricaine la rel\u00e8gue au second plan"},"content":{"rendered":"<p class=\"upper-letter\">Une paix encore incertaine se dessine pour <a href=\"https:\/\/www.challenges.fr\/monde\/ukraine-trump-estime-quil-y-a-de-bonnes-chances-pour-un-accord-entre-kiev-et-moscou-zelensky-recu-a-lelysee_632328\" target=\"_blank\" rel=\"noopener\">l\u2019Ukraine <\/a>mais elle a d\u00e9j\u00e0 un go\u00fbt bien amer pour ceux qui depuis bient\u00f4t quatre ans r\u00e9sistent \u00e0 l\u2019agression russe. C\u2019est un moment de v\u00e9rit\u00e9 pour les Europ\u00e9ens alors que son pr\u00e9sident Volodymyr Zelensky, affaibli politiquement et militairement, subit une pression maximale de l\u2019administration Trump press\u00e9e d\u2019arriver \u00e0 un accord, m\u00eame injuste. \u00ab\u00a0Pour la premi\u00e8re fois depuis le d\u00e9but de la guerre \u00e0 grande \u00e9chelle, les Europ\u00e9ens sont d\u00e9sormais les seuls \u00e0 aider la r\u00e9sistance ukrainienne mais seront-ils capables de continuer, voire de se substituer aux Etats-Unis si le soutien am\u00e9ricain s\u2019arr\u00eatait totalement ?\u00a0\u00bb s\u2019interroge Elie Tenenbaum, responsable des\u00a0\u00e9tudes de s\u00e9curit\u00e9 de l\u2019Institut fran\u00e7ais des relations internationales (Ifri).<\/p>\n<p>Comme l\u2019Ukraine, la \u00ab\u00a0coalition des volontaires\u00a0\u00bb men\u00e9e par Paris, Londres et Berlin doit concilier l\u2019imp\u00e9ratif de redresser le plan de paix am\u00e9ricain largement inspir\u00e9 par Moscou dans sa version originelle et celui de ne pas perdre les <a href=\"https:\/\/www.challenges.fr\/entreprise\/commerce-et-distribution\/face-au-declin-du-cognac-aux-etats-unis-la-strategie-marketing-des-grandes-maisons-remise-en-question_632385\" target=\"_blank\" rel=\"noopener\">Etats-Unis<\/a>. \u00ab\u00a0La ligne rouge est qu\u2019une paix ne peut se d\u00e9cider sans l\u2019ensemble des parties int\u00e9ress\u00e9es\u00a0\u00bb, rappelle Jean-Vincent Holeindre, professeur de science politique \u00e0 l\u2019universit\u00e9 Paris-Panth\u00e9on-Assas et directeur du Centre Thucydide.<\/p>\n<p><a href=\"https:\/\/www.challenges.fr\/monde\/lallemagne-connait-une-profonde-transformation-strategique-face-a-la-menace-russe-berlin-se-prepare-a-la-guerre_632395\" rel=\"noopener noreferrer\" class=\"cursor-pointer decoration-inherit\" stop=\"false\" data-v-a5631e0e=\"\" target=\"_blank\"><\/p>\n<p>Face \u00e0 la menace russe l\u2019Allemagne se pr\u00e9pare \u00e0 la guerre<\/p>\n<p><\/a><a href=\"https:\/\/www.challenges.fr\/monde\/lallemagne-connait-une-profonde-transformation-strategique-face-a-la-menace-russe-berlin-se-prepare-a-la-guerre_632395\" rel=\"noopener noreferrer\" class=\"cursor-pointer decoration-inherit\" stop=\"false\" data-v-a5631e0e=\"\" target=\"_blank\"><\/a><\/p>\n<p>Par trois fois d\u00e9j\u00e0 depuis que le milliardaire s\u2019est r\u00e9install\u00e9 dans le bureau ovale, les Europ\u00e9ens ont r\u00e9ussi \u00e0 \u00e9viter \u00e0 l\u2019Ukraine un accord sonnant comme une capitulation. Mais ils sont toujours plus marginalis\u00e9s par Washington. \u00ab\u00a0Au moment o\u00f9 l\u2019on parle de paix, la Russie continue de tuer et de d\u00e9truire\u00a0\u00bb, a tonn\u00e9 <a href=\"https:\/\/www.challenges.fr\/entreprise\/tech-numerique\/dynamique-reelle-et-belles-reussites-la-cour-des-comptes-valide-la-strategie-ia-demmanuel-macron_631139\" target=\"_blank\" rel=\"noopener\">le pr\u00e9sident fran\u00e7ais<\/a> en recevant \u00e0 l\u2019Elys\u00e9e son homologue ukrainien le 1er\u00a0d\u00e9cembre, rappelant\u00a0ce que doivent \u00eatre les fondamentaux \u00ab\u00a0d\u2019une paix juste et durable\u00a0\u00bb.<\/p>\n<p>L\u2019enjeu est d\u2019autant plus crucial qu\u2019il va bien au-del\u00e0 de la seule d\u00e9fense de l\u2019Ukraine et des \u00ab\u00a0robustes garanties de s\u00e9curit\u00e9\u00a0\u00bb \u00e0 lui apporter\u00a0: c\u2019est la future architecture de s\u00e9curit\u00e9 face \u00e0 une <a href=\"https:\/\/www.challenges.fr\/entreprise\/defense\/desinformation-la-methode-russe-anatomie-dune-fausse-rebellion-de-larmee-francaise-generee-par-ia_632003\" target=\"_blank\" rel=\"noopener\">Russie <\/a>toujours plus mena\u00e7ante qui se n\u00e9gocie. L\u2019\u00e9missaire de Donald Trump, Steve Witkoff, est reparti en d\u00e9but de semaine pour Moscou, cette fois accompagn\u00e9 par Jared Kushner, le gendre du pr\u00e9sident.<\/p>\n<p><a href=\"https:\/\/www.challenges.fr\/monde\/plan-de-trump-quelle-paix-pour-lukraine_631649\" target=\"_blank\" rel=\"noopener\">Les 28 points du plan originel<\/a> faisaient la part belle \u00e0 la plupart des revendications russes limitant les capacit\u00e9s de d\u00e9fense de l\u2019Ukraine, appelant \u00e0 des \u00e9lections dans les cent\u00a0jours et exigeant que les Ukrainiens acceptent l\u2019amputation d\u2019une partie de leur territoire, y compris des zones du Donbass non encore conquises par les forces russes. Depuis, il a \u00e9t\u00e9 en partie amend\u00e9 dans des n\u00e9gociations avec les Ukrainiens qui se sont tenues \u00e0 Gen\u00e8ve le 23\u00a0novembre, puis en Floride, dans le golf de Steve Witkoff.<\/p>\n<p><a href=\"https:\/\/www.challenges.fr\/monde\/la-machine-maga-quand-larme-de-desinformation-trumpiste-vise-leurope_631893\" rel=\"noopener noreferrer\" class=\"cursor-pointer decoration-inherit\" stop=\"false\" data-v-a5631e0e=\"\" target=\"_blank\"><\/p>\n<p>La machine Maga, quand l\u2019arme de d\u00e9sinformation trumpiste vise l\u2019Europe<\/p>\n<p><\/a><a href=\"https:\/\/www.challenges.fr\/monde\/la-machine-maga-quand-larme-de-desinformation-trumpiste-vise-leurope_631893\" rel=\"noopener noreferrer\" class=\"cursor-pointer decoration-inherit\" stop=\"false\" data-v-a5631e0e=\"\" target=\"_blank\"><\/a><\/p>\n<p>Donald Trump multiplie les messages en majuscules sur son r\u00e9seau Truth Social pour se f\u00e9liciter des progr\u00e8s vers un accord. Il en revendique la paternit\u00e9 alors m\u00eame que le plan a\u00a0\u00e9t\u00e9 largement inspir\u00e9 par le Kremlin, comme l\u2019ont montr\u00e9 des r\u00e9v\u00e9lations de l\u2019agence Bloomberg concernant la rencontre fin octobre, \u00e0 Miami, entre Steve Witcoff et Kirill Dmitriev, patron du fonds souverain russe. \u00ab\u00a0Une trahison de l\u2019Ukraine et de la s\u00e9curit\u00e9 de l\u2019Europe\u00a0\u00bb a d\u00e9nonc\u00e9\u00a0Fiona Hill, sp\u00e9cialiste reconnue de la Russie et ancienne conseill\u00e8re \u00e0 la s\u00e9curit\u00e9 de Donald Trump pendant son premier mandat.<\/p>\n<p>Alors que le\u00a0secr\u00e9taire d\u2019Etat <a href=\"https:\/\/www.challenges.fr\/monde\/marco-rubio-de-rival-a-fidele-de-trump-le-parcours-dun-ambitieux-pret-a-tout_624940\" target=\"_blank\" rel=\"noopener\">Marco Rubio<\/a>, r\u00e9publicain \u00e0 l\u2019ancienne, semble sur la touche, au sein de l\u2019administration Trump, les hommes les plus hostiles au soutien \u00e0 Kiev ont le vent en poupe. A commencer par le vice-pr\u00e9sident J. D.\u00a0Vance, pour qui la solution ne viendra ni de \u00ab\u00a0diplomates incomp\u00e9tents ni de politiciens vivant dans l\u2019imaginaire mais de personnes intelligentes vivant dans la r\u00e9alit\u00e9\u00a0\u00bb. A Moscou aussi, Sergue\u00ef Lavrov, inoxydable ministre des Affaires \u00e9trang\u00e8res, a \u00e9t\u00e9 mis \u00e0 l\u2019\u00e9cart au profit de Kirill Dmitriev, un homme d\u2019affaires form\u00e9 aux Etats-Unis, r\u00e9put\u00e9\u00a0tr\u00e8s proche du pr\u00e9sident russe. Pour lui et les autres, la \u00ab\u00a0pax trumpiana\u00a0\u00bb sera un grand deal pour une fructueuse coop\u00e9ration \u00e9conomique avec une Russie lib\u00e9r\u00e9e des sanctions.<\/p>\n<p>Vladimir Poutine assure que les grandes lignes du plan am\u00e9ricain pourraient servir de base \u00ab\u00a0\u00e0 un futur accord\u00a0\u00bb tout en r\u00e9cusant les modifications apport\u00e9es par les Ukrainiens et les Europ\u00e9ens. Le ma\u00eetre du Kremlin continue notamment d\u2019exiger une reconnaissance internationale de l\u2019annexion de cinq oblasts (d\u00e9partements) ukrainiens d\u00e9j\u00e0 act\u00e9e dans leur Constitution. Il clame qu\u2019il se refuse\u00a0\u00e0 signer le moindre accord avec les autorit\u00e9s \u00ab\u00a0ill\u00e9gitimes\u00a0\u00bb de Kiev, \u00e0 commencer par leur pr\u00e9sident, \u00e9lu en 2019 et dont le mandat \u00e9tait arriv\u00e9 \u00e0 expiration l\u2019an dernier. M\u00eame si l\u2019\u00e9conomie russe commence \u00e0 ralentir sous le coup du durcissement des sanctions, Vladimir Poutine ne renonce \u00e0 rien. Il est d\u2019autant plus intraitable que Volodymyr Zelensky\u00a0traverse une bien mauvaise passe.<\/p>\n<p>L\u2019homme symbole de la r\u00e9sistance ukrainienne est en effet \u00e9clabouss\u00e9 dans un<a href=\"https:\/\/www.challenges.fr\/monde\/lenorme-scandale-de-corruption-qui-menace-zelensky_631982\" target=\"_blank\" rel=\"noopener\">\u00a0scandale de corruption<\/a> avec des d\u00e9tournements \u00e9valu\u00e9s \u00e0 quelque 100\u00a0millions de dollars dans le secteur de l\u2019\u00e9nergie. Une affaire qui implique certains de ses collaborateurs les plus proches et a contraint Andriy Yermak, le tout-puissant chef de l\u2019administration pr\u00e9sidentielle, \u00e0 d\u00e9missionner le 28\u00a0novembre.\u00a0Incontournable \u00e0 Kiev, Yermak l\u2019\u00e9tait aussi sur la sc\u00e8ne diplomatique pour obtenir le soutien des alli\u00e9s. En outre, l\u2019arm\u00e9e ukrainienne est \u00e0 la peine face aux forces russes dans l\u2019est du pays, m\u00eame si elles n\u2019ont conquis en une ann\u00e9e qu\u2019\u00e0 peine 1 % du territoire ukrainien. Derri\u00e8re la solidit\u00e9 du front, il y a celle de toute une nation.<\/p>\n<p>Tout d\u00e9pend maintenant de la d\u00e9termination de l\u2019administration Trump face \u00e0 Moscou.\u00a0Et de la volont\u00e9 de Vladimir Poutine. \u00ab\u00a0Soit il joue\u00a0un accord rapide avec Washington favorable aux int\u00e9r\u00eats russes qui sera impos\u00e9 \u00e0 Kiev et aux Europ\u00e9ens, soit il mise sur une prolongation de la guerre pariant sur le fait que l\u2019arm\u00e9e ukrainienne s\u2019effondrera avant l\u2019\u00e9conomie russe, en esp\u00e9rant que le pr\u00e9sident am\u00e9ricain se d\u00e9sengage d\u2019un conflit qu\u2019il n\u2019arrive pas \u00e0 r\u00e9soudre\u00a0\u00bb, analyse l\u2019ex-diplomate Michel Duclos, conseiller sp\u00e9cial de l\u2019Institut Montaigne. Les Europ\u00e9ens sont face \u00e0 leurs responsabilit\u00e9s. Ce pourrait \u00eatre leur \u00ab\u00a0moment churchillien\u00a0\u00bb, celui d\u2019un engagement plus d\u00e9termin\u00e9, y compris avec l\u2019utilisation d\u2019une grande partie des avoirs gel\u00e9s de la banque centrale russe, quelque 140\u00a0milliards d\u2019euros d\u00e9pos\u00e9s aupr\u00e8s d\u2019Euroclear \u00e0 Bruxelles, comme \u00e0-valoir sur de futures r\u00e9parations de guerre. Mais en ont-ils la volont\u00e9 et les moyens ?<\/p>\n<p>\u00ab\u00a0Aujourd\u2019hui, il n\u2019y a qu\u2019une partie des Europ\u00e9ens r\u00e9ellement engag\u00e9s, les Nordiques, les Baltes, <a href=\"https:\/\/www.challenges.fr\/monde\/face-a-la-menace-russe-la-pologne-depense-sans-compter-pour-son-armee_631641\" target=\"_blank\" rel=\"noopener\">les Polonais<\/a>, les Allemands et les Britanniques, rel\u00e8ve Elie Tenenbaum. Avec la politique que m\u00e8ne Emmanuel Macron, la France est tr\u00e8s mobilis\u00e9e mais elle donne de moins en moins pour l\u2019assistance financi\u00e8re \u00e0 l\u2019Ukraine et les pol\u00e9miques suscit\u00e9es par les propos du chef d\u2019etat-major sur les n\u00e9cessaires sacrifices montrent une faible app\u00e9tence pour le risque instillant le doute.\u00a0\u00bb<\/p>\n<p><a href=\"https:\/\/www.challenges.fr\/monde\/pour-sauver-lukraine-leurope-doit-vite-passer-aux-actes_632352\" rel=\"noopener noreferrer\" class=\"cursor-pointer decoration-inherit\" stop=\"false\" data-v-a5631e0e=\"\" target=\"_blank\"><\/p>\n<p>Pour sauver l\u2019Ukraine, l\u2019Europe doit vite passer aux actes<\/p>\n<p><\/a><a href=\"https:\/\/www.challenges.fr\/monde\/pour-sauver-lukraine-leurope-doit-vite-passer-aux-actes_632352\" rel=\"noopener noreferrer\" class=\"cursor-pointer decoration-inherit\" stop=\"false\" data-v-a5631e0e=\"\" target=\"_blank\"><\/a><\/p>\n<p>Leur mobilisation est n\u00e9anmoins indispensable, m\u00eame en cas d\u2019accord, afin d\u2019\u00eatre en mesure de fournir les garanties de s\u00e9curit\u00e9 \u00e0 une Ukraine libre, y compris si elle est r\u00e9duite \u00e0 80 % de son territoire. A l\u2019initiative notamment de Paris et Londres, une force de r\u00e9assurance a \u00e9t\u00e9 mont\u00e9e avec 16 pays pr\u00e9voyant que quelque 25 000 hommes soient d\u00e9ploy\u00e9s\u00a0sur le territoire ukrainien apr\u00e8s un cessez-le-feu. Une hypoth\u00e8se que refuse Moscou. Faut-il passer outre ? Le pr\u00e9sident ukrainien ne se prive pas de rappeler que son pays \u00ab\u00a0est actuellement le seul bouclier qui s\u00e9pare la vie confortable des Europ\u00e9ens des plans de Vladimir Poutine\u00a0\u00bb.<\/p>\n","protected":false},"excerpt":{"rendered":"Une paix encore incertaine se dessine pour l\u2019Ukraine mais elle a d\u00e9j\u00e0 un go\u00fbt bien amer pour ceux&hellip;\n","protected":false},"author":2,"featured_media":572935,"comment_status":"","ping_status":"","sticky":false,"template":"","format":"standard","meta":{"footnotes":""},"categories":[1586],"tags":[11,672,75,73,1777,674,1011,27,12,25,132,220,364,135],"class_list":{"0":"post-572934","1":"post","2":"type-post","3":"status-publish","4":"format-standard","5":"has-post-thumbnail","7":"category-europe","8":"tag-actualites","9":"tag-allemagne","10":"tag-donald-trump","11":"tag-etats-unis","12":"tag-eu","13":"tag-europe","14":"tag-fr","15":"tag-france","16":"tag-news","17":"tag-republique-francaise","18":"tag-russie","19":"tag-ukraine","20":"tag-union-europeenne","21":"tag-vladimir-poutine"},"share_on_mastodon":{"url":"https:\/\/pubeurope.com\/@fr\/115649528777107104","error":""},"_links":{"self":[{"href":"https:\/\/www.europesays.com\/fr\/wp-json\/wp\/v2\/posts\/572934","targetHints":{"allow":["GET"]}}],"collection":[{"href":"https:\/\/www.europesays.com\/fr\/wp-json\/wp\/v2\/posts"}],"about":[{"href":"https:\/\/www.europesays.com\/fr\/wp-json\/wp\/v2\/types\/post"}],"author":[{"embeddable":true,"href":"https:\/\/www.europesays.com\/fr\/wp-json\/wp\/v2\/users\/2"}],"replies":[{"embeddable":true,"href":"https:\/\/www.europesays.com\/fr\/wp-json\/wp\/v2\/comments?post=572934"}],"version-history":[{"count":0,"href":"https:\/\/www.europesays.com\/fr\/wp-json\/wp\/v2\/posts\/572934\/revisions"}],"wp:featuredmedia":[{"embeddable":true,"href":"https:\/\/www.europesays.com\/fr\/wp-json\/wp\/v2\/media\/572935"}],"wp:attachment":[{"href":"https:\/\/www.europesays.com\/fr\/wp-json\/wp\/v2\/media?parent=572934"}],"wp:term":[{"taxonomy":"category","embeddable":true,"href":"https:\/\/www.europesays.com\/fr\/wp-json\/wp\/v2\/categories?post=572934"},{"taxonomy":"post_tag","embeddable":true,"href":"https:\/\/www.europesays.com\/fr\/wp-json\/wp\/v2\/tags?post=572934"}],"curies":[{"name":"wp","href":"https:\/\/api.w.org\/{rel}","templated":true}]}}