{"id":572936,"date":"2025-12-02T10:35:13","date_gmt":"2025-12-02T10:35:13","guid":{"rendered":"https:\/\/www.europesays.com\/fr\/572936\/"},"modified":"2025-12-02T10:35:13","modified_gmt":"2025-12-02T10:35:13","slug":"karine-le-marchand-sur-anthony-dadp-je-ne-sais-pas-sil-a-eu-conscience-de-sa-goujaterie","status":"publish","type":"post","link":"https:\/\/www.europesays.com\/fr\/572936\/","title":{"rendered":"Karine Le Marchand sur Anthony d\u2019ADP : \u201cJe ne sais pas s\u2019il a eu conscience de sa goujaterie\u00a0\u00bb"},"content":{"rendered":"<p>La saison 2025 de L\u2019Amour est dans le pr\u00e9 a pris fin ce lundi soir avec la diffusion, sur M6, de la seconde partie du bilan. Une nouvelle saison qui a \u00e9t\u00e9 marqu\u00e9e, notamment, par le comportement d\u2019Anthony avec sa pr\u00e9tendante Evelyne.<\/p>\n<p><a id=\"eztoc103368150_1\"\/>Anthony recadr\u00e9 par Karine Le Marchand lors du bilan<\/p>\n<p>L\u2019aventure d\u2019Anthony dans ADP ne s\u2019est pas termin\u00e9e comme on l\u2019esp\u00e9rait. Apr\u00e8s avoir eu un coup de c\u0153ur pour Evelyne au speed-dating, il n\u2019a convi\u00e9 que cette derni\u00e8re \u00e0 la ferme. Les deux c\u00e9libataires ont rapidement \u00e9voqu\u00e9 un avenir commun en parlant mariage, b\u00e9b\u00e9 ou encore emm\u00e9nagement en couple. Mais juste avant la visite d\u2019Anthony chez sa belle, ce dernier a d\u00e9cid\u00e9 de rompre purement et simplement. \u00ab\u00a0J\u2019ai pas mal r\u00e9fl\u00e9chi, il n\u2019y a plus d\u2019attirance pour moi. C\u2019est clair, c\u2019est pr\u00e9cis (\u2026) \u00e7a avan\u00e7ait trop vite\u00a0\u00bb, a-t-il d\u00e9clar\u00e9 dans l\u2019\u00e9mission. Face \u00e0   <a href=\"https:\/\/www.programme-television.org\/news\/tv\/emissions-tele\/l-amour-est-dans-le-pre-karine-le-marchand-se-confie-sur-ses-amours-je-pourrais-tomber-amoureuse-d-un-agriculteur-mais-exclu-4744065\" target=\"_blank\" rel=\"noopener\">Karine Le Marchand<\/a>, Anthony s\u2019\u00e9tait justifi\u00e9 en expliquant avoir pris peur car elle voulait des enfants. \u00ab\u00a0Si je peux me permettre quand m\u00eame Anthony, nous avons tous en t\u00eate que la premi\u00e8re personne qui a parl\u00e9 d&rsquo;enfants, ce n&rsquo;\u00e9tait pas elle, c&rsquo;\u00e9tait toi. C&rsquo;est l\u00e9gitime qu&rsquo;\u00e0 39 ans, vu que l&rsquo;homme exprime en premier son d\u00e9sir d&rsquo;enfant, elle encha\u00eene\u00a0\u00bb, lui a rappel\u00e9 Karine Le Marchand lors du bilan.<\/p>\n<p><a id=\"eztoc103368150_2\"\/>Karine Le Marchand sur la goujaterie d\u2019Anthony<\/p>\n<p>Apr\u00e8s avoir recadr\u00e9 Anthony lors du bilan d\u2019  <a href=\"https:\/\/www.programme-television.org\/news\/tv\/tele-realite\/l-amour-est-dans-le-pre-m6-elle-a-menti-sur-tout-pierrick-revele-qu-une-pretendante-l-a-manipule-pendant-l-emission-4747464\" target=\"_blank\" rel=\"noopener\">ADP<\/a>, l\u2019animatrice de M6 en a remis une couche sur le comportement de l\u2019agriculteur dans un entretien accord\u00e9 \u00e0 T\u00e9l\u00e9 Magazine. \u00ab\u00a0Au moment du tournage, il n\u2019avait pas encore vu toute son aventure en diffusion. Je ne sais pas s\u2019il a eu conscience de sa goujaterie. Il faudrait le lui demander. C\u2019est quelqu\u2019un de ferm\u00e9, il sait qu\u2019il est rustre, il le dit, mais il n\u2019avait pas estim\u00e9 \u00e0 quel point il \u00e9tait comme \u00e7a, c\u2019est s\u00fbr\u00a0\u00bb, a-t-elle point\u00e9 du doigt. Karine Le Marchand a fait preuve de la m\u00eame franchise en \u00e9voquant les discussions improbables de G\u00e9raldine avec ses pr\u00e9tendants devant ses alpagas en plein accouplement. \u00ab\u00a0Je n\u2019ai pas compris pourquoi elle avait fait \u00e7a\u00a0: elle a m\u00eame retard\u00e9 les accouplements pour qu\u2019ils aient lieu pendant le s\u00e9jour \u00e0 la ferme. Je pense que pour elle, c\u2019\u00e9tait important de montrer la r\u00e9alit\u00e9 de son travail \u00e0 ses pr\u00e9tendants mais elle n\u2019a pas mesur\u00e9 la port\u00e9e de cette sc\u00e8ne sur le public\u00a0\u00bb.<\/p>\n","protected":false},"excerpt":{"rendered":"La saison 2025 de L\u2019Amour est dans le pr\u00e9 a pris fin ce lundi soir avec la diffusion,&hellip;\n","protected":false},"author":2,"featured_media":572937,"comment_status":"","ping_status":"","sticky":false,"template":"","format":"standard","meta":{"footnotes":""},"categories":[1586],"tags":[11,1777,674,1779,1011,27,12,25,1778,364],"class_list":{"0":"post-572936","1":"post","2":"type-post","3":"status-publish","4":"format-standard","5":"has-post-thumbnail","7":"category-europe","8":"tag-actualites","9":"tag-eu","10":"tag-europe","11":"tag-european-union","12":"tag-fr","13":"tag-france","14":"tag-news","15":"tag-republique-francaise","16":"tag-ue","17":"tag-union-europeenne"},"share_on_mastodon":{"url":"https:\/\/pubeurope.com\/@fr\/115649532755119752","error":""},"_links":{"self":[{"href":"https:\/\/www.europesays.com\/fr\/wp-json\/wp\/v2\/posts\/572936","targetHints":{"allow":["GET"]}}],"collection":[{"href":"https:\/\/www.europesays.com\/fr\/wp-json\/wp\/v2\/posts"}],"about":[{"href":"https:\/\/www.europesays.com\/fr\/wp-json\/wp\/v2\/types\/post"}],"author":[{"embeddable":true,"href":"https:\/\/www.europesays.com\/fr\/wp-json\/wp\/v2\/users\/2"}],"replies":[{"embeddable":true,"href":"https:\/\/www.europesays.com\/fr\/wp-json\/wp\/v2\/comments?post=572936"}],"version-history":[{"count":0,"href":"https:\/\/www.europesays.com\/fr\/wp-json\/wp\/v2\/posts\/572936\/revisions"}],"wp:featuredmedia":[{"embeddable":true,"href":"https:\/\/www.europesays.com\/fr\/wp-json\/wp\/v2\/media\/572937"}],"wp:attachment":[{"href":"https:\/\/www.europesays.com\/fr\/wp-json\/wp\/v2\/media?parent=572936"}],"wp:term":[{"taxonomy":"category","embeddable":true,"href":"https:\/\/www.europesays.com\/fr\/wp-json\/wp\/v2\/categories?post=572936"},{"taxonomy":"post_tag","embeddable":true,"href":"https:\/\/www.europesays.com\/fr\/wp-json\/wp\/v2\/tags?post=572936"}],"curies":[{"name":"wp","href":"https:\/\/api.w.org\/{rel}","templated":true}]}}