{"id":572940,"date":"2025-12-02T10:37:13","date_gmt":"2025-12-02T10:37:13","guid":{"rendered":"https:\/\/www.europesays.com\/fr\/572940\/"},"modified":"2025-12-02T10:37:13","modified_gmt":"2025-12-02T10:37:13","slug":"le-jeune-homme-retrouve-mort-sur-un-parking-aurait-ete-percute-par-un-vehicule-puis-traine-au-sol","status":"publish","type":"post","link":"https:\/\/www.europesays.com\/fr\/572940\/","title":{"rendered":"Le jeune homme retrouv\u00e9 mort sur un parking aurait \u00e9t\u00e9 percut\u00e9 par un v\u00e9hicule puis tra\u00een\u00e9 au sol"},"content":{"rendered":"<p>Les circonstances du d\u00e9c\u00e8s semblent se pr\u00e9ciser. Dans la nuit de vendredi \u00e0 samedi, <a href=\"https:\/\/www.20minutes.fr\/faits_divers\/4188732-20251129-brest-enquete-ouverte-meurtre-apres-decouverte-corps-homme-20-ans\" class=\"c-link c-link--is-underlined\" target=\"_blank\" rel=\"noopener\">un jeune homme de 24 ans a \u00e9t\u00e9 retrouv\u00e9 mort<\/a> sur un parking du parc Stang-Alar \u00e0 Brest (Finist\u00e8re) avec d\u2019importantes blessures sur le corps.<\/p>\n<p>L\u2019autopsie r\u00e9alis\u00e9e lundi a permis de r\u00e9v\u00e9ler de nombreuses l\u00e9sions, \u00ab\u00a0notamment au niveau du cr\u00e2ne, outre des ecchymoses et \u00e9rosions cutan\u00e9es multiples\u00a0\u00bb, pr\u00e9cise dans communiqu\u00e9 St\u00e9phane Kellenberger, procureur de la R\u00e9publique <a href=\"https:\/\/www.20minutes.fr\/dossier\/brest\" class=\"c-link c-link--is-underlined\" target=\"_blank\" rel=\"noopener\">de Brest<\/a>. \u00ab\u00a0Ces constatations tendaient \u00e0 corroborer l\u2019hypoth\u00e8se suivant laquelle le jeune homme avait \u00e9t\u00e9 percut\u00e9 par un v\u00e9hicule, puis tra\u00een\u00e9 au sol\u00a0\u00bb, pr\u00e9cise-t-il.<\/p>\n<p>Trois nouvelles gardes \u00e0 vue en cours<\/p>\n<p>La nuit du drame, des gendarmes avaient \u00e9t\u00e9 appel\u00e9s par le voisinage qui s\u2019\u00e9tait plaint d\u2019un groupe de jeunes gens, apparemment bruyants et alcoolis\u00e9es, qui avait \u00e9t\u00e9 rappel\u00e9 \u00e0 l\u2019ordre. Le corps du jeune homme avait \u00e9t\u00e9 d\u00e9couvert par un usager du parking aux environs de minuit.<\/p>\n<p>Apr\u00e8s l\u2019ouverture d\u2019une enqu\u00eate <a href=\"https:\/\/www.20minutes.fr\/dossier\/meurtre\" class=\"c-link c-link--is-underlined\" target=\"_blank\" rel=\"noopener\">pour meurtre<\/a>, deux membres du groupe de jeunes avaient dans un premier temps \u00e9t\u00e9 plac\u00e9s en garde \u00e0 vue avant d\u2019\u00eatre remis en libert\u00e9 samedi soir. Selon le parquet de Brest, trois nouvelles personnes ont \u00e9t\u00e9 plac\u00e9es en garde \u00e0 vue lundi soir.<\/p>\n","protected":false},"excerpt":{"rendered":"Les circonstances du d\u00e9c\u00e8s semblent se pr\u00e9ciser. Dans la nuit de vendredi \u00e0 samedi, un jeune homme de&hellip;\n","protected":false},"author":2,"featured_media":572941,"comment_status":"","ping_status":"","sticky":false,"template":"","format":"standard","meta":{"footnotes":""},"categories":[2],"tags":[47,11,3450,829,1067,118,3321,1011,27,3381,777,12,25],"class_list":{"0":"post-572940","1":"post","2":"type-post","3":"status-publish","4":"format-standard","5":"has-post-thumbnail","7":"category-actualites","8":"tag-actualite","9":"tag-actualites","10":"tag-brest","11":"tag-bretagne","12":"tag-enquete","13":"tag-faits-divers","14":"tag-finistere","15":"tag-fr","16":"tag-france","17":"tag-gendarmerie","18":"tag-meurtre","19":"tag-news","20":"tag-republique-francaise"},"share_on_mastodon":{"url":"https:\/\/pubeurope.com\/@fr\/115649540530907471","error":""},"_links":{"self":[{"href":"https:\/\/www.europesays.com\/fr\/wp-json\/wp\/v2\/posts\/572940","targetHints":{"allow":["GET"]}}],"collection":[{"href":"https:\/\/www.europesays.com\/fr\/wp-json\/wp\/v2\/posts"}],"about":[{"href":"https:\/\/www.europesays.com\/fr\/wp-json\/wp\/v2\/types\/post"}],"author":[{"embeddable":true,"href":"https:\/\/www.europesays.com\/fr\/wp-json\/wp\/v2\/users\/2"}],"replies":[{"embeddable":true,"href":"https:\/\/www.europesays.com\/fr\/wp-json\/wp\/v2\/comments?post=572940"}],"version-history":[{"count":0,"href":"https:\/\/www.europesays.com\/fr\/wp-json\/wp\/v2\/posts\/572940\/revisions"}],"wp:featuredmedia":[{"embeddable":true,"href":"https:\/\/www.europesays.com\/fr\/wp-json\/wp\/v2\/media\/572941"}],"wp:attachment":[{"href":"https:\/\/www.europesays.com\/fr\/wp-json\/wp\/v2\/media?parent=572940"}],"wp:term":[{"taxonomy":"category","embeddable":true,"href":"https:\/\/www.europesays.com\/fr\/wp-json\/wp\/v2\/categories?post=572940"},{"taxonomy":"post_tag","embeddable":true,"href":"https:\/\/www.europesays.com\/fr\/wp-json\/wp\/v2\/tags?post=572940"}],"curies":[{"name":"wp","href":"https:\/\/api.w.org\/{rel}","templated":true}]}}