{"id":572944,"date":"2025-12-02T10:39:10","date_gmt":"2025-12-02T10:39:10","guid":{"rendered":"https:\/\/www.europesays.com\/fr\/572944\/"},"modified":"2025-12-02T10:39:10","modified_gmt":"2025-12-02T10:39:10","slug":"les-parties-de-golf-de-donald-trump-vont-couter-cher-aux-americains-environ-300-millions-de-dollars","status":"publish","type":"post","link":"https:\/\/www.europesays.com\/fr\/572944\/","title":{"rendered":"Les parties de golf de Donald Trump vont co\u00fbter cher aux Am\u00e9ricains, environ 300\u00a0millions de dollars"},"content":{"rendered":"<p>Donald Trump va co\u00fbter cher, tr\u00e8s cher aux contribuables am\u00e9ricains\u2026 en parties de golf. <a href=\"https:\/\/www.20minutes.fr\/sport\/golf\/4176462-20251001-ryder-cup-2025-chambre-equipe-europeenne-trump-repond-montre-beau-joueur-tout-fout-camp\" class=\"c-link c-link--is-underlined\" target=\"_blank\" rel=\"noopener\">Grand passionn\u00e9, le pr\u00e9sident am\u00e9ricain<\/a> aurait d\u00e9j\u00e0 co\u00fbt\u00e9 70,8\u00a0millions de dollars depuis le d\u00e9but de son deuxi\u00e8me mandat en janvier\u00a02025 <a href=\"https:\/\/www.huffpost.com\/entry\/trump-golf-300-million_n_69271f3ce4b00aca68d3d689\" rel=\"nofollow noopener\" target=\"_blank\" class=\"c-link c-link--is-underlined\">selon une enqu\u00eate du Huff Post<\/a>. La projection sur l\u2019ensemble du mandat n\u2019est pas glorieuse et devrait quant \u00e0 elle d\u00e9passer les 300\u00a0millions de dollars.<\/p>\n<p>Rien qu\u2019au mois de novembre, Trump s\u2019est d\u00e9plac\u00e9 quatre fois dans sa r\u00e9sidence de Mar-a-Lago, en Floride, \u00e0 proximit\u00e9 de laquelle se trouvent ses parcours de golf. Chaque d\u00e9placement \u00e9tant estim\u00e9 \u00e0 3,4\u00a0millions de dollars, il suffirait que le pr\u00e9sident des Etats-Unis se d\u00e9place deux fois au mois de d\u00e9cembre pour que son budget annuel 2025 d\u00e9passe les 75\u00a0millions de dollars, ce qui a donc de grandes chances d\u2019arriver.<\/p>\n<\/p>\n<p>Les vols de Trump \u00e0 bord d\u2019Air Force One co\u00fbtent tr\u00e8s cher<\/p>\n<p>Si la note est aussi sal\u00e9e, c\u2019est que <a href=\"https:\/\/www.20minutes.fr\/dossier\/donald_trump\" class=\"c-link c-link--is-underlined\" target=\"_blank\" rel=\"noopener\">Donald Trump<\/a> se d\u00e9place \u00e0 bord d\u2019Air Force One et que l\u2019avion pr\u00e9sidentiel co\u00fbte 273.063 de l\u2019heure de vol. Facture \u00e0 laquelle il faut ajouter les co\u00fbts li\u00e9s \u00e0 la s\u00e9curit\u00e9, entre patrouilles arm\u00e9es et navires de la garde c\u00f4ti\u00e8re. Au total, <a href=\"https:\/\/trumpgolftrack.com\/\" rel=\"nofollow noopener\" target=\"_blank\" class=\"c-link c-link--is-underlined\">Trump aurait pass\u00e9 12\u00a0% de son temps en tant que pr\u00e9sident<\/a> \u00e0 jouer au golf, ce qu\u2019il avait promis de ne pas faire avant sa premi\u00e8re \u00e9lection. \u00ab\u00a0Je veux juste rester \u00e0 la Maison-Blanche et travailler comme un forcen\u00e9\u00a0\u00bb, d\u00e9clarait-il \u00e0 l\u2019\u00e9poque. Il avait rompu sa promesse d\u00e8s les premiers jours de son mandat.<\/p>\n","protected":false},"excerpt":{"rendered":"Donald Trump va co\u00fbter cher, tr\u00e8s cher aux contribuables am\u00e9ricains\u2026 en parties de golf. Grand passionn\u00e9, le pr\u00e9sident&hellip;\n","protected":false},"author":2,"featured_media":572945,"comment_status":"","ping_status":"","sticky":false,"template":"","format":"standard","meta":{"footnotes":""},"categories":[1418],"tags":[75,73,1011,27,1472,4919,517,60],"class_list":{"0":"post-572944","1":"post","2":"type-post","3":"status-publish","4":"format-standard","5":"has-post-thumbnail","7":"category-golf","8":"tag-donald-trump","9":"tag-etats-unis","10":"tag-fr","11":"tag-france","12":"tag-golf","13":"tag-president","14":"tag-sport","15":"tag-sports"},"share_on_mastodon":{"url":"https:\/\/pubeurope.com\/@fr\/115649548315230443","error":""},"_links":{"self":[{"href":"https:\/\/www.europesays.com\/fr\/wp-json\/wp\/v2\/posts\/572944","targetHints":{"allow":["GET"]}}],"collection":[{"href":"https:\/\/www.europesays.com\/fr\/wp-json\/wp\/v2\/posts"}],"about":[{"href":"https:\/\/www.europesays.com\/fr\/wp-json\/wp\/v2\/types\/post"}],"author":[{"embeddable":true,"href":"https:\/\/www.europesays.com\/fr\/wp-json\/wp\/v2\/users\/2"}],"replies":[{"embeddable":true,"href":"https:\/\/www.europesays.com\/fr\/wp-json\/wp\/v2\/comments?post=572944"}],"version-history":[{"count":0,"href":"https:\/\/www.europesays.com\/fr\/wp-json\/wp\/v2\/posts\/572944\/revisions"}],"wp:featuredmedia":[{"embeddable":true,"href":"https:\/\/www.europesays.com\/fr\/wp-json\/wp\/v2\/media\/572945"}],"wp:attachment":[{"href":"https:\/\/www.europesays.com\/fr\/wp-json\/wp\/v2\/media?parent=572944"}],"wp:term":[{"taxonomy":"category","embeddable":true,"href":"https:\/\/www.europesays.com\/fr\/wp-json\/wp\/v2\/categories?post=572944"},{"taxonomy":"post_tag","embeddable":true,"href":"https:\/\/www.europesays.com\/fr\/wp-json\/wp\/v2\/tags?post=572944"}],"curies":[{"name":"wp","href":"https:\/\/api.w.org\/{rel}","templated":true}]}}