{"id":572946,"date":"2025-12-02T10:41:11","date_gmt":"2025-12-02T10:41:11","guid":{"rendered":"https:\/\/www.europesays.com\/fr\/572946\/"},"modified":"2025-12-02T10:41:11","modified_gmt":"2025-12-02T10:41:11","slug":"nouveau-coup-dur-pour-laviron","status":"publish","type":"post","link":"https:\/\/www.europesays.com\/fr\/572946\/","title":{"rendered":"Nouveau coup dur pour l&rsquo;Aviron&#8230;"},"content":{"rendered":"<p><strong>D\u00e9j\u00e0 priv\u00e9 de Maxime Machenaud,<br \/>\nBayonne a perdu ce week-end un autre de ses demis de m\u00eal\u00e9e.<br \/>\nDurement bless\u00e9 \u00e0 la cheville gauche samedi lors de la victoire<br \/>\nface au LOU, Baptiste Germain sera absent deux mois.<\/strong><\/p>\n<p>L\u2019Aviron terminera l\u2019ann\u00e9e 2025 avec deux seuls demis de m\u00eal\u00e9e.<br \/>\nD\u00e9j\u00e0 priv\u00e9 pour un long moment de Maxime Machenaud, victime d\u2019une<br \/>\nrupture des ligaments crois\u00e9s du genou droit, d\u2019une entorse du<br \/>\nligament lat\u00e9ral interne ainsi que d\u2019une entorse d\u2019une cheville,<br \/>\nune (grave) blessure contract\u00e9e en octobre dernier lors du<br \/>\nd\u00e9placement \u00e0 Pau, Bayonne va maintenant devoir se passer de<br \/>\nBaptiste Germain (25 ans).<\/p>\n<p>Durement touch\u00e9 \u00e0 la cheville gauche samedi dernier lors de la<br \/>\nvictoire dans la douleur des Basques \u00e0 domicile face au LOU (22-20)<br \/>\nsur un plaquage du deuxi\u00e8me ligne lyonnais Killian Geraci, le jeune<br \/>\nnum\u00e9ro 9 tr\u00e8s prometteur de l\u2019Aviron avait quitt\u00e9 la pelouse du<br \/>\nstade Jean-Dauger en pleurs et en boitant.<\/p>\n<p>Conduit ensuite \u00e0 l\u2019h\u00f4pital, le futur Clermontois (NDLR : En fin<br \/>\nde contrat, l\u2019ex-international fran\u00e7ais U20) avait pass\u00e9 dans la<br \/>\nfoul\u00e9e des examens qui s\u2019\u00e9taient montr\u00e9 rassurant dans le sens o\u00f9<br \/>\nl\u2019ancien Toulousain avait vite \u00e9t\u00e9 soulag\u00e9 d\u2019apprendre qu\u2019il ne<br \/>\nsouffrait d\u2019aucune fracture.<\/p>\n<p><strong>Un joker m\u00e9dical pour<br \/>\nremplacer Germain ?<\/strong><\/p>\n<p>En revanche, l\u2019IRM en question a tout de m\u00eame r\u00e9v\u00e9l\u00e9 une grosse<br \/>\nentorse. Germain, apparu \u00e0 sept reprises depuis le d\u00e9but de la<br \/>\nsaison (pour six titularisations et quatre essais) et qui venait de<br \/>\nd\u00e9buter les cinq derniers matchs de son \u00e9quipe, sera en effet<br \/>\nabsent pendant au moins deux mois (huit \u00e0 dix semaines tr\u00e8s<br \/>\nexactement).<\/p>\n<p>Un nouveau coup dur pour le 5e du classement et son entra\u00eeneur<br \/>\nGr\u00e9gory Patat, qui vont devoir passer l\u2019ann\u00e9e et poursuivre la<br \/>\nsaison avec uniquement deux demis de m\u00eal\u00e9e disponibles : le<br \/>\nSud-Africain Herschel Jantjies et le grand espoir fran\u00e7ais Baptiste<br \/>\nTilloles, novice \u00e0 ce niveau n\u00e9anmoins.<\/p>\n<p>L\u2019Aviron, qui se retrouverait en grande difficult\u00e9 en cas de<br \/>\nblessure de l\u2019un des deux hommes, pourrait toutefois d\u00e9cider<br \/>\nd\u2019enr\u00f4ler un renfort qui rejoindrait Bayonne en qualit\u00e9 de joker<br \/>\nm\u00e9dical. Dans cette optique, les dirigeants basques peuvent<br \/>\nuniquement envisager de faire appel \u00e0 un JIFF (joueur issu des<br \/>\nfili\u00e8res formation). Facile \u00e0 dire, beaucoup moins \u00e0 faire.<\/p>\n","protected":false},"excerpt":{"rendered":"D\u00e9j\u00e0 priv\u00e9 de Maxime Machenaud, Bayonne a perdu ce week-end un autre de ses demis de m\u00eal\u00e9e. Durement&hellip;\n","protected":false},"author":2,"featured_media":572947,"comment_status":"","ping_status":"","sticky":false,"template":"","format":"standard","meta":{"footnotes":""},"categories":[1416],"tags":[1011,27,479,1468,57681,60],"class_list":{"0":"post-572946","1":"post","2":"type-post","3":"status-publish","4":"format-standard","5":"has-post-thumbnail","7":"category-rugby","8":"tag-fr","9":"tag-france","10":"tag-rugby","11":"tag-rugby-football","12":"tag-sport365-fr","13":"tag-sports"},"share_on_mastodon":{"url":"https:\/\/pubeurope.com\/@fr\/115649556291606996","error":""},"_links":{"self":[{"href":"https:\/\/www.europesays.com\/fr\/wp-json\/wp\/v2\/posts\/572946","targetHints":{"allow":["GET"]}}],"collection":[{"href":"https:\/\/www.europesays.com\/fr\/wp-json\/wp\/v2\/posts"}],"about":[{"href":"https:\/\/www.europesays.com\/fr\/wp-json\/wp\/v2\/types\/post"}],"author":[{"embeddable":true,"href":"https:\/\/www.europesays.com\/fr\/wp-json\/wp\/v2\/users\/2"}],"replies":[{"embeddable":true,"href":"https:\/\/www.europesays.com\/fr\/wp-json\/wp\/v2\/comments?post=572946"}],"version-history":[{"count":0,"href":"https:\/\/www.europesays.com\/fr\/wp-json\/wp\/v2\/posts\/572946\/revisions"}],"wp:featuredmedia":[{"embeddable":true,"href":"https:\/\/www.europesays.com\/fr\/wp-json\/wp\/v2\/media\/572947"}],"wp:attachment":[{"href":"https:\/\/www.europesays.com\/fr\/wp-json\/wp\/v2\/media?parent=572946"}],"wp:term":[{"taxonomy":"category","embeddable":true,"href":"https:\/\/www.europesays.com\/fr\/wp-json\/wp\/v2\/categories?post=572946"},{"taxonomy":"post_tag","embeddable":true,"href":"https:\/\/www.europesays.com\/fr\/wp-json\/wp\/v2\/tags?post=572946"}],"curies":[{"name":"wp","href":"https:\/\/api.w.org\/{rel}","templated":true}]}}