{"id":572949,"date":"2025-12-02T10:46:12","date_gmt":"2025-12-02T10:46:12","guid":{"rendered":"https:\/\/www.europesays.com\/fr\/572949\/"},"modified":"2025-12-02T10:46:12","modified_gmt":"2025-12-02T10:46:12","slug":"une-equipe-belge-pour-sten-van-gucht-actualite","status":"publish","type":"post","link":"https:\/\/www.europesays.com\/fr\/572949\/","title":{"rendered":"Une \u00e9quipe belge pour Sten Van Gucht &#8211; Actualit\u00e9"},"content":{"rendered":"<p>Apr\u00e8s neuf ann\u00e9es avec une licence en France, au VC Vaulx-en-Velin, au VC Villefranche Beaujolais et \u00e0 Bourg-en-Bresse Ain Cyclisme,\u00a0<strong><a href=\"https:\/\/www.directvelo.com\/coureur\/9057\/sten-van-gucht\" target=\"_blank\" rel=\"noopener\">Sten Van Gucht<\/a><\/strong> a sign\u00e9 dans un club belge pour la saison 2026. Le coureur de 33 ans s\u2019est engag\u00e9 avec l\u2019\u00e9quipe <strong><a href=\"https:\/\/www.directvelo.com\/equipe\/9676\/dls-invigo\" target=\"_blank\" rel=\"noopener\">DLS-Invigo<\/a><\/strong>.<\/p>\n<p>Depuis la fin de la saison 2023, Sten Van Gucht a fortement lev\u00e9 le pied. Ce qui ne l\u2019avait pas emp\u00each\u00e9 de finir 8e du Grand Prix de Sin-le-Noble en 2024.<\/p>\n<p>Cette saison, il a surtout particip\u00e9 \u00e0 des courses en Belgique. Il a notamment obtenu la 3e place lors du Championnat de Belgique du contre-la-montre des \u00c9lites sans contrat et la 5e lors du Championnat \u00c9lite 2. En France, il a termin\u00e9 6e du Prix des C\u00f4tes des Cr\u00eates Pr\u00e9ardennaises.<\/p>\n<p>\u201cMa saison va \u00eatre comparable avec celle de cette ann\u00e9e, avec quelques kermesses, peut-\u00eatre un peu de gravel et puis le Championnat de Belgique de chrono comme objectif principal\u201d, pr\u00e9cise-t-il \u00e0 DirectVelo.<\/p>\n<p>Retrouvez toutes les mutations de l&rsquo;intersaison\u00a0<a href=\"https:\/\/www.directvelo.com\/mutations\/2026#amateur-dn2\" target=\"_blank\" rel=\"noopener\"><strong>en cliquant ici<\/strong><\/a>.\u00a0<\/p>\n","protected":false},"excerpt":{"rendered":"Apr\u00e8s neuf ann\u00e9es avec une licence en France, au VC Vaulx-en-Velin, au VC Villefranche Beaujolais et \u00e0 Bourg-en-Bresse&hellip;\n","protected":false},"author":2,"featured_media":572950,"comment_status":"","ping_status":"","sticky":false,"template":"","format":"standard","meta":{"footnotes":""},"categories":[1411],"tags":[834,828,836,829,837,827,83,826,824,823,1154,207,814,817,815,816,822,821,832,211,839,1011,27,820,818,819,835,831,830,833,838,60,212,208,825],"class_list":{"0":"post-572949","1":"post","2":"type-post","3":"status-publish","4":"format-standard","5":"has-post-thumbnail","7":"category-cyclisme","8":"tag-attaque","9":"tag-belgique","10":"tag-braquet","11":"tag-bretagne","12":"tag-chute","13":"tag-competition","14":"tag-coupe-de-france","15":"tag-coureur","16":"tag-course-cyclisme","17":"tag-course-cycliste","18":"tag-cycling","19":"tag-cyclisme","20":"tag-direct","21":"tag-direct-velo","22":"tag-directvelo","23":"tag-directvelo-com","24":"tag-epreuve","25":"tag-epreuve-cycliste","26":"tag-federation-francaise-de-cyclisme","27":"tag-ffc","28":"tag-flandres","29":"tag-fr","30":"tag-france","31":"tag-live","32":"tag-live-course","33":"tag-live-epreuve","34":"tag-peloton","35":"tag-radio-peloton","36":"tag-radio-tour","37":"tag-ravitaillement","38":"tag-relance","39":"tag-sports","40":"tag-uci","41":"tag-velo","42":"tag-velos"},"share_on_mastodon":{"url":"https:\/\/pubeurope.com\/@fr\/115649576034723202","error":""},"_links":{"self":[{"href":"https:\/\/www.europesays.com\/fr\/wp-json\/wp\/v2\/posts\/572949","targetHints":{"allow":["GET"]}}],"collection":[{"href":"https:\/\/www.europesays.com\/fr\/wp-json\/wp\/v2\/posts"}],"about":[{"href":"https:\/\/www.europesays.com\/fr\/wp-json\/wp\/v2\/types\/post"}],"author":[{"embeddable":true,"href":"https:\/\/www.europesays.com\/fr\/wp-json\/wp\/v2\/users\/2"}],"replies":[{"embeddable":true,"href":"https:\/\/www.europesays.com\/fr\/wp-json\/wp\/v2\/comments?post=572949"}],"version-history":[{"count":0,"href":"https:\/\/www.europesays.com\/fr\/wp-json\/wp\/v2\/posts\/572949\/revisions"}],"wp:featuredmedia":[{"embeddable":true,"href":"https:\/\/www.europesays.com\/fr\/wp-json\/wp\/v2\/media\/572950"}],"wp:attachment":[{"href":"https:\/\/www.europesays.com\/fr\/wp-json\/wp\/v2\/media?parent=572949"}],"wp:term":[{"taxonomy":"category","embeddable":true,"href":"https:\/\/www.europesays.com\/fr\/wp-json\/wp\/v2\/categories?post=572949"},{"taxonomy":"post_tag","embeddable":true,"href":"https:\/\/www.europesays.com\/fr\/wp-json\/wp\/v2\/tags?post=572949"}],"curies":[{"name":"wp","href":"https:\/\/api.w.org\/{rel}","templated":true}]}}