{"id":57295,"date":"2025-04-27T17:16:10","date_gmt":"2025-04-27T17:16:10","guid":{"rendered":"https:\/\/www.europesays.com\/fr\/57295\/"},"modified":"2025-04-27T17:16:10","modified_gmt":"2025-04-27T17:16:10","slug":"lunion-des-commercants-ecrit-aux-elus-pour-attenuer-le-desastre","status":"publish","type":"post","link":"https:\/\/www.europesays.com\/fr\/57295\/","title":{"rendered":"l\u2019Union des commer\u00e7ants \u00e9crit aux \u00e9lus pour att\u00e9nuer le \u00ab\u00a0d\u00e9sastre\u00a0\u00bb"},"content":{"rendered":"<p>Baroud d\u2019honneur ou \u00e9ni\u00e8me coup de pression pour faire bouger les choses\u00a0?<\/p>\n<p>En adressant un courrier en recommand\u00e9 ces derniers jours \u00e0 la M\u00e9tropole et \u00e0 la Ville de Lyon ainsi qu\u2019\u00e0 la mairie du 8e, dont Le Progr\u00e8s a eu connaissance, Gwena\u00ebl Belbeoch montre au moins qu\u2019il ne l\u00e2che rien. Le pr\u00e9sident de l\u2019Union des commer\u00e7ants et artisans de Monplaisir n\u2019a de cesse de d\u00e9noncer depuis trois ans et le d\u00e9but des travaux, le fond et la forme employ\u00e9s par le Grand Lyon et la municipalit\u00e9 pour mettre en \u0153uvre son projet de requalification de l\u2019avenue des Fr\u00e8res-Lumi\u00e8re. Et tous les changements, \u00e0 ses yeux n\u00e9gatifs, que cela am\u00e8ne dans le quartier pour ses habitants et les automobilistes.<\/p>\n<p>Des caisses connect\u00e9es qui parlent<\/p>\n<p>\u00ab\u00a0Ce projet est un d\u00e9sastre e <a href=\"https:\/\/www.leprogres.fr\/economie\/2022\/03\/04\/requalification-avenue-des-freres-lumiere-les-commercants-inquiets\" target=\"_blank\" rel=\"nofollow noopener\">t les concertations avec les commer\u00e7ants<\/a> une vaste blague\u00a0\u00bb, l\u00e2che-t-il sans nuances. L\u2019association qui compte une petite centaine d\u2019adh\u00e9rents sur un peu moins de 200 commerces que&#8230;<\/p>\n","protected":false},"excerpt":{"rendered":"Baroud d\u2019honneur ou \u00e9ni\u00e8me coup de pression pour faire bouger les choses\u00a0? En adressant un courrier en recommand\u00e9&hellip;\n","protected":false},"author":2,"featured_media":57296,"comment_status":"","ping_status":"","sticky":false,"template":"","format":"standard","meta":{"footnotes":""},"categories":[1889],"tags":[1111,11,2430,3542,4406,33,2757,1777,674,1011,27,2428,2756,12,25,2429,2803],"class_list":{"0":"post-57295","1":"post","2":"type-post","3":"status-publish","4":"format-standard","5":"has-post-thumbnail","7":"category-lyon","8":"tag-actu","9":"tag-actualites","10":"tag-auvergne-rhone-alpes","11":"tag-circulation","12":"tag-commerce-et-services","13":"tag-economie","14":"tag-edition-lyon-villeurbanne","15":"tag-eu","16":"tag-europe","17":"tag-fr","18":"tag-france","19":"tag-lyon","20":"tag-lyon-bassin","21":"tag-news","22":"tag-republique-francaise","23":"tag-rhone","24":"tag-transport"},"share_on_mastodon":{"url":"https:\/\/pubeurope.com\/@fr\/114411063416836012","error":""},"_links":{"self":[{"href":"https:\/\/www.europesays.com\/fr\/wp-json\/wp\/v2\/posts\/57295","targetHints":{"allow":["GET"]}}],"collection":[{"href":"https:\/\/www.europesays.com\/fr\/wp-json\/wp\/v2\/posts"}],"about":[{"href":"https:\/\/www.europesays.com\/fr\/wp-json\/wp\/v2\/types\/post"}],"author":[{"embeddable":true,"href":"https:\/\/www.europesays.com\/fr\/wp-json\/wp\/v2\/users\/2"}],"replies":[{"embeddable":true,"href":"https:\/\/www.europesays.com\/fr\/wp-json\/wp\/v2\/comments?post=57295"}],"version-history":[{"count":0,"href":"https:\/\/www.europesays.com\/fr\/wp-json\/wp\/v2\/posts\/57295\/revisions"}],"wp:featuredmedia":[{"embeddable":true,"href":"https:\/\/www.europesays.com\/fr\/wp-json\/wp\/v2\/media\/57296"}],"wp:attachment":[{"href":"https:\/\/www.europesays.com\/fr\/wp-json\/wp\/v2\/media?parent=57295"}],"wp:term":[{"taxonomy":"category","embeddable":true,"href":"https:\/\/www.europesays.com\/fr\/wp-json\/wp\/v2\/categories?post=57295"},{"taxonomy":"post_tag","embeddable":true,"href":"https:\/\/www.europesays.com\/fr\/wp-json\/wp\/v2\/tags?post=57295"}],"curies":[{"name":"wp","href":"https:\/\/api.w.org\/{rel}","templated":true}]}}