{"id":572951,"date":"2025-12-02T10:47:12","date_gmt":"2025-12-02T10:47:12","guid":{"rendered":"https:\/\/www.europesays.com\/fr\/572951\/"},"modified":"2025-12-02T10:47:12","modified_gmt":"2025-12-02T10:47:12","slug":"tfc-on-na-pas-peur-de-les-faire-jouer-comment-la-jeunesse-toulousaine-a-renverse-lom","status":"publish","type":"post","link":"https:\/\/www.europesays.com\/fr\/572951\/","title":{"rendered":"TFC\u00a0: \u00ab\u00a0On n\u2019a pas peur de les faire jouer\u00a0\u00bb! Comment la jeunesse toulousaine a renvers\u00e9 l\u2019OM"},"content":{"rendered":"<p>\n                                                                    l&rsquo;essentiel<br \/>\n                                                                En l\u2019absence de plusieurs joueurs, le TFC, d\u00e9j\u00e0 l\u2019un des effectifs les moins exp\u00e9riment\u00e9s de Ligue 1, a r\u00e9ussi \u00e0 mettre l\u2019OM en \u00e9chec avec une \u00e9quipe particuli\u00e8rement jeune.\n                            <\/p>\n<p>Prime \u00e0 la jeunesse. Samedi, le TFC a ramen\u00e9 un point de son d\u00e9placement \u00e0 Marseille (2-2), gr\u00e2ce \u00e0 une \u00e9quipe particuli\u00e8rement jeune. Au coup de sifflet final, la moyenne d\u2019\u00e2ge des Toulousains sur la pelouse \u00e9tait de 23,1 ans. Elle \u00e9tait un peu plus \u00e9lev\u00e9e au coup d\u2019envoi, avec notamment la pr\u00e9sence de Djibril Sidib\u00e9 (33 ans), le joueur le plus \u00e2g\u00e9 de l\u2019effectif, mais aussi Alexis Vossah (17 ans), Dayann (Methalie (19 ans) et Guillaume Restes (20 ans), les trois joueurs form\u00e9s au club \u00e0 \u00eatre titulaires au V\u00e9lodrome.<\/p>\n<p class=\"std-elt__inline\">\n        <strong>\u00c0 lire aussi :<\/strong><br \/>\n        <a href=\"https:\/\/www.ladepeche.fr\/2025\/11\/30\/om-tfc-medhi-benatia-enrage-apres-le-match-le-directeur-du-football-de-lom-tweete-et-declenche-la-polemique-13082051.php\" target=\"_blank\" rel=\"noopener\">OM-TFC\u00a0: Medhi Benatia enrage apr\u00e8s le match, le directeur du football de l\u2019OM tweete et d\u00e9clenche la pol\u00e9mique<\/a>\n    <\/p>\n<p>Priv\u00e9 de Yann Gboho (25 ans), Mario Sauer (21 ans), Niklas Schmidt (27 ans) et Francis Abu (24 ans), Carles Martinez Novell avait peu d\u2019options, mais l\u2019ancien formateur au FC Barcelone a dans son ADN de faire confiance aux jeunes joueurs, quand c\u2019est le bon moment. \u00ab\u00a0\u00c0 Toulouse, on n\u2019a pas peur de faire jouer les jeunes\u00a0\u00bb, clame l\u2019entra\u00eeneur toulousain.\u00a0Et si la jeunesse de l\u2019effectif toulousain (23,8 ans de moyenne, la quatri\u00e8me plus basse en Ligue 1 derri\u00e8re le PSG, Auxerre et Strasbourg) est en partie une r\u00e9sultante de la politique de l\u2019actionnaire RedBird Capital Partners, notamment pour r\u00e9duire les co\u00fbts \u00e0 l\u2019achat et maximiser les gains \u00e0 la revente, elle est aussi le fruit du bon travail du centre de formation du TFC depuis plusieurs saisons. Mais ne va pas sans risques. \u00ab\u00a0Mes premiers changements (au V\u00e9lodrome) sont Alexis Vossah et Dayann Methalie, qui sont tr\u00e8s jeunes, qui avaient laiss\u00e9 beaucoup d\u2019\u00e9nergie sur le terrain et \u00e9taient tr\u00e8s fatigu\u00e9s\u00a0\u00bb explique Martinez Novell.<\/p>\n<p class=\"std-elt__inline\">\n        <strong>\u00c0 lire aussi :<\/strong><br \/>\n        <a href=\"https:\/\/www.ladepeche.fr\/2025\/11\/30\/video-om-tfc-pas-acceptable-incomprehensible-un-champion-du-monde-98-se-paie-les-marseillais-apres-le-nul-concede-face-aux-violets-13082779.php\" target=\"_blank\" rel=\"noopener\">VIDEO. OM-TFC\u00a0: \u00ab\u00a0pas acceptable\u00a0\u00bb, \u00ab\u00a0incompr\u00e9hensible\u00a0\u00bb\u2026 Un champion du monde 98 se paie les Marseillais apr\u00e8s le nul conc\u00e9d\u00e9 face aux Violets<\/a>\n    <\/p>\n<p>Le Catalan a fait ses cinq changements, lan\u00e7ant notamment Vignolo (18 ans), Noah Edjouma (20 ans) et Santiago Hidalgo (20 ans). Ce dernier a marqu\u00e9, inscrivant le deuxi\u00e8me but des Violets\u00a0apr\u00e8s l\u2019ouverture du score d\u2019Emersonn (21 ans). Une belle r\u00e9compense pour la jeunesse toulousaine.<\/p>\n","protected":false},"excerpt":{"rendered":"l&rsquo;essentiel En l\u2019absence de plusieurs joueurs, le TFC, d\u00e9j\u00e0 l\u2019un des effectifs les moins exp\u00e9riment\u00e9s de Ligue 1,&hellip;\n","protected":false},"author":2,"featured_media":572952,"comment_status":"","ping_status":"","sticky":false,"template":"","format":"standard","meta":{"footnotes":""},"categories":[1410],"tags":[63,1011,27,60],"class_list":{"0":"post-572951","1":"post","2":"type-post","3":"status-publish","4":"format-standard","5":"has-post-thumbnail","7":"category-football","8":"tag-football","9":"tag-fr","10":"tag-france","11":"tag-sports"},"share_on_mastodon":{"url":"https:\/\/pubeurope.com\/@fr\/115649579977749138","error":""},"_links":{"self":[{"href":"https:\/\/www.europesays.com\/fr\/wp-json\/wp\/v2\/posts\/572951","targetHints":{"allow":["GET"]}}],"collection":[{"href":"https:\/\/www.europesays.com\/fr\/wp-json\/wp\/v2\/posts"}],"about":[{"href":"https:\/\/www.europesays.com\/fr\/wp-json\/wp\/v2\/types\/post"}],"author":[{"embeddable":true,"href":"https:\/\/www.europesays.com\/fr\/wp-json\/wp\/v2\/users\/2"}],"replies":[{"embeddable":true,"href":"https:\/\/www.europesays.com\/fr\/wp-json\/wp\/v2\/comments?post=572951"}],"version-history":[{"count":0,"href":"https:\/\/www.europesays.com\/fr\/wp-json\/wp\/v2\/posts\/572951\/revisions"}],"wp:featuredmedia":[{"embeddable":true,"href":"https:\/\/www.europesays.com\/fr\/wp-json\/wp\/v2\/media\/572952"}],"wp:attachment":[{"href":"https:\/\/www.europesays.com\/fr\/wp-json\/wp\/v2\/media?parent=572951"}],"wp:term":[{"taxonomy":"category","embeddable":true,"href":"https:\/\/www.europesays.com\/fr\/wp-json\/wp\/v2\/categories?post=572951"},{"taxonomy":"post_tag","embeddable":true,"href":"https:\/\/www.europesays.com\/fr\/wp-json\/wp\/v2\/tags?post=572951"}],"curies":[{"name":"wp","href":"https:\/\/api.w.org\/{rel}","templated":true}]}}