{"id":572957,"date":"2025-12-02T10:52:21","date_gmt":"2025-12-02T10:52:21","guid":{"rendered":"https:\/\/www.europesays.com\/fr\/572957\/"},"modified":"2025-12-02T10:52:21","modified_gmt":"2025-12-02T10:52:21","slug":"jai-failli-faire-un-malaise","status":"publish","type":"post","link":"https:\/\/www.europesays.com\/fr\/572957\/","title":{"rendered":"j&rsquo;ai failli faire un malaise"},"content":{"rendered":"<p><strong>Sensation d&rsquo;\u00e9touffement<\/strong>. En 2024, <a href=\"https:\/\/www.journaldesfemmes.fr\/people\/personnalites\/2638673-catherine-lara-amour-femmes-muriel-robin-moustaki-barbara\/\" title=\"Catherine Lara\" target=\"_blank\" rel=\"noopener\">Catherine Lara<\/a> a particip\u00e9 \u00e0 l&rsquo;\u00e9mission Mask Singer mais elle n&rsquo;en garde pas un tr\u00e8s bon souvenir ! \u00ab\u00a0C&rsquo;\u00e9tait dur. J&rsquo;ai souffert parce que j&rsquo;ai une tendance claustrophobe (&#8230;)J&rsquo;avais une sorte de t\u00eate monstrueuse de L\u00e9murien, qui \u00e9tait super bien faite (&#8230;) Mais dedans, il faisait \u00e0 peu pr\u00e8s, je sais pas, 102\u00a0degr\u00e9s \u00e0 l&rsquo;ombre et j&rsquo;avais install\u00e9 des ventilos sur le c\u00f4t\u00e9 (&#8230;) On ne peut pas bouger, j&rsquo;ai quand m\u00eame failli avoir un malaise\u00a0!\u00a0\u00bb, a confi\u00e9 sur RTL la chanteuse de 80 ans qui a donc \u00e9t\u00e9 soulag\u00e9e d&rsquo;\u00eatre \u00e9limin\u00e9e lors du 2e \u00e9pisode.<\/p>\n","protected":false},"excerpt":{"rendered":"Sensation d&rsquo;\u00e9touffement. En 2024, Catherine Lara a particip\u00e9 \u00e0 l&rsquo;\u00e9mission Mask Singer mais elle n&rsquo;en garde pas un&hellip;\n","protected":false},"author":2,"featured_media":572958,"comment_status":"","ping_status":"","sticky":false,"template":"","format":"standard","meta":{"footnotes":""},"categories":[1356],"tags":[68736,68735,51761,58,59,52292,1011,27,51766,1031,252,1364],"class_list":{"0":"post-572957","1":"post","2":"type-post","3":"status-publish","4":"format-standard","5":"has-post-thumbnail","7":"category-television","8":"tag-catherine-lara","9":"tag-cms-journaldesfemmes-3249042","10":"tag-controller-content","11":"tag-divertissement","12":"tag-entertainment","13":"tag-format-reportage","14":"tag-fr","15":"tag-france","16":"tag-les-histoires-du-jdf","17":"tag-magazine","18":"tag-television","19":"tag-tv"},"share_on_mastodon":{"url":"https:\/\/pubeurope.com\/@fr\/115649599570866153","error":""},"_links":{"self":[{"href":"https:\/\/www.europesays.com\/fr\/wp-json\/wp\/v2\/posts\/572957","targetHints":{"allow":["GET"]}}],"collection":[{"href":"https:\/\/www.europesays.com\/fr\/wp-json\/wp\/v2\/posts"}],"about":[{"href":"https:\/\/www.europesays.com\/fr\/wp-json\/wp\/v2\/types\/post"}],"author":[{"embeddable":true,"href":"https:\/\/www.europesays.com\/fr\/wp-json\/wp\/v2\/users\/2"}],"replies":[{"embeddable":true,"href":"https:\/\/www.europesays.com\/fr\/wp-json\/wp\/v2\/comments?post=572957"}],"version-history":[{"count":0,"href":"https:\/\/www.europesays.com\/fr\/wp-json\/wp\/v2\/posts\/572957\/revisions"}],"wp:featuredmedia":[{"embeddable":true,"href":"https:\/\/www.europesays.com\/fr\/wp-json\/wp\/v2\/media\/572958"}],"wp:attachment":[{"href":"https:\/\/www.europesays.com\/fr\/wp-json\/wp\/v2\/media?parent=572957"}],"wp:term":[{"taxonomy":"category","embeddable":true,"href":"https:\/\/www.europesays.com\/fr\/wp-json\/wp\/v2\/categories?post=572957"},{"taxonomy":"post_tag","embeddable":true,"href":"https:\/\/www.europesays.com\/fr\/wp-json\/wp\/v2\/tags?post=572957"}],"curies":[{"name":"wp","href":"https:\/\/api.w.org\/{rel}","templated":true}]}}