{"id":572959,"date":"2025-12-02T10:53:15","date_gmt":"2025-12-02T10:53:15","guid":{"rendered":"https:\/\/www.europesays.com\/fr\/572959\/"},"modified":"2025-12-02T10:53:15","modified_gmt":"2025-12-02T10:53:15","slug":"sa-sublime-longere-solognote-a-romorantin-lanthenay-ou-il-possede-un-grand-parc","status":"publish","type":"post","link":"https:\/\/www.europesays.com\/fr\/572959\/","title":{"rendered":"sa sublime long\u00e8re solognote \u00e0 Romorantin-Lanthenay, o\u00f9 il poss\u00e8de un grand parc"},"content":{"rendered":"<p>Grand amoureux <a href=\"https:\/\/www.lejournaldelamaison.fr\/le-journal-de-la-maison\/nouveautes\/tendances\/paul-belmondo-somptueuse-villa-caraibes-489129.html\" target=\"_blank\" rel=\"noopener\"><br \/>\ndes Antilles<\/a>, et plus particuli\u00e8rement de la Martinique o\u00f9 il<br \/>\nest n\u00e9 et dont il chante r\u00e9guli\u00e8rement les louanges, Philippe Lavil<br \/>\na \u00e9galement des attaches en m\u00e9tropole. Et plus particuli\u00e8rement en<br \/>\nSologne, dans le village de Romorantin-Lanthenay, o\u00f9 il poss\u00e8de une<br \/>\nmaison.<\/p>\n<p>Philippe Lavil : son paradis en Sologne<\/p>\n<p>C\u00a0\u00bbest \u00e0 l&rsquo;\u00e2ge de 17 ans que le chanteur a pos\u00e9 ses valises en<br \/>\nSologne, dans le sillage de sa famille. Tout de suite, il tombe<br \/>\namoureux de <strong>cette r\u00e9gion r\u00e9put\u00e9e pour ses for\u00eats et ses<br \/>\n\u00e9tangs magnifiques<\/strong>. En 1976, ses parents ach\u00e8tent<br \/>\n<strong>une long\u00e8re dans le Loir-et-Cher<\/strong>, pr\u00e8s de<br \/>\n<strong>Romorantin-Lanthenay<\/strong>, qui deviendra leur r\u00e9sidence<br \/>\nprincipale. Philippe y d\u00e9couvre tous les plaisirs que la nature a \u00e0<br \/>\noffrir, \u00e0 savoir la cueillette de champignons, \u00ab\u00a0des omelettes<br \/>\nou po\u00eal\u00e9es de c\u00e8pes\u00a0\u00bb, ou bien encore la r\u00e9confortante tasse de<br \/>\nth\u00e9 devant le feu de chemin\u00e9e.<\/p>\n<p>Aupr\u00e8s de Notre Temps, l&rsquo;artiste se souvient de cette<br \/>\n\u00e9poque avec une certaine nostalgie : \u00ab\u00a0Il y avait toujours du<br \/>\nmonde, des grandes tabl\u00e9es. <strong>Au fil des ann\u00e9es, la Sologne<br \/>\nest devenue ma terre d&rsquo;attache.<\/strong>\u00a0\u00bb Une terre qu&rsquo;il<br \/>\ncultive toujours aujourd&rsquo;hui, puisqu&rsquo;il entretient avec entrain la<br \/>\nmaison familiale.<\/p>\n<p>Philippe Lavil : ses occupations en Sologne<\/p>\n<p>Dans le domaine de <a href=\"https:\/\/www.lejournaldelamaison.fr\/le-journal-de-la-maison\/avant-apres\/renovation-longere-avant-apres-355208.html\" target=\"_blank\" rel=\"noopener\"><br \/>\nsa long\u00e8re solognote<\/a>, le chanteur a un lieu qu&rsquo;il appr\u00e9cie<br \/>\nparticuli\u00e8rement pour se ressourcer : \u00ab <strong>Sous un tr\u00e8s<br \/>\nbeau peuplier situ\u00e9 dans le parc de notre maison<\/strong>, c&rsquo;est un<br \/>\narbre apaisant et r\u00e9g\u00e9n\u00e9rant, id\u00e9al pour une sieste r\u00e9paratrice<br \/>\n! \u00bb. De mani\u00e8re g\u00e9n\u00e9rale, c&rsquo;est vraiment l&rsquo;amour de la nature<br \/>\nqui guide l&rsquo;interpr\u00e8te de Il tape sur les<br \/>\nbambous\u00a0(son plus grand tube). Il l&rsquo;avoue lui-m\u00eame \u00e0<br \/>\nLa Nouvelle R\u00e9publique, si la Sologne est dans son c\u0153ur,<br \/>\nc&rsquo;est principalement \u00ab <strong>pour ses \u00e9tangs, ses sentiers<br \/>\nsous bois, ses for\u00eats magnifiques<\/strong>. Le plaisir de croiser<br \/>\nde grands animaux, de d\u00e9couvrir des traces laiss\u00e9es par les<br \/>\nsangliers. \u00bb<\/p>\n<p>Au sujet de sa r\u00e9gion pr\u00e9f\u00e9r\u00e9e, Philippe Lavil \u00e9met un souhait :<br \/>\n\u00ab\u00a0Qu&rsquo;elle reste accueillante et pr\u00e9serve le plus possible<br \/>\nson authenticit\u00e9. Surtout, qu\u2019elle ne perde pas son<br \/>\n\u00e2me.\u00a0\u00bb<\/p>\n<blockquote class=\"instagram-media\" style=\"background: #ffffff;border: 0;margin: 1px;width: 100%;padding: 0;max-width: 500px;\" data-instgrm-permalink=\"https:\/\/www.instagram.com\/p\/CrnDPm8IdQI\/\" data-instgrm-version=\"14\"\/><p>\nPhilippe Lavil : les autres endroits o\u00f9<br \/>\nil vit<\/p>\n<p>Si l&rsquo;artiste a un coup de c\u0153ur pour sa maison du Loir-et-Cher,<br \/>\nl&rsquo;artiste se sent aussi chez lui dans d&rsquo;autres endroits. Comme il<br \/>\nle r\u00e9v\u00e8le au Journal des Femmes, il poss\u00e8de <a href=\"https:\/\/www.lejournaldelamaison.fr\/le-journal-de-la-maison\/reportages-maisons\/maisons-reportages-maisons\/mort-thierry-ardisson-garconniere-paris-478498.html\" target=\"_blank\" rel=\"noopener\"><br \/>\n<strong>une gar\u00e7onni\u00e8re \u00e0 Paris<\/strong><\/a>, \u00ab avec mes<br \/>\nguitares accroch\u00e9es au mur et le four dans le carton depuis<br \/>\n2\u00a0ans\u2026 Je vis au jour le jour. \u00bb Sans oublier la<br \/>\nMartinique, \u00e9videmment.<\/p>\n<p><script async src=\"\/\/www.instagram.com\/embed.js\"><\/script><\/p>\n","protected":false},"excerpt":{"rendered":"Grand amoureux des Antilles, et plus particuli\u00e8rement de la Martinique o\u00f9 il est n\u00e9 et dont il chante&hellip;\n","protected":false},"author":2,"featured_media":572960,"comment_status":"","ping_status":"","sticky":false,"template":"","format":"standard","meta":{"footnotes":""},"categories":[1355],"tags":[13041,68739,42980,58,59,932,1011,27,2515,3707,4743,68742,68737,17390,22636,1361,873,10650,153,6284,68743,68741,10649,68738,68740,13537,4505,9066],"class_list":{"0":"post-572959","1":"post","2":"type-post","3":"status-publish","4":"format-standard","5":"has-post-thumbnail","7":"category-musique","8":"tag-a","9":"tag-dattache","10":"tag-devenue","11":"tag-divertissement","12":"tag-entertainment","13":"tag-est","14":"tag-fr","15":"tag-france","16":"tag-grand","17":"tag-il","18":"tag-la","19":"tag-lanthenay","20":"tag-lavil","21":"tag-longere","22":"tag-ma","23":"tag-music","24":"tag-musique","25":"tag-ou","26":"tag-parc","27":"tag-philippe","28":"tag-possede","29":"tag-romorantin","30":"tag-sa","31":"tag-sologne","32":"tag-solognote","33":"tag-sublime","34":"tag-terre","35":"tag-un"},"share_on_mastodon":{"url":"https:\/\/pubeurope.com\/@fr\/115649603540189154","error":""},"_links":{"self":[{"href":"https:\/\/www.europesays.com\/fr\/wp-json\/wp\/v2\/posts\/572959","targetHints":{"allow":["GET"]}}],"collection":[{"href":"https:\/\/www.europesays.com\/fr\/wp-json\/wp\/v2\/posts"}],"about":[{"href":"https:\/\/www.europesays.com\/fr\/wp-json\/wp\/v2\/types\/post"}],"author":[{"embeddable":true,"href":"https:\/\/www.europesays.com\/fr\/wp-json\/wp\/v2\/users\/2"}],"replies":[{"embeddable":true,"href":"https:\/\/www.europesays.com\/fr\/wp-json\/wp\/v2\/comments?post=572959"}],"version-history":[{"count":0,"href":"https:\/\/www.europesays.com\/fr\/wp-json\/wp\/v2\/posts\/572959\/revisions"}],"wp:featuredmedia":[{"embeddable":true,"href":"https:\/\/www.europesays.com\/fr\/wp-json\/wp\/v2\/media\/572960"}],"wp:attachment":[{"href":"https:\/\/www.europesays.com\/fr\/wp-json\/wp\/v2\/media?parent=572959"}],"wp:term":[{"taxonomy":"category","embeddable":true,"href":"https:\/\/www.europesays.com\/fr\/wp-json\/wp\/v2\/categories?post=572959"},{"taxonomy":"post_tag","embeddable":true,"href":"https:\/\/www.europesays.com\/fr\/wp-json\/wp\/v2\/tags?post=572959"}],"curies":[{"name":"wp","href":"https:\/\/api.w.org\/{rel}","templated":true}]}}