{"id":572968,"date":"2025-12-02T10:58:11","date_gmt":"2025-12-02T10:58:11","guid":{"rendered":"https:\/\/www.europesays.com\/fr\/572968\/"},"modified":"2025-12-02T10:58:11","modified_gmt":"2025-12-02T10:58:11","slug":"voici-la-vraie-raison-pour-laquelle-les-prix-des-voitures-augmentent-en-europe-on-vous-explique-avec-les-alfa-romeo-quadrifoglio-italpassion","status":"publish","type":"post","link":"https:\/\/www.europesays.com\/fr\/572968\/","title":{"rendered":"Voici la vraie raison pour laquelle les prix des voitures augmentent en Europe : on vous explique avec les Alfa Romeo Quadrifoglio &#8211; ItalPassion"},"content":{"rendered":"<ol>\n<li><a href=\"https:\/\/news.google.com\/rss\/articles\/CBMi-wFBVV95cUxQT2lMbXoxa2tDSWRaQ3U0VFVJSkZhVHNvbW55NVlCdnlwa2lEN3lfa29HbUZ5SzZTR0ZsUHc4Nks0RFE5QW9tSEVXakF6VzVSYTlrSGhiQjZ6MjAySnF2a3JGaGk5dVJtU2c5aWdOeXlvdUtuSkQ3SnNCWDVVdU5rZTg2NjNqNkg2My1zcUd2MXR5aHJrSXctSnZXZk5VQnhZcG9wYUtMUXRzZVV0cnNoaE5LRFJiWDFfaWxHRXoyWDU3bXY3ZS1BUldHbGZUR1JnR09BVnNxQl9ITjBTM1B0VHloRnY2LVd1RDFCUEpwTFdUSEhWOUstQmpxOA?oc=5\" target=\"_blank\" rel=\"noopener\">Voici la vraie raison pour laquelle les prix des voitures augmentent en Europe : on vous explique avec les Alfa Romeo Quadrifoglio<\/a>&nbsp;&nbsp;ItalPassion<\/li>\n<li><a href=\"https:\/\/news.google.com\/rss\/articles\/CBMie0FVX3lxTFBpQ3lGUHVsamM4T0VlNzdwZVp6UGc0Tm1zRWVfeDNrbHVsOWlCU2Z6UVVoWGNGVy05UjZTc1RlX25OUklwdm0zQlVfSlJoUTY3NERSS25ad2h5aVVUYV9lWU5LMXVQd3FNMVRqYU1jY1VuQnAxVUlMU2hrRQ?oc=5\" target=\"_blank\" rel=\"noopener\">Alfa Romeo pr\u00e9sente les Giulia et Stelvio Quadrifoglio Collezione<\/a>&nbsp;&nbsp;Motor1.com France<\/li>\n<li><a href=\"https:\/\/news.google.com\/rss\/articles\/CBMigAFBVV95cUxOLVNKemtlazRsOEJaNzRpUHJZbjdSVkhEankyakJsNXh2dlJ4LVNRX2I1R1J0S3pyUWFPbTNaMGhKWmI5aUdPOUtrRG1wU3NQek1IM2o2U0cwcDNGeUo0VzczTmk0UTdoRGxjbVNlSVgxNGNZMFQ3UV84UVZjVzdLQg?oc=5\" target=\"_blank\" rel=\"noopener\">Les Alfa Romeo Giulia et Stelvio Quadrifoglio n\u2019ont pas dit leur dernier mot !<\/a>&nbsp;&nbsp;Auto Moto<\/li>\n<li><a href=\"https:\/\/news.google.com\/rss\/articles\/CBMi6wFBVV95cUxQZmxIRjJraVltdDhVMlRyQy0tVmFQT3lPOFVpNHNxdWhsNjA0MURUOTBIVlVQd2NzaktCQ0dERGZyUnBlVU1fenFsbGpMd2tPQVF2WUZqcnMwb3EyNF9YS0p1TTlaemZ1WFRfMFoyS3RkS1pvb29tYkxzajRRS1RLcmR2ZXoyYkF2ZGZjTnBtYjFsR0dBWG5Yc1cwSW53VFQtaGtDclFpdkRWcWcwZE1GZ3R1TWJaRDhGa29rV2dlVDVpVkdvd0ZUZlBjdGU2WThETXlmaGtpN3FRS2JhSktySy1JVzBLOE96dHNJ?oc=5\" target=\"_blank\" rel=\"noopener\">Alfa Romeo Giulia et Stelvio Quadrifoglio Collezione : 520 ch de V6 biturbo pour les derniers r\u00e9sistants du thermique<\/a>&nbsp;&nbsp;monautoneuve.fr<\/li>\n<li><a href=\"https:\/\/news.google.com\/rss\/articles\/CBMi3gFBVV95cUxQRmRRcldxZEU5TV9rTmFiXzJza24weTRXZ3UwZlZTRFl3WmdWODdFclR4OGl0Z1FmWG5MYkhDdU1qYzNzMl84ZmoybHgtZjhJQmViZHdXendhck15MWtNVWFXbG1yV0VkeV9BZVo5OHlwTWx3MHptN25pdE0zRV9qM3BSSmR1bHRVeXFsaG95Y3VmOWJZQ2sxMWVjT3JpdkVCUk12bVdEZ1lGZHM5WUV0a1hWdnpuZmdnbWVSeUloYXlEMmllcXBkbDJyMEZYSHd3WkllbUZjRVhBTFFZTWc?oc=5\" target=\"_blank\" rel=\"noopener\">Alfa Romeo d\u00e9voile ses nouvelles \u00e9ditions limit\u00e9es, Giulia &amp; Stelvio Quadrifoglio Collezione<\/a>&nbsp;&nbsp;Stellantis.com<\/li>\n<\/ol>\n","protected":false},"excerpt":{"rendered":"Voici la vraie raison pour laquelle les prix des voitures augmentent en Europe : on vous explique avec&hellip;\n","protected":false},"author":2,"featured_media":395849,"comment_status":"","ping_status":"","sticky":false,"template":"","format":"standard","meta":{"footnotes":""},"categories":[7],"tags":[1011,27,43,40,41,39,42,44],"class_list":{"0":"post-572968","1":"post","2":"type-post","3":"status-publish","4":"format-standard","5":"has-post-thumbnail","7":"category-sciences-et-technologies","8":"tag-fr","9":"tag-france","10":"tag-science","11":"tag-science-and-technology","12":"tag-sciences","13":"tag-sciences-et-technologies","14":"tag-technologies","15":"tag-technology"},"share_on_mastodon":{"url":"https:\/\/pubeurope.com\/@fr\/115649623152776201","error":""},"_links":{"self":[{"href":"https:\/\/www.europesays.com\/fr\/wp-json\/wp\/v2\/posts\/572968","targetHints":{"allow":["GET"]}}],"collection":[{"href":"https:\/\/www.europesays.com\/fr\/wp-json\/wp\/v2\/posts"}],"about":[{"href":"https:\/\/www.europesays.com\/fr\/wp-json\/wp\/v2\/types\/post"}],"author":[{"embeddable":true,"href":"https:\/\/www.europesays.com\/fr\/wp-json\/wp\/v2\/users\/2"}],"replies":[{"embeddable":true,"href":"https:\/\/www.europesays.com\/fr\/wp-json\/wp\/v2\/comments?post=572968"}],"version-history":[{"count":0,"href":"https:\/\/www.europesays.com\/fr\/wp-json\/wp\/v2\/posts\/572968\/revisions"}],"wp:featuredmedia":[{"embeddable":true,"href":"https:\/\/www.europesays.com\/fr\/wp-json\/wp\/v2\/media\/395849"}],"wp:attachment":[{"href":"https:\/\/www.europesays.com\/fr\/wp-json\/wp\/v2\/media?parent=572968"}],"wp:term":[{"taxonomy":"category","embeddable":true,"href":"https:\/\/www.europesays.com\/fr\/wp-json\/wp\/v2\/categories?post=572968"},{"taxonomy":"post_tag","embeddable":true,"href":"https:\/\/www.europesays.com\/fr\/wp-json\/wp\/v2\/tags?post=572968"}],"curies":[{"name":"wp","href":"https:\/\/api.w.org\/{rel}","templated":true}]}}