{"id":572969,"date":"2025-12-02T10:59:13","date_gmt":"2025-12-02T10:59:13","guid":{"rendered":"https:\/\/www.europesays.com\/fr\/572969\/"},"modified":"2025-12-02T10:59:13","modified_gmt":"2025-12-02T10:59:13","slug":"prix-des-courses-le-riz-va-couter-moins-cher-mais-la-viande-hachee-et-le-cafe-vont-augmenter-les-premieres-tendances-pour-2026","status":"publish","type":"post","link":"https:\/\/www.europesays.com\/fr\/572969\/","title":{"rendered":"Prix des courses\u00a0: le riz va co\u00fbter moins cher mais la viande hach\u00e9e et le caf\u00e9 vont augmenter\u2026 Les premi\u00e8res tendances pour 2026"},"content":{"rendered":"<p>\n                                                                Les n\u00e9gociations commerciales entre les industriels et la grande distribution ont commenc\u00e9 le 1er\u00a0d\u00e9cembre 2025 et de premi\u00e8res tendances se d\u00e9gagent. En 2026, le riz risque de co\u00fbter moins cher, l\u00e0 o\u00f9 d\u2019autres produits tels que le caf\u00e9 et la viande hach\u00e9e vont encore augmenter.\n                            <\/p>\n<p>Va-t-on payer bonbon\u00a0? Les <a href=\"https:\/\/www.midilibre.fr\/2025\/03\/03\/prix-au-supermarche-farine-cafe-jus-dorange-ces-produits-que-vous-allez-payer-plus-ou-moins-cher-en-2025-12546659.php\" target=\"_blank\" rel=\"noopener\">n\u00e9gociations annuelles entre <\/a>industriels et grandes distribution ont d\u00e9but\u00e9 lundi. Elles serviront \u00e0 d\u00e9terminer le prix des courses pour 2026. D\u00e9j\u00e0, rel\u00e8ve <a href=\"https:\/\/www.tf1info.fr\/conso\/video-prix-des-courses-du-riz-cafe-betterave-au-chocolat-quels-aliments-vont-voir-leur-tarif-baisser-ou-augmenter-en-2026-2410158.html\" target=\"_blank\" rel=\"noopener\">TF1 Info<\/a>, de premi\u00e8res tendances se d\u00e9gagent. On fait le point.<\/p>\n<p>\u00c0 la hausse\u00a0: viande hach\u00e9e et petit d\u00e9jeuner<\/p>\n<p>Commen\u00e7ons par les mauvaises nouvelles. Comme c\u2019\u00e9tait le cas les ann\u00e9es pr\u00e9c\u00e9dentes,<a href=\"https:\/\/www.midilibre.fr\/2025\/11\/26\/sa-consommation-chute-depuis-de-nombreuses-annees-les-prix-ont-augmente-de-20-en-un-an-pourquoi-la-viande-bovine-coute-aussi-cher-13075513.php\" target=\"_blank\" rel=\"noopener\"> le prix de\u00a0la viande hach\u00e9e<\/a> devrait augmenter.<\/p>\n<p>M\u00eame chose du c\u00f4t\u00e9 du chocolat et du caf\u00e9, notent nos confr\u00e8res. Leurs prix devraient repartir \u00e0 la hausse l\u2019an prochain.<\/p>\n<p>\u00c0 la baisse\u00a0: riz et sucre<\/p>\n<p>Les r\u00e9coltes de riz ont \u00e9t\u00e9 tr\u00e8s bonnes cette ann\u00e9e. R\u00e9sultat\u00a0: le prix de la c\u00e9r\u00e9ale devrait baisser.<\/p>\n<p>Pour les produits transform\u00e9s, c\u2019est plus difficile d\u2019estimer les tendances. Et pour cause\u00a0: si des mati\u00e8res premi\u00e8res telles que le beurre, le bl\u00e9, farine, et le sucre devraient baisser (les r\u00e9coltes de betteraves \u00e9taient excellentes), les charges, elles, augmentent. Qu\u2019il s\u2019agisse de la main-d\u2019\u0153uvre, du transport, de l\u2019essence ou encore de la maintenance\u2026 Tout co\u00fbte plus cher et cela risque de se r\u00e9percuter jusqu\u2019aux chariots de courses.<\/p>\n","protected":false},"excerpt":{"rendered":"Les n\u00e9gociations commerciales entre les industriels et la grande distribution ont commenc\u00e9 le 1er\u00a0d\u00e9cembre 2025 et de premi\u00e8res&hellip;\n","protected":false},"author":2,"featured_media":572970,"comment_status":"","ping_status":"","sticky":false,"template":"","format":"standard","meta":{"footnotes":""},"categories":[6],"tags":[35,33,34,1011,27],"class_list":{"0":"post-572969","1":"post","2":"type-post","3":"status-publish","4":"format-standard","5":"has-post-thumbnail","7":"category-economie","8":"tag-business","9":"tag-economie","10":"tag-economy","11":"tag-fr","12":"tag-france"},"share_on_mastodon":{"url":"https:\/\/pubeurope.com\/@fr\/115649627047327614","error":""},"_links":{"self":[{"href":"https:\/\/www.europesays.com\/fr\/wp-json\/wp\/v2\/posts\/572969","targetHints":{"allow":["GET"]}}],"collection":[{"href":"https:\/\/www.europesays.com\/fr\/wp-json\/wp\/v2\/posts"}],"about":[{"href":"https:\/\/www.europesays.com\/fr\/wp-json\/wp\/v2\/types\/post"}],"author":[{"embeddable":true,"href":"https:\/\/www.europesays.com\/fr\/wp-json\/wp\/v2\/users\/2"}],"replies":[{"embeddable":true,"href":"https:\/\/www.europesays.com\/fr\/wp-json\/wp\/v2\/comments?post=572969"}],"version-history":[{"count":0,"href":"https:\/\/www.europesays.com\/fr\/wp-json\/wp\/v2\/posts\/572969\/revisions"}],"wp:featuredmedia":[{"embeddable":true,"href":"https:\/\/www.europesays.com\/fr\/wp-json\/wp\/v2\/media\/572970"}],"wp:attachment":[{"href":"https:\/\/www.europesays.com\/fr\/wp-json\/wp\/v2\/media?parent=572969"}],"wp:term":[{"taxonomy":"category","embeddable":true,"href":"https:\/\/www.europesays.com\/fr\/wp-json\/wp\/v2\/categories?post=572969"},{"taxonomy":"post_tag","embeddable":true,"href":"https:\/\/www.europesays.com\/fr\/wp-json\/wp\/v2\/tags?post=572969"}],"curies":[{"name":"wp","href":"https:\/\/api.w.org\/{rel}","templated":true}]}}