{"id":572981,"date":"2025-12-02T11:06:19","date_gmt":"2025-12-02T11:06:19","guid":{"rendered":"https:\/\/www.europesays.com\/fr\/572981\/"},"modified":"2025-12-02T11:06:19","modified_gmt":"2025-12-02T11:06:19","slug":"une-soiree-speciale-pour-soutenir-camille-letang-a-liverdun","status":"publish","type":"post","link":"https:\/\/www.europesays.com\/fr\/572981\/","title":{"rendered":"une soir\u00e9e sp\u00e9ciale pour soutenir Camille L\u2019\u00c9tang \u00e0 Liverdun"},"content":{"rendered":"<p>Ce samedi 6\u00a0d\u00e9cembre, les Liverdunois auront les yeux tourn\u00e9s vers Amiens, \u00e0 l\u2019occasion de la 96e \u00a0\u00e9lection de Miss France, avec l\u2019espoir, de voir une Lorraine ravir la couronne nationale et succ\u00e9der \u00e0 Sophie Thalmann, \u00e9lue Miss France en 1998.<\/p>\n<p>Un moment particulier pour les Liverdunois, qui, le temps d\u2019une soir\u00e9e, deviendront l\u2019\u00e9picentre r\u00e9gional de la beaut\u00e9, repr\u00e9sent\u00e9s par <a href=\"https:\/\/www.estrepublicain.fr\/culture-loisirs\/2025\/10\/12\/la-meurthe-et-mosellane-caille-l-etang-elue-miss-lorraine\" target=\"_blank\" rel=\"noopener\">Camille L\u2019\u00c9tang, \u00e9lue Miss Lorraine \u00e0 Amn\u00e9ville le 11\u00a0octobre dernier.<\/a><\/p>\n<p>\u00ab\u00a0Une Liverdunoise \u00e0 Miss France, c\u2019est bien la premi\u00e8re fois que l\u2019on voit \u00e7a\u00a0! pr\u00e9cisent les plus anciens. Bien entendu on va regarder, et il faut que tout le monde soutienne Camille\u00a0!\u00a0\u00bb Des soutiens ici et l\u00e0, qui peu \u00e0 peu s\u2019affichent en ville, mais \u00e9galement dans les localit\u00e9s avoisinantes, sur les r\u00e9seaux,\u00a0etc. Des soutiens en nombre, qui n\u2019auront pas tous la possibilit\u00e9 de se rendre \u00e0 Amiens pour soutenir leur favorite mais qui, pour autant, auront la possibilit\u00e9 de se r\u00e9unir au sein de la salle Bianchi.<\/p>\n<p>  Des b\u00e9n\u00e9fices pour les enfants<\/p>\n<p>En effet, <a href=\"https:\/\/www.estrepublicain.fr\/societe\/2025\/12\/01\/camille-l-etang-fait-son-portrait-chinois-avant-l-election-de-miss-france\" target=\"_blank\" rel=\"noopener\">Camille L\u2019\u00c9tang \u00e9tant originaire de Liverdun,<\/a> l\u2019association des Enfants du plateau, en lien avec la d\u00e9l\u00e9gation de Miss Lorraine, a d\u00e9cid\u00e9 d\u2019offrir la diffusion gratuite et en direct de la c\u00e9r\u00e9monie.<\/p>\n<p>\u00ab\u00a0Nous souhaitons avant tout partager un moment convivial, au travers d\u2019un \u00e9v\u00e9nement qui, cette ann\u00e9e, prend une dimension particuli\u00e8re avec la pr\u00e9sence d\u2019une enfant de Liverdun, explique Anne-Laure Schneider, organisatrice. Nos b\u00e9n\u00e9voles proposeront \u00e9galement un point buvette, et l\u2019int\u00e9gralit\u00e9 des b\u00e9n\u00e9fices servira \u00e0 financer du mat\u00e9riel ou des sorties pour les enfants de l\u2019\u00e9cole Provence-Champagne.\u00a0\u00bb<\/p>\n<p>Une soir\u00e9e qui promet un moment \u00ab\u00a0avant tout festif et convivial, avec cette envie de soutenir Camille\u00a0\u00bb, pr\u00e9cisent les organisateurs.<\/p>\n","protected":false},"excerpt":{"rendered":"Ce samedi 6\u00a0d\u00e9cembre, les Liverdunois auront les yeux tourn\u00e9s vers Amiens, \u00e0 l\u2019occasion de la 96e \u00a0\u00e9lection de&hellip;\n","protected":false},"author":2,"featured_media":572982,"comment_status":"","ping_status":"","sticky":false,"template":"","format":"standard","meta":{"footnotes":""},"categories":[9635],"tags":[1111,11,9661,1704,1777,674,1011,27,775,13318,3034,1702,12,25,104],"class_list":{"0":"post-572981","1":"post","2":"type-post","3":"status-publish","4":"format-standard","5":"has-post-thumbnail","7":"category-nancy","8":"tag-actu","9":"tag-actualites","10":"tag-cc-du-bassin-de-pompey-54b1","11":"tag-edition-nancy-et-agglomeration","12":"tag-eu","13":"tag-europe","14":"tag-fr","15":"tag-france","16":"tag-grand-est","17":"tag-liverdun","18":"tag-miss-france","19":"tag-nancy","20":"tag-news","21":"tag-republique-francaise","22":"tag-societe"},"share_on_mastodon":{"url":"https:\/\/pubeurope.com\/@fr\/115649654492453064","error":""},"_links":{"self":[{"href":"https:\/\/www.europesays.com\/fr\/wp-json\/wp\/v2\/posts\/572981","targetHints":{"allow":["GET"]}}],"collection":[{"href":"https:\/\/www.europesays.com\/fr\/wp-json\/wp\/v2\/posts"}],"about":[{"href":"https:\/\/www.europesays.com\/fr\/wp-json\/wp\/v2\/types\/post"}],"author":[{"embeddable":true,"href":"https:\/\/www.europesays.com\/fr\/wp-json\/wp\/v2\/users\/2"}],"replies":[{"embeddable":true,"href":"https:\/\/www.europesays.com\/fr\/wp-json\/wp\/v2\/comments?post=572981"}],"version-history":[{"count":0,"href":"https:\/\/www.europesays.com\/fr\/wp-json\/wp\/v2\/posts\/572981\/revisions"}],"wp:featuredmedia":[{"embeddable":true,"href":"https:\/\/www.europesays.com\/fr\/wp-json\/wp\/v2\/media\/572982"}],"wp:attachment":[{"href":"https:\/\/www.europesays.com\/fr\/wp-json\/wp\/v2\/media?parent=572981"}],"wp:term":[{"taxonomy":"category","embeddable":true,"href":"https:\/\/www.europesays.com\/fr\/wp-json\/wp\/v2\/categories?post=572981"},{"taxonomy":"post_tag","embeddable":true,"href":"https:\/\/www.europesays.com\/fr\/wp-json\/wp\/v2\/tags?post=572981"}],"curies":[{"name":"wp","href":"https:\/\/api.w.org\/{rel}","templated":true}]}}