{"id":572983,"date":"2025-12-02T11:09:00","date_gmt":"2025-12-02T11:09:00","guid":{"rendered":"https:\/\/www.europesays.com\/fr\/572983\/"},"modified":"2025-12-02T11:09:00","modified_gmt":"2025-12-02T11:09:00","slug":"baptiste-valette-ancien-joueur-de-lasnl-juge-pour-viol-aggrave-a-nancy-ce-quil-faut-savoir","status":"publish","type":"post","link":"https:\/\/www.europesays.com\/fr\/572983\/","title":{"rendered":"Baptiste Valette, ancien joueur de l&rsquo;ASNL, jug\u00e9 pour viol aggrav\u00e9 \u00e0 Nancy : ce qu&rsquo;il\u00a0faut\u00a0savoir"},"content":{"rendered":"<p>                    Par<br \/>\n        <strong><br \/>\n            <a href=\"https:\/\/actu.fr\/auteur\/redaction-lorraine\" title=\"Consulter tous les articles de R\u00e9daction Lorraine\" target=\"_blank\" rel=\"noopener\">R\u00e9daction Lorraine<\/a><br \/>\n                    <\/strong><\/p>\n<p>        Publi\u00e9 le<\/p>\n<p>            2 d\u00e9c. 2025 \u00e0 11h40        <\/p>\n<p>L\u2019ancien gardien de but de l\u2019<a href=\"https:\/\/actu.fr\/tag\/asnl\" target=\"_blank\" rel=\"noopener\">AS Nancy Lorraine<\/a>, <a href=\"https:\/\/actu.fr\/grand-est\/nancy_54395\/qui-est-baptiste-valette-gardien-las-nancy-lorraine-soupconne-viol_30224621.html\" target=\"_blank\" rel=\"noopener\">Baptiste Valette<\/a>, 33\u00a0ans, est <strong>jug\u00e9 depuis lundi \u00e0 Nancy par la cour criminelle de Meurthe-et-Moselle pour viol aggrav\u00e9<\/strong>.<\/p>\n<p class=\" wall-content\">Les faits qui lui sont reproch\u00e9s remontent au <strong>15\u00a0d\u00e9cembre 2019<\/strong>. Baptiste Valette, \u00e0 l\u2019\u00e9poque \u00e2g\u00e9 de 27\u00a0ans et gardien du club de football nanc\u00e9ien, est <a href=\"https:\/\/actu.fr\/grand-est\/nancy_54395\/nancy-gardien-lasnl-baptiste-valette-mis-examen-viol_30213910.html\" target=\"_blank\" rel=\"noopener\">accus\u00e9 d\u2019avoir viol\u00e9 une jeune fille de 18\u00a0ans<\/a> \u00e0 la sortie d\u2019une bo\u00eete de nuit situ\u00e9e <a href=\"https:\/\/actu.fr\/tag\/place-stanislas\" target=\"_blank\" rel=\"noopener\">place Stanislas<\/a>, au centre-ville de Nancy.<\/p>\n<p>La plaignante toujours \u00ab\u2009en \u00e9tat de stress post-traumatique\u2009\u00bb<\/p>\n<p class=\" wall-content\">Le joueur \u2013 en \u00e9tat d\u2019\u00e9bri\u00e9t\u00e9 au moment des faits \u2013 \u00e9voque, de son c\u00f4t\u00e9, <strong>un rapport \u00ab\u2009consenti\u2009\u00bb<\/strong>. Il a expliqu\u00e9 qu\u2019il n\u2019avait pas donn\u00e9 son vrai nom \u00e0 la jeune fille parce qu\u2019il \u00e9tait \u00ab\u2009connu\u2009\u00bb et qu\u2019il l\u2019avait emmen\u00e9e sur une terrasse \u00ab\u2009\u00e0 l\u2019abri des regards\u2009\u00bb en raison de sa situation professionnelle et personnelle \u2013 il \u00e9tait mari\u00e9.<\/p>\n<p class=\" wall-content\">Les experts qui ont examin\u00e9 la plaignante, deux ans apr\u00e8s les faits, estiment qu\u2019<strong>elle est \u00ab\u2009toujours en \u00e9tat de stress post-traumatique\u2009\u00bb<\/strong>.<\/p>\n<p class=\" wall-content\">Selon les experts, de son c\u00f4t\u00e9, Baptiste Valette semble \u00ab\u2009\u00eatre pass\u00e9 \u00e0 autre chose\u2009\u00bb et <strong>\u00ab\u2009ne semble pas mesurer la gravit\u00e9 des faits reproch\u00e9s\u2009\u00bb<\/strong>.<\/p>\n<p>Le gardien de but risque 20\u00a0ans de r\u00e9clusion criminelle<\/p>\n<p class=\" wall-content\">Depuis sa mise en examen, le footballeur est <strong>sous contr\u00f4le judiciaire<\/strong>. Parti de Nancy en 2022, Baptiste Valette a depuis jou\u00e9 \u00e0 Cholet, Sochaux puis Grasse, o\u00f9 il est actuellement en poste.<\/p>\n<p class=\" wall-content\"><strong>Il encourt jusqu\u2019\u00e0 20\u00a0ans de r\u00e9clusion criminelle<\/strong>. Son proc\u00e8s est pr\u00e9vu pour durer trois jours et doit s\u2019achever mercredi.<\/p>\n<p class=\" wall-content\"><strong>Avec AFP<\/strong><\/p>\n<p class=\" wall-content\">Personnalisez votre actualit\u00e9 en ajoutant vos villes et m\u00e9dias en favori avec <a href=\"https:\/\/moncompte.actu.fr\" title=\"D\u00e9couvez Mon Actu\" rel=\"nofollow noopener\" data-trk=\"{&quot;cta&quot;:{&quot;action&quot;:&quot;https:\\\/\\\/moncompte.actu.fr&quot;,&quot;category&quot;:&quot;mon compte&quot;,&quot;from&quot;:&quot;article footer&quot;,&quot;name&quot;:&quot;Mon actu&quot;,&quot;type&quot;:&quot;cta&quot;}}\" target=\"_blank\">Mon Actu<\/a>.<\/p>\n","protected":false},"excerpt":{"rendered":"Par R\u00e9daction Lorraine Publi\u00e9 le 2 d\u00e9c. 2025 \u00e0 11h40 L\u2019ancien gardien de but de l\u2019AS Nancy Lorraine,&hellip;\n","protected":false},"author":2,"featured_media":572984,"comment_status":"","ping_status":"","sticky":false,"template":"","format":"standard","meta":{"footnotes":""},"categories":[9635],"tags":[1111,11,3703,1777,674,118,1011,27,775,303,1702,12,25,799],"class_list":{"0":"post-572983","1":"post","2":"type-post","3":"status-publish","4":"format-standard","5":"has-post-thumbnail","7":"category-nancy","8":"tag-actu","9":"tag-actualites","10":"tag-asnl","11":"tag-eu","12":"tag-europe","13":"tag-faits-divers","14":"tag-fr","15":"tag-france","16":"tag-grand-est","17":"tag-justice","18":"tag-nancy","19":"tag-news","20":"tag-republique-francaise","21":"tag-violences-sexuelles"},"share_on_mastodon":{"url":"https:\/\/pubeurope.com\/@fr\/115649666275972070","error":""},"_links":{"self":[{"href":"https:\/\/www.europesays.com\/fr\/wp-json\/wp\/v2\/posts\/572983","targetHints":{"allow":["GET"]}}],"collection":[{"href":"https:\/\/www.europesays.com\/fr\/wp-json\/wp\/v2\/posts"}],"about":[{"href":"https:\/\/www.europesays.com\/fr\/wp-json\/wp\/v2\/types\/post"}],"author":[{"embeddable":true,"href":"https:\/\/www.europesays.com\/fr\/wp-json\/wp\/v2\/users\/2"}],"replies":[{"embeddable":true,"href":"https:\/\/www.europesays.com\/fr\/wp-json\/wp\/v2\/comments?post=572983"}],"version-history":[{"count":0,"href":"https:\/\/www.europesays.com\/fr\/wp-json\/wp\/v2\/posts\/572983\/revisions"}],"wp:featuredmedia":[{"embeddable":true,"href":"https:\/\/www.europesays.com\/fr\/wp-json\/wp\/v2\/media\/572984"}],"wp:attachment":[{"href":"https:\/\/www.europesays.com\/fr\/wp-json\/wp\/v2\/media?parent=572983"}],"wp:term":[{"taxonomy":"category","embeddable":true,"href":"https:\/\/www.europesays.com\/fr\/wp-json\/wp\/v2\/categories?post=572983"},{"taxonomy":"post_tag","embeddable":true,"href":"https:\/\/www.europesays.com\/fr\/wp-json\/wp\/v2\/tags?post=572983"}],"curies":[{"name":"wp","href":"https:\/\/api.w.org\/{rel}","templated":true}]}}