{"id":572985,"date":"2025-12-02T11:10:28","date_gmt":"2025-12-02T11:10:28","guid":{"rendered":"https:\/\/www.europesays.com\/fr\/572985\/"},"modified":"2025-12-02T11:10:28","modified_gmt":"2025-12-02T11:10:28","slug":"sanary-daniel-guichard-tout-simplement","status":"publish","type":"post","link":"https:\/\/www.europesays.com\/fr\/572985\/","title":{"rendered":"Sanary : Daniel Guichard \u2013 Tout simplement"},"content":{"rendered":"<p>        <a href=\"https:\/\/www.tv83.info\/wp-content\/uploads\/2025\/09\/AFFICHE_concert.jpeg\" data-caption=\"\" target=\"_blank\" rel=\"noopener\"><img loading=\"lazy\" decoding=\"async\" width=\"696\" height=\"984\" class=\"entry-thumb td-modal-image\" src=\"https:\/\/www.europesays.com\/fr\/wp-content\/uploads\/2025\/12\/AFFICHE_concert-696x984.jpeg\"   alt=\"\" title=\"AFFICHE_concert\"\/><\/a><\/p>\n<p><strong>jeudi 11 d\u00e9cembre 2025<\/strong> \u00e0 20h30<br \/>Th\u00e9\u00e2tre Galli<br \/>80 Avenue Raoul Henry<br \/>83110 Sanary-sur-Mer<br \/>T\u00e9l : (+33) 4 94 88 53 90<\/p>\n<p>Daniel Guichard, l\u2019authentique chanteur populaire qui a accompagn\u00e9 plusieurs g\u00e9n\u00e9rations, interpr\u00e9tera ses incontournables chansons empreintes de nostalgie et toujours ancr\u00e9es dans les m\u00e9moires collectives (Mon vieux, Le gitan, La tendresse, Je t\u2019aime, tu vois\u2026) \u00e9motions, souvenirs ou d\u00e9couvertes.<\/p>\n<p>L\u2019artiste reste fid\u00e8le \u00e0 lui-m\u00eame avec sa voix intacte, sa sinc\u00e9rit\u00e9 et son franc-parler. Soyez pr\u00e9sents \u00e0 ces rendez vous uniques de partage en chansons\u2026<\/p>\n<p>Tout simplement !<\/p>\n<p>Tarif plein 51\u20ac<br \/>Abonn\u00e9s &amp; CE 47\u20ac<\/p>\n<p><a href=\"https:\/\/www.restosducoeur.org\/associations-departementales\/les-restos-du-coeur-du-var\/\" target=\"_blank\" rel=\"noopener\"><img decoding=\"async\" style=\"height:70px;width:140px\" src=\"https:\/\/www.europesays.com\/fr\/wp-content\/uploads\/2025\/04\/restos-du-coeur.jpg\"\/><\/a>        <\/p>\n","protected":false},"excerpt":{"rendered":"jeudi 11 d\u00e9cembre 2025 \u00e0 20h30Th\u00e9\u00e2tre Galli80 Avenue Raoul Henry83110 Sanary-sur-MerT\u00e9l : (+33) 4 94 88 53 90&hellip;\n","protected":false},"author":2,"featured_media":572986,"comment_status":"","ping_status":"","sticky":false,"template":"","format":"standard","meta":{"footnotes":""},"categories":[9619],"tags":[1111,11,1777,674,1011,27,12,882,25,2310],"class_list":{"0":"post-572985","1":"post","2":"type-post","3":"status-publish","4":"format-standard","5":"has-post-thumbnail","7":"category-toulon","8":"tag-actu","9":"tag-actualites","10":"tag-eu","11":"tag-europe","12":"tag-fr","13":"tag-france","14":"tag-news","15":"tag-provence-alpes-cote-dazur","16":"tag-republique-francaise","17":"tag-toulon"},"share_on_mastodon":{"url":"https:\/\/pubeurope.com\/@fr\/115649671308075178","error":""},"_links":{"self":[{"href":"https:\/\/www.europesays.com\/fr\/wp-json\/wp\/v2\/posts\/572985","targetHints":{"allow":["GET"]}}],"collection":[{"href":"https:\/\/www.europesays.com\/fr\/wp-json\/wp\/v2\/posts"}],"about":[{"href":"https:\/\/www.europesays.com\/fr\/wp-json\/wp\/v2\/types\/post"}],"author":[{"embeddable":true,"href":"https:\/\/www.europesays.com\/fr\/wp-json\/wp\/v2\/users\/2"}],"replies":[{"embeddable":true,"href":"https:\/\/www.europesays.com\/fr\/wp-json\/wp\/v2\/comments?post=572985"}],"version-history":[{"count":0,"href":"https:\/\/www.europesays.com\/fr\/wp-json\/wp\/v2\/posts\/572985\/revisions"}],"wp:featuredmedia":[{"embeddable":true,"href":"https:\/\/www.europesays.com\/fr\/wp-json\/wp\/v2\/media\/572986"}],"wp:attachment":[{"href":"https:\/\/www.europesays.com\/fr\/wp-json\/wp\/v2\/media?parent=572985"}],"wp:term":[{"taxonomy":"category","embeddable":true,"href":"https:\/\/www.europesays.com\/fr\/wp-json\/wp\/v2\/categories?post=572985"},{"taxonomy":"post_tag","embeddable":true,"href":"https:\/\/www.europesays.com\/fr\/wp-json\/wp\/v2\/tags?post=572985"}],"curies":[{"name":"wp","href":"https:\/\/api.w.org\/{rel}","templated":true}]}}