{"id":572987,"date":"2025-12-02T11:11:26","date_gmt":"2025-12-02T11:11:26","guid":{"rendered":"https:\/\/www.europesays.com\/fr\/572987\/"},"modified":"2025-12-02T11:11:26","modified_gmt":"2025-12-02T11:11:26","slug":"mobilisation-du-2-decembre-a-quoi-sattendre-en-provence","status":"publish","type":"post","link":"https:\/\/www.europesays.com\/fr\/572987\/","title":{"rendered":"Mobilisation du 2 d\u00e9cembre\u00a0: \u00e0 quoi s&rsquo;attendre en Provence\u00a0?"},"content":{"rendered":"<p>Une journ\u00e9e d&rsquo;action syndicale se d\u00e9roule ce mardi 2 d\u00e9cembre \u00e0 l&rsquo;appel de trois syndicats (CGT, FSU et Solidaires). Les transports et les \u00e9tablissements scolaires seront impact\u00e9s en Provence. Plusieurs rassemblements sont annonc\u00e9s, notamment \u00e0 Marseille et Toulon. <\/p>\n<p><strong>Trois syndicats<\/strong> (CGT, FSU et Solidaires) appellent \u00e0 descendre dans la rue ce mardi 2 d\u00e9cembre. Une mobilisation \u00ab\u00a0pour les salaires\u00a0\u00bb et \u00ab\u00a0la justice sociale\u00a0\u00bb, indiquent les organisations syndicales.<\/p>\n<p>Ces trois syndicat r\u00e9clament des moyens \u00ab\u00a0pour nos services publics, pour nos emplois, pour nos retraites, pour un autre budget, pour nos salaires, pour la justice, pour nos industries, pour la culture\u00a0\u00bb\u00a0et se disent contre le\u00a0budget 2026. L&rsquo;objectif est bien de <strong>peser sur les discussions budg\u00e9taires<\/strong>, l&rsquo;intersyndicale affirmant que le projet de budget aurait pour cons\u00e9quence la suppression de postes dans la fonction publique, un gel des salaires des agents et une baisse des moyens dans plusieurs secteurs (sant\u00e9, \u00e9ducation, culture\u2026).<\/p>\n<p>Concr\u00e8tement, plusieurs projets du gouvernement provoquent la col\u00e8re des syndicats (doublement des franchises m\u00e9dicales, limitation des arr\u00eats maladie, baisse des moyens pour les h\u00f4pitaux et les Ehpad\u2026).<\/p>\n<p>Les transports<\/p>\n<p><strong>C\u00f4t\u00e9 transports, les perturbations s&rsquo;annoncent minimes.<\/strong> La RTM indique que le\u00a0trafic sera \u00ab\u00a0normal sur les r\u00e9seaux du groupe\u00a0\u00bb. Attention, ce trafic pourrait \u00ab\u00a0cependant \u00eatre impact\u00e9 par des manifestions sur la voie publique\u00a0\u00bb,\u00a0<a target=\"_blank\" rel=\"nofollow noopener noreferrer\" class=\"IciLink ici-link IciArticleLink g-ici-body-regular-1 underline brand svelte-1chfe2s\" href=\"https:\/\/www.rtm.fr\/infos-trafic\/3700380451273364683\">indique la RTM<\/a>.<\/p>\n<p>Sur le r\u00e9seau ferr\u00e9, <strong>le trafic TGV devrait \u00eatre \u00ab\u00a0normal\u00a0\u00bb<\/strong>, selon le ministre des Transports Philippe Tabarot, mais <strong>des \u00ab\u00a0perturbations locales\u00a0\u00bb sont \u00e0 pr\u00e9voir<\/strong> sur le r\u00e9seau grandes lignes Intercit\u00e9s, sur certains trains r\u00e9gionaux TER.<\/p>\n<p><strong>Dans l&rsquo;a\u00e9rien<\/strong>, \u00ab\u00a0pas d&rsquo;impact anticip\u00e9 sur les programmes de vol\u00a0\u00bb, ajoute le ministre des Transports.<\/p>\n<p><strong>Sur les routes<\/strong>, le mouvement devrait \u00eatre \u00ab\u00a0peu suivi par les agents des directions interd\u00e9partementales des routes (DIR)\u00a0\u00bb et \u00ab\u00a0sans impact pour les usagers\u00a0\u00bb, ajoute le minist\u00e8re.<\/p>\n<p>Dans les \u00e9tablissements scolaires<\/p>\n<p>La premi\u00e8re organisation syndicale des\u00a0professeurs des \u00e9coles, le SNUipp-FSU, appelle \u00e0 stopper le travail ce mardi 2\u00a0d\u00e9cembre 2025. La section des Bouches-du-Rh\u00f4ne appelle \u00e0 la gr\u00e8ve pour \u00ab\u00a0d\u00e9fendre l&rsquo;\u00e9cole inclusive et les AESH\u00a0\u00bb.<\/p>\n<p>Il est possible que des classes ferment et que des perturbations se produisent dans les services p\u00e9riscolaires (garderie, cantine) en fonction du taux de participation dans chaque \u00e9tablissement scolaire.<\/p>\n<p>Pour l&rsquo;enseignement secondaire,\u00a0<a target=\"_blank\" rel=\"nofollow noopener noreferrer\" class=\"IciLink ici-link IciArticleLink g-ici-body-regular-1 underline brand svelte-1chfe2s\" href=\"https:\/\/www.aix.snes.edu\/toutes-et-tous-en-greve-le-2.html\">le Snes-FSU, principale f\u00e9d\u00e9ration syndicale, appelle aussi \u00e0 la gr\u00e8ve et \u00e0 la mobilisation<\/a>. Le syndicat demande l&rsquo;annulation des suppressions d&#8217;emplois.<\/p>\n<p> Plusieurs cort\u00e8ges sont pr\u00e9vus en Provence<\/p>\n<p>Voici une liste des <strong>rassemblements annonc\u00e9s\u00a0:<\/strong><\/p>\n<ul>\n<li>Marseille\u00a0: aux R\u00e9form\u00e9s \u00e0 10h30<\/li>\n<li>Arles\u00a0: kiosque \u00e0 musique \u00e0\u00a010h30<\/li>\n<li>Toulon\u00a0: place de la Libert\u00e9,\u00a010h30<\/li>\n<li>Saint-Rapha\u00ebl\u00a0:\u00a0rond-point Kennedy, 10h30<\/li>\n<li>Draguignan\u00a0:\u00a0sous pr\u00e9fecture, 10h pour une op\u00e9ration escargot jusqu&rsquo;au\u00a0parc d\u2019activit\u00e9 des Br\u00e9gui\u00e8res aux Arcs-sur-Argens.<\/li>\n<li>Sisteron\u00a0:\u00a0UDE, 14h<\/li>\n<li>Digne-les-Bains\u00a0:\u00a0DSDEN, 10h<\/li>\n<\/ul>\n<p>\\\\n\\\\n\\\u00a0\u00bb,\\\u00a0\u00bbprovider\\\u00a0\u00bb:\\\u00a0\u00bbtwitter\\\u00a0\u00bb,\\\u00a0\u00bbdidomiPurposes\\\u00a0\u00bb:\\\u00a0\u00bbPour afficher ce contenu X (anciennement Twitter), vous devez accepter les cookies \\u003Cb>R\u00e9seaux Sociaux\\u003C\/b>.\\u003Cbr>\\u003Cbr>Ces cookies permettent de partager ou r\u00e9agir directement sur les r\u00e9seaux sociaux auxquels vous \u00eates connect\u00e9s ou d&rsquo;int\u00e9grer du contenu initialement post\u00e9 sur ces r\u00e9seaux sociaux. Ils permettent aussi aux r\u00e9seaux sociaux d&rsquo;utiliser vos visites sur nos sites et applications \u00e0 des fins de personnalisation et de ciblage publicitaire.\\\u00a0\u00bb,\\\u00a0\u00bbdidomiVendorId\\\u00a0\u00bb:\\\u00a0\u00bbc:twitter-rNGnjKz6\\\u00a0\u00bb}},{\\\u00a0\u00bbtype\\\u00a0\u00bb:\\\u00a0\u00bbtext\\\u00a0\u00bb,\\\u00a0\u00bbchildren\\\u00a0\u00bb:[{\\\u00a0\u00bbtype\\\u00a0\u00bb:\\\u00a0\u00bbtext\\\u00a0\u00bb,\\\u00a0\u00bbvalue\\\u00a0\u00bb:\\\u00a0\u00bbSur le r\u00e9seau ferr\u00e9, \\u003Cstrong>le trafic TGV devrait \u00eatre \\\\\\\u00a0\u00bbnormal\\\\\\\u00a0\u00bb\\u003C\/strong>, selon le ministre des Transports Philippe Tabarot, mais \\u003Cstrong>des \\\\\\\u00a0\u00bbperturbations locales\\\\\\\u00a0\u00bb sont \u00e0 pr\u00e9voir\\u003C\/strong> sur le r\u00e9seau grandes lignes Intercit\u00e9s, sur certains trains r\u00e9gionaux TER.\\\u00a0\u00bb}]},{\\\u00a0\u00bbtype\\\u00a0\u00bb:\\\u00a0\u00bbtext\\\u00a0\u00bb,\\\u00a0\u00bbchildren\\\u00a0\u00bb:[{\\\u00a0\u00bbtype\\\u00a0\u00bb:\\\u00a0\u00bbtext\\\u00a0\u00bb,\\\u00a0\u00bbvalue\\\u00a0\u00bb:\\\u00a0\u00bb\\u003Cstrong>Dans l&rsquo;a\u00e9rien\\u003C\/strong>, \\\\\\\u00a0\u00bb\\u003Cem>pas d&rsquo;impact anticip\u00e9 sur les programmes de vol\\u003C\/em>\\\\\\\u00a0\u00bb, ajoute le ministre des Transports.\\\u00a0\u00bb}]},{\\\u00a0\u00bbtype\\\u00a0\u00bb:\\\u00a0\u00bbtext\\\u00a0\u00bb,\\\u00a0\u00bbchildren\\\u00a0\u00bb:[{\\\u00a0\u00bbtype\\\u00a0\u00bb:\\\u00a0\u00bbtext\\\u00a0\u00bb,\\\u00a0\u00bbvalue\\\u00a0\u00bb:\\\u00a0\u00bb\\u003Cstrong>Sur les routes\\u003C\/strong>, le mouvement devrait \u00eatre \\\\\\\u00a0\u00bb\\u003Cem>peu suivi par les agents des directions interd\u00e9partementales des routes (DIR)\\\\\\\u00a0\u00bb\\u003C\/em> et \\\\\\\u00a0\u00bb\\u003Cem>sans impact pour les usagers\\u003C\/em>\\\\\\\u00a0\u00bb, ajoute le minist\u00e8re.\\\u00a0\u00bb}]},{\\\u00a0\u00bbtype\\\u00a0\u00bb:\\\u00a0\u00bbheading\\\u00a0\u00bb,\\\u00a0\u00bblevel\\\u00a0\u00bb:2,\\\u00a0\u00bbvalue\\\u00a0\u00bb:\\\u00a0\u00bbDans les \u00e9tablissements scolaires\\\u00a0\u00bb},{\\\u00a0\u00bbtype\\\u00a0\u00bb:\\\u00a0\u00bbtext\\\u00a0\u00bb,\\\u00a0\u00bbchildren\\\u00a0\u00bb:[{\\\u00a0\u00bbtype\\\u00a0\u00bb:\\\u00a0\u00bbtext\\\u00a0\u00bb,\\\u00a0\u00bbvalue\\\u00a0\u00bb:\\\u00a0\u00bbLa premi\u00e8re organisation syndicale des\u00a0professeurs des \u00e9coles, le SNUipp-FSU, appelle \u00e0 stopper le travail ce mardi 2\u00a0d\u00e9cembre 2025. La section des Bouches-du-Rh\u00f4ne appelle \u00e0 la gr\u00e8ve pour \\\\\\\u00a0\u00bb\\u003Cem>d\u00e9fendre l&rsquo;\u00e9cole inclusive et les AESH\\u003C\/em>\\\\\\\u00a0\u00bb.\\\u00a0\u00bb}]},{\\\u00a0\u00bbtype\\\u00a0\u00bb:\\\u00a0\u00bbembed\\\u00a0\u00bb,\\\u00a0\u00bbdata\\\u00a0\u00bb:{\\\u00a0\u00bbhtml\\\u00a0\u00bb:\\\u00a0\u00bb\\u003Cdiv class=\\\\\\\u00a0\u00bbfb-post\\\\\\\u00a0\u00bb data-href=\\\\\\\u00a0\u00bbhttps:\/\/www.facebook.com\/photo.php?fbid=1371645938305971\\\\\\\u00a0\u00bb data-width=\\\\\\\u00a0\u00bb560\\\\\\\u00a0\u00bb data-show-text=\\\\\\\u00a0\u00bbtrue\\\\\\\u00a0\u00bb >\\u003C\/div> \\u003Cscript> (function(w, d) {     if (w.FB &#038;&#038; w.FB.XFBML &#038;&#038; w.FB.XFBML.parse) {         if (&lsquo;undefined&rsquo; == typeof w.__fbTimeout) {             w.__fbTimeout = setTimeout(function() {                 w.FB.XFBML.parse();                 w.__fbTimeout = undefined;             }, 1000);         }     } else if (&lsquo;undefined&rsquo; == typeof w.__fbTimeout) {         if (d.querySelectorAll(&lsquo;#fb-root&rsquo;).length === 0) {             var fbRoot = d.createElement(&lsquo;div&rsquo;);             fbRoot.id = &lsquo;fb-root&rsquo;;             d.querySelector(&lsquo;body&rsquo;).append(fbRoot);         }         if (d.querySelectorAll(&lsquo;#facebook-jssdk&rsquo;).length === 0) {             var fbScript = d.createElement(&lsquo;script&rsquo;);             fbScript.id = &lsquo;facebook-jssdk&rsquo;;             fbScript.src=\u00a0\u00bb\/\/connect.facebook.net\/fr_FR\/sdk.js#xfbml=1&#038;version=v2.8&#038;appId=593991304071705&Prime;;             fbScript.async = 1;             d.querySelector(&lsquo;head&rsquo;).append(fbScript);         }     } })(window, window.document); \\u003C\/script>\\\u00a0\u00bb,\\\u00a0\u00bbprovider\\\u00a0\u00bb:\\\u00a0\u00bbfacebook\\\u00a0\u00bb,\\\u00a0\u00bbdidomiPurposes\\\u00a0\u00bb:\\\u00a0\u00bbPour afficher ce contenu Facebook, vous devez accepter les cookies \\u003Cb>R\u00e9seaux Sociaux\\u003C\/b>.\\u003Cbr>\\u003Cbr>Ces cookies permettent de partager ou r\u00e9agir directement sur les r\u00e9seaux sociaux auxquels vous \u00eates connect\u00e9s ou d&rsquo;int\u00e9grer du contenu initialement post\u00e9 sur ces r\u00e9seaux sociaux. Ils permettent aussi aux r\u00e9seaux sociaux d&rsquo;utiliser vos visites sur nos sites et applications \u00e0 des fins de personnalisation et de ciblage publicitaire.\\\u00a0\u00bb,\\\u00a0\u00bbdidomiVendorId\\\u00a0\u00bb:\\\u00a0\u00bbc:facebookc-rgacRMQm\\\u00a0\u00bb}},{\\\u00a0\u00bbtype\\\u00a0\u00bb:\\\u00a0\u00bbtext\\\u00a0\u00bb,\\\u00a0\u00bbchildren\\\u00a0\u00bb:[{\\\u00a0\u00bbtype\\\u00a0\u00bb:\\\u00a0\u00bbtext\\\u00a0\u00bb,\\\u00a0\u00bbvalue\\\u00a0\u00bb:\\\u00a0\u00bbIl est possible que des classes ferment et que des perturbations se produisent dans les services p\u00e9riscolaires (garderie, cantine) en fonction du taux de participation dans chaque \u00e9tablissement scolaire.\\\u00a0\u00bb}]},{\\\u00a0\u00bbtype\\\u00a0\u00bb:\\\u00a0\u00bbtext\\\u00a0\u00bb,\\\u00a0\u00bbchildren\\\u00a0\u00bb:[{\\\u00a0\u00bbtype\\\u00a0\u00bb:\\\u00a0\u00bbtext\\\u00a0\u00bb,\\\u00a0\u00bbvalue\\\u00a0\u00bb:\\\u00a0\u00bbPour l&rsquo;enseignement secondaire,\u00a0\\\u00a0\u00bb},{\\\u00a0\u00bbtype\\\u00a0\u00bb:\\\u00a0\u00bblink\\\u00a0\u00bb,\\\u00a0\u00bbdata\\\u00a0\u00bb:{\\\u00a0\u00bbhref\\\u00a0\u00bb:\\\u00a0\u00bbhttps:\/\/www.aix.snes.edu\/toutes-et-tous-en-greve-le-2.html\\\u00a0\u00bb},\\\u00a0\u00bbvalue\\\u00a0\u00bb:\\\u00a0\u00bble Snes-FSU, principale f\u00e9d\u00e9ration syndicale, appelle aussi \u00e0 la gr\u00e8ve et \u00e0 la mobilisation\\\u00a0\u00bb},{\\\u00a0\u00bbtype\\\u00a0\u00bb:\\\u00a0\u00bbtext\\\u00a0\u00bb,\\\u00a0\u00bbvalue\\\u00a0\u00bb:\\\u00a0\u00bb. Le syndicat demande l&rsquo;annulation des suppressions d&#8217;emplois.\\\u00a0\u00bb}]},{\\\u00a0\u00bbtype\\\u00a0\u00bb:\\\u00a0\u00bbembed\\\u00a0\u00bb,\\\u00a0\u00bbdata\\\u00a0\u00bb:{\\\u00a0\u00bbhtml\\\u00a0\u00bb:\\\u00a0\u00bb\\u003Cdiv class=\\\\\\\u00a0\u00bbfb-post\\\\\\\u00a0\u00bb data-href=\\\\\\\u00a0\u00bbhttps:\/\/www.facebook.com\/SNESAixMars\/posts\/1163354102670530?ref=embed_post\\\\\\\u00a0\u00bb data-width=\\\\\\\u00a0\u00bb560\\\\\\\u00a0\u00bb data-show-text=\\\\\\\u00a0\u00bbtrue\\\\\\\u00a0\u00bb >\\u003C\/div> \\u003Cscript> (function(w, d) {     if (w.FB &#038;&#038; w.FB.XFBML &#038;&#038; w.FB.XFBML.parse) {         if (&lsquo;undefined&rsquo; == typeof w.__fbTimeout) {             w.__fbTimeout = setTimeout(function() {                 w.FB.XFBML.parse();                 w.__fbTimeout = undefined;             }, 1000);         }     } else if (&lsquo;undefined&rsquo; == typeof w.__fbTimeout) {         if (d.querySelectorAll(&lsquo;#fb-root&rsquo;).length === 0) {             var fbRoot = d.createElement(&lsquo;div&rsquo;);             fbRoot.id = &lsquo;fb-root&rsquo;;             d.querySelector(&lsquo;body&rsquo;).append(fbRoot);         }         if (d.querySelectorAll(&lsquo;#facebook-jssdk&rsquo;).length === 0) {             var fbScript = d.createElement(&lsquo;script&rsquo;);             fbScript.id = &lsquo;facebook-jssdk&rsquo;;             fbScript.src=\u00a0\u00bb\/\/connect.facebook.net\/fr_FR\/sdk.js#xfbml=1&#038;version=v2.8&#038;appId=593991304071705&Prime;;             fbScript.async = 1;             d.querySelector(&lsquo;head&rsquo;).append(fbScript);         }     } })(window, window.document); \\u003C\/script>\\\u00a0\u00bb,\\\u00a0\u00bbprovider\\\u00a0\u00bb:\\\u00a0\u00bbfacebook\\\u00a0\u00bb,\\\u00a0\u00bbdidomiPurposes\\\u00a0\u00bb:\\\u00a0\u00bbPour afficher ce contenu Facebook, vous devez accepter les cookies \\u003Cb>R\u00e9seaux Sociaux\\u003C\/b>.\\u003Cbr>\\u003Cbr>Ces cookies permettent de partager ou r\u00e9agir directement sur les r\u00e9seaux sociaux auxquels vous \u00eates connect\u00e9s ou d&rsquo;int\u00e9grer du contenu initialement post\u00e9 sur ces r\u00e9seaux sociaux. Ils permettent aussi aux r\u00e9seaux sociaux d&rsquo;utiliser vos visites sur nos sites et applications \u00e0 des fins de personnalisation et de ciblage publicitaire.\\\u00a0\u00bb,\\\u00a0\u00bbdidomiVendorId\\\u00a0\u00bb:\\\u00a0\u00bbc:facebookc-rgacRMQm\\\u00a0\u00bb}},{\\\u00a0\u00bbtype\\\u00a0\u00bb:\\\u00a0\u00bbheading\\\u00a0\u00bb,\\\u00a0\u00bblevel\\\u00a0\u00bb:2,\\\u00a0\u00bbvalue\\\u00a0\u00bb:\\\u00a0\u00bbPlusieurs cort\u00e8ges sont pr\u00e9vus en Provence\\\u00a0\u00bb},{\\\u00a0\u00bbtype\\\u00a0\u00bb:\\\u00a0\u00bbtext\\\u00a0\u00bb,\\\u00a0\u00bbchildren\\\u00a0\u00bb:[{\\\u00a0\u00bbtype\\\u00a0\u00bb:\\\u00a0\u00bbtext\\\u00a0\u00bb,\\\u00a0\u00bbvalue\\\u00a0\u00bb:\\\u00a0\u00bbVoici une liste des \\u003Cstrong>rassemblements annonc\u00e9s\u00a0:\\u003C\/strong>\\\u00a0\u00bb}]},{\\\u00a0\u00bbtype\\\u00a0\u00bb:\\\u00a0\u00bblist\\\u00a0\u00bb,\\\u00a0\u00bbordered\\\u00a0\u00bb:false,\\\u00a0\u00bbchildren\\\u00a0\u00bb:[{\\\u00a0\u00bbtype\\\u00a0\u00bb:\\\u00a0\u00bblist_item\\\u00a0\u00bb,\\\u00a0\u00bbchildren\\\u00a0\u00bb:[{\\\u00a0\u00bbtype\\\u00a0\u00bb:\\\u00a0\u00bbtext\\\u00a0\u00bb,\\\u00a0\u00bbvalue\\\u00a0\u00bb:\\\u00a0\u00bbMarseille\u00a0: aux R\u00e9form\u00e9s \u00e0 10h30\\\u00a0\u00bb}]},{\\\u00a0\u00bbtype\\\u00a0\u00bb:\\\u00a0\u00bblist_item\\\u00a0\u00bb,\\\u00a0\u00bbchildren\\\u00a0\u00bb:[{\\\u00a0\u00bbtype\\\u00a0\u00bb:\\\u00a0\u00bbtext\\\u00a0\u00bb,\\\u00a0\u00bbvalue\\\u00a0\u00bb:\\\u00a0\u00bbArles\u00a0: kiosque \u00e0 musique \u00e0\u00a010h30\\\u00a0\u00bb}]},{\\\u00a0\u00bbtype\\\u00a0\u00bb:\\\u00a0\u00bblist_item\\\u00a0\u00bb,\\\u00a0\u00bbchildren\\\u00a0\u00bb:[{\\\u00a0\u00bbtype\\\u00a0\u00bb:\\\u00a0\u00bbtext\\\u00a0\u00bb,\\\u00a0\u00bbvalue\\\u00a0\u00bb:\\\u00a0\u00bbToulon\u00a0: place de la Libert\u00e9,\u00a010h30\\\u00a0\u00bb}]},{\\\u00a0\u00bbtype\\\u00a0\u00bb:\\\u00a0\u00bblist_item\\\u00a0\u00bb,\\\u00a0\u00bbchildren\\\u00a0\u00bb:[{\\\u00a0\u00bbtype\\\u00a0\u00bb:\\\u00a0\u00bbtext\\\u00a0\u00bb,\\\u00a0\u00bbvalue\\\u00a0\u00bb:\\\u00a0\u00bbSaint-Rapha\u00ebl\u00a0:\u00a0rond-point Kennedy, 10h30\\\u00a0\u00bb}]},{\\\u00a0\u00bbtype\\\u00a0\u00bb:\\\u00a0\u00bblist_item\\\u00a0\u00bb,\\\u00a0\u00bbchildren\\\u00a0\u00bb:[{\\\u00a0\u00bbtype\\\u00a0\u00bb:\\\u00a0\u00bbtext\\\u00a0\u00bb,\\\u00a0\u00bbvalue\\\u00a0\u00bb:\\\u00a0\u00bbDraguignan\u00a0:\u00a0sous pr\u00e9fecture, 10h pour une op\u00e9ration escargot jusqu&rsquo;au\u00a0parc d\u2019activit\u00e9 des Br\u00e9gui\u00e8res aux Arcs-sur-Argens.\\\u00a0\u00bb}]},{\\\u00a0\u00bbtype\\\u00a0\u00bb:\\\u00a0\u00bblist_item\\\u00a0\u00bb,\\\u00a0\u00bbchildren\\\u00a0\u00bb:[{\\\u00a0\u00bbtype\\\u00a0\u00bb:\\\u00a0\u00bbtext\\\u00a0\u00bb,\\\u00a0\u00bbvalue\\\u00a0\u00bb:\\\u00a0\u00bbSisteron\u00a0:\u00a0UDE, 14h\\\u00a0\u00bb}]},{\\\u00a0\u00bbtype\\\u00a0\u00bb:\\\u00a0\u00bblist_item\\\u00a0\u00bb,\\\u00a0\u00bbchildren\\\u00a0\u00bb:[{\\\u00a0\u00bbtype\\\u00a0\u00bb:\\\u00a0\u00bbtext\\\u00a0\u00bb,\\\u00a0\u00bbvalue\\\u00a0\u00bb:\\\u00a0\u00bbDigne-les-Bains\u00a0:\u00a0DSDEN, 10h\\\u00a0\u00bb}]}]}]}},\\\u00a0\u00bbdisplay\\\u00a0\u00bb:{\\\u00a0\u00bbhighBanner\\\u00a0\u00bb:true}}\u00a0\u00bb}<\/p>\n","protected":false},"excerpt":{"rendered":"Une journ\u00e9e d&rsquo;action syndicale se d\u00e9roule ce mardi 2 d\u00e9cembre \u00e0 l&rsquo;appel de trois syndicats (CGT, FSU et&hellip;\n","protected":false},"author":2,"featured_media":572988,"comment_status":"","ping_status":"","sticky":false,"template":"","format":"standard","meta":{"footnotes":""},"categories":[9619],"tags":[1111,11,1777,674,1011,27,12,882,25,2310],"class_list":{"0":"post-572987","1":"post","2":"type-post","3":"status-publish","4":"format-standard","5":"has-post-thumbnail","7":"category-toulon","8":"tag-actu","9":"tag-actualites","10":"tag-eu","11":"tag-europe","12":"tag-fr","13":"tag-france","14":"tag-news","15":"tag-provence-alpes-cote-dazur","16":"tag-republique-francaise","17":"tag-toulon"},"share_on_mastodon":{"url":"https:\/\/pubeurope.com\/@fr\/115649674216564373","error":""},"_links":{"self":[{"href":"https:\/\/www.europesays.com\/fr\/wp-json\/wp\/v2\/posts\/572987","targetHints":{"allow":["GET"]}}],"collection":[{"href":"https:\/\/www.europesays.com\/fr\/wp-json\/wp\/v2\/posts"}],"about":[{"href":"https:\/\/www.europesays.com\/fr\/wp-json\/wp\/v2\/types\/post"}],"author":[{"embeddable":true,"href":"https:\/\/www.europesays.com\/fr\/wp-json\/wp\/v2\/users\/2"}],"replies":[{"embeddable":true,"href":"https:\/\/www.europesays.com\/fr\/wp-json\/wp\/v2\/comments?post=572987"}],"version-history":[{"count":0,"href":"https:\/\/www.europesays.com\/fr\/wp-json\/wp\/v2\/posts\/572987\/revisions"}],"wp:featuredmedia":[{"embeddable":true,"href":"https:\/\/www.europesays.com\/fr\/wp-json\/wp\/v2\/media\/572988"}],"wp:attachment":[{"href":"https:\/\/www.europesays.com\/fr\/wp-json\/wp\/v2\/media?parent=572987"}],"wp:term":[{"taxonomy":"category","embeddable":true,"href":"https:\/\/www.europesays.com\/fr\/wp-json\/wp\/v2\/categories?post=572987"},{"taxonomy":"post_tag","embeddable":true,"href":"https:\/\/www.europesays.com\/fr\/wp-json\/wp\/v2\/tags?post=572987"}],"curies":[{"name":"wp","href":"https:\/\/api.w.org\/{rel}","templated":true}]}}