{"id":572989,"date":"2025-12-02T11:12:14","date_gmt":"2025-12-02T11:12:14","guid":{"rendered":"https:\/\/www.europesays.com\/fr\/572989\/"},"modified":"2025-12-02T11:12:14","modified_gmt":"2025-12-02T11:12:14","slug":"depistage-du-cancer-du-sein-le-mammobile-fait-etape-en-decembre-haute-garonne-verfeil","status":"publish","type":"post","link":"https:\/\/www.europesays.com\/fr\/572989\/","title":{"rendered":"D\u00e9pistage du cancer du sein : le Mammobile fait \u00e9tape en d\u00e9cembre &#8211; Haute Garonne &#8211; Verfeil"},"content":{"rendered":"<p>Le Mammobile sera de passage \u00e0 Verfeil le 8 d\u00e9cembre prochain, dans le cadre d\u2019une tourn\u00e9e de d\u00e9pistage du cancer du sein sur le territoire de la CPTS Nord-Est Toulousain. Cette unit\u00e9 mobile, install\u00e9e sur le parking du complexe En Solomiac, a pour objectif de se rapprocher des habitantes et de faciliter l\u2019acc\u00e8s \u00e0 la mammographie.&#13;<br \/>\n&#13;<br \/>\nCe dispositif s\u2019adresse aux femmes de 50 \u00e0 74 ans qui n\u2019ont pas r\u00e9alis\u00e9 de mammographie depuis au moins deux ans et qui ne b\u00e9n\u00e9ficient pas d\u2019un suivi particulier li\u00e9 \u00e0 des ant\u00e9c\u00e9dents personnels ou familiaux de cancer du sein. Il permet de d\u00e9tecter pr\u00e9cocement d\u2019\u00e9ventuelles anomalies et de rappeler l\u2019importance du d\u00e9pistage organis\u00e9.&#13;<br \/>\n&#13;<br \/>\nLe Mammobile sera \u00e9galement pr\u00e9sent les jours suivants dans plusieurs communes voisines : le 9 d\u00e9cembre \u00e0 Saint-Loup-Cammas (all\u00e9e de la salle des f\u00eates), le 10 d\u00e9cembre \u00e0 Montastruc-La-Conseill\u00e8re (place Sant Pere Pescador) puis les 11 et 12 d\u00e9cembre sur l\u2019esplanade Bellecourt \u00e0 Bessi\u00e8res. Les habitantes du secteur pourront ainsi choisir le lieu qui leur convient le mieux.&#13;<br \/>\n&#13;<br \/>\nPour prendre rendez-vous, plusieurs possibilit\u00e9s sont propos\u00e9es : scanner le QR code diffus\u00e9 par les professionnels de sant\u00e9, se connecter sur la plateforme Doctolib en recherchant Mammobile Haute-Garonne, ou appeler directement le 06 10 15 34 08. Les m\u00e9decins, infirmiers, sages-femmes et autres soignants du territoire sont invit\u00e9s \u00e0 relayer l\u2019information aupr\u00e8s de leurs patientes \u00e9ligibles.<\/p>\n<p>                Cet article est r\u00e9serv\u00e9 aux abonn\u00e9s.<\/p>\n<p class=\"signature\" itemscope=\"\" itemprop=\"Author\" itemtype=\"http:\/\/schema.org\/Person\">\n                DBE\n            <\/p>\n","protected":false},"excerpt":{"rendered":"Le Mammobile sera de passage \u00e0 Verfeil le 8 d\u00e9cembre prochain, dans le cadre d\u2019une tourn\u00e9e de d\u00e9pistage&hellip;\n","protected":false},"author":2,"featured_media":395922,"comment_status":"","ping_status":"","sticky":false,"template":"","format":"standard","meta":{"footnotes":""},"categories":[9599],"tags":[1111,11,1777,674,1011,27,2208,12,2680,301,25],"class_list":{"0":"post-572989","1":"post","2":"type-post","3":"status-publish","4":"format-standard","5":"has-post-thumbnail","7":"category-montpellier","8":"tag-actu","9":"tag-actualites","10":"tag-eu","11":"tag-europe","12":"tag-fr","13":"tag-france","14":"tag-montpellier","15":"tag-news","16":"tag-occitanie","17":"tag-premium","18":"tag-republique-francaise"},"share_on_mastodon":{"url":"https:\/\/pubeurope.com\/@fr\/115649678128759238","error":""},"_links":{"self":[{"href":"https:\/\/www.europesays.com\/fr\/wp-json\/wp\/v2\/posts\/572989","targetHints":{"allow":["GET"]}}],"collection":[{"href":"https:\/\/www.europesays.com\/fr\/wp-json\/wp\/v2\/posts"}],"about":[{"href":"https:\/\/www.europesays.com\/fr\/wp-json\/wp\/v2\/types\/post"}],"author":[{"embeddable":true,"href":"https:\/\/www.europesays.com\/fr\/wp-json\/wp\/v2\/users\/2"}],"replies":[{"embeddable":true,"href":"https:\/\/www.europesays.com\/fr\/wp-json\/wp\/v2\/comments?post=572989"}],"version-history":[{"count":0,"href":"https:\/\/www.europesays.com\/fr\/wp-json\/wp\/v2\/posts\/572989\/revisions"}],"wp:featuredmedia":[{"embeddable":true,"href":"https:\/\/www.europesays.com\/fr\/wp-json\/wp\/v2\/media\/395922"}],"wp:attachment":[{"href":"https:\/\/www.europesays.com\/fr\/wp-json\/wp\/v2\/media?parent=572989"}],"wp:term":[{"taxonomy":"category","embeddable":true,"href":"https:\/\/www.europesays.com\/fr\/wp-json\/wp\/v2\/categories?post=572989"},{"taxonomy":"post_tag","embeddable":true,"href":"https:\/\/www.europesays.com\/fr\/wp-json\/wp\/v2\/tags?post=572989"}],"curies":[{"name":"wp","href":"https:\/\/api.w.org\/{rel}","templated":true}]}}