{"id":572992,"date":"2025-12-02T11:18:10","date_gmt":"2025-12-02T11:18:10","guid":{"rendered":"https:\/\/www.europesays.com\/fr\/572992\/"},"modified":"2025-12-02T11:18:10","modified_gmt":"2025-12-02T11:18:10","slug":"grenoble-mreso-tramways-bus-et-parkings-gratuits-pendant-plusieurs-jours-voici-quand","status":"publish","type":"post","link":"https:\/\/www.europesays.com\/fr\/572992\/","title":{"rendered":"Grenoble. Mr\u00e9so : tramways, bus et parkings gratuits pendant plusieurs jours : voici quand"},"content":{"rendered":"<p>                    Par<br \/>\n        <strong><br \/>\n            <a href=\"https:\/\/actu.fr\/auteur\/redaction-grenoble\" title=\"Consulter tous les articles de R\u00e9daction Grenoble\" target=\"_blank\" rel=\"noopener\">R\u00e9daction Grenoble<\/a><br \/>\n                    <\/strong><\/p>\n<p>        Publi\u00e9 le<\/p>\n<p>            2 d\u00e9c. 2025 \u00e0 11h49        <\/p>\n<p>C\u2019est devenu une habitude \u00e0 <a href=\"https:\/\/actu.fr\/grenoble\/\" target=\"_blank\" rel=\"noopener\">Grenoble<\/a> (<a href=\"https:\/\/actu.fr\/auvergne-rhone-alpes\/isere_38\" target=\"_blank\" rel=\"noopener\">Is\u00e8re<\/a>) en vue des f\u00eates de fin d\u2019ann\u00e9e. Pour faciliter les d\u00e9placements des habitants de la m\u00e9tropole en cette p\u00e9riode o\u00f9 tout un chacun se rue dans les commerces pour faire leurs courses de No\u00ebl, la M\u00e9tropole de Grenoble et le Smmag mettent en place des<strong> journ\u00e9es de gratuit\u00e9s et de r\u00e9ductions<\/strong> dans les transports en commun, ainsi que dans certains parkings du territoire.<\/p>\n<p>Des transports en commun totalement gratuits les samedis<\/p>\n<p class=\" wall-content\">Sur les lignes du tramway et bus Mreso, les titres de transport seront valables toute la journ\u00e9e de ce samedi 6\u00a0d\u00e9cembre. Les samedis suivants, le 13 et 20\u00a0d\u00e9cembre, le r\u00e9seau de transports en commun sera en<strong> acc\u00e8s totalement libre<\/strong>.<\/p>\n<p class=\" wall-content\">\u00ab\u2009Vous pourrez ainsi monter librement dans tous les bus et trams<strong> sans titre de transport<\/strong> dans la m\u00e9tropole grenobloise, le Gr\u00e9sivaudan et le Pays Voironnais\u2009\u00bb, pr\u00e9cise la collectivit\u00e9 dans un communiqu\u00e9.<\/p>\n<p>Le parking Presqu\u2019\u00eele et du Stade des Alpes gratuits<\/p>\n<p class=\" wall-content\">C\u00f4t\u00e9 parkings, les personnes se rendant en voiture dans la capitale des Alpes pourront b\u00e9n\u00e9ficier de 1h30 de stationnement gratuit dans les parkings Hoche-Centre, Notre-Dame-Mus\u00e9e, et Verdun-Pr\u00e9fecture les week-ends du 6-7, 13-14 et 20-21\u00a0d\u00e9cembre.<\/p>\n<p class=\" wall-content\">Dans le parking Presqu\u2019\u00eele, le stationnement sera <strong>enti\u00e8rement gratuit<\/strong> les week-ends du 6-7, 13-14 et 20-21\u00a0d\u00e9cembre. L\u2019acc\u00e8s au parking du Stade des Alpes sera par ailleurs gratuit du 21\u00a0d\u00e9cembre au 2\u00a0janvier 2026.<\/p>\n<p class=\" wall-content\">Personnalisez votre actualit\u00e9 en ajoutant vos villes et m\u00e9dias en favori avec <a href=\"https:\/\/moncompte.actu.fr\" title=\"D\u00e9couvez Mon Actu\" rel=\"nofollow noopener\" data-trk=\"{&quot;cta&quot;:{&quot;action&quot;:&quot;https:\\\/\\\/moncompte.actu.fr&quot;,&quot;category&quot;:&quot;mon compte&quot;,&quot;from&quot;:&quot;article footer&quot;,&quot;name&quot;:&quot;Mon actu&quot;,&quot;type&quot;:&quot;cta&quot;}}\" target=\"_blank\">Mon Actu<\/a>.<\/p>\n","protected":false},"excerpt":{"rendered":"Par R\u00e9daction Grenoble Publi\u00e9 le 2 d\u00e9c. 2025 \u00e0 11h49 C\u2019est devenu une habitude \u00e0 Grenoble (Is\u00e8re) en&hellip;\n","protected":false},"author":2,"featured_media":572993,"comment_status":"","ping_status":"","sticky":false,"template":"","format":"standard","meta":{"footnotes":""},"categories":[9566],"tags":[1111,11,2430,1777,674,1011,27,2731,19692,12,15830,25,104,6173],"class_list":{"0":"post-572992","1":"post","2":"type-post","3":"status-publish","4":"format-standard","5":"has-post-thumbnail","7":"category-grenoble","8":"tag-actu","9":"tag-actualites","10":"tag-auvergne-rhone-alpes","11":"tag-eu","12":"tag-europe","13":"tag-fr","14":"tag-france","15":"tag-grenoble","16":"tag-grenoble-alpes-metropole","17":"tag-news","18":"tag-noel","19":"tag-republique-francaise","20":"tag-societe","21":"tag-stationnement"},"share_on_mastodon":{"url":"https:\/\/pubeurope.com\/@fr\/115649701865849032","error":""},"_links":{"self":[{"href":"https:\/\/www.europesays.com\/fr\/wp-json\/wp\/v2\/posts\/572992","targetHints":{"allow":["GET"]}}],"collection":[{"href":"https:\/\/www.europesays.com\/fr\/wp-json\/wp\/v2\/posts"}],"about":[{"href":"https:\/\/www.europesays.com\/fr\/wp-json\/wp\/v2\/types\/post"}],"author":[{"embeddable":true,"href":"https:\/\/www.europesays.com\/fr\/wp-json\/wp\/v2\/users\/2"}],"replies":[{"embeddable":true,"href":"https:\/\/www.europesays.com\/fr\/wp-json\/wp\/v2\/comments?post=572992"}],"version-history":[{"count":0,"href":"https:\/\/www.europesays.com\/fr\/wp-json\/wp\/v2\/posts\/572992\/revisions"}],"wp:featuredmedia":[{"embeddable":true,"href":"https:\/\/www.europesays.com\/fr\/wp-json\/wp\/v2\/media\/572993"}],"wp:attachment":[{"href":"https:\/\/www.europesays.com\/fr\/wp-json\/wp\/v2\/media?parent=572992"}],"wp:term":[{"taxonomy":"category","embeddable":true,"href":"https:\/\/www.europesays.com\/fr\/wp-json\/wp\/v2\/categories?post=572992"},{"taxonomy":"post_tag","embeddable":true,"href":"https:\/\/www.europesays.com\/fr\/wp-json\/wp\/v2\/tags?post=572992"}],"curies":[{"name":"wp","href":"https:\/\/api.w.org\/{rel}","templated":true}]}}