{"id":572998,"date":"2025-12-02T11:21:13","date_gmt":"2025-12-02T11:21:13","guid":{"rendered":"https:\/\/www.europesays.com\/fr\/572998\/"},"modified":"2025-12-02T11:21:13","modified_gmt":"2025-12-02T11:21:13","slug":"la-fabbrica-di-supino-un-repaire-de-saveurs-italiennes-a-rennes","status":"publish","type":"post","link":"https:\/\/www.europesays.com\/fr\/572998\/","title":{"rendered":"La fabbrica di Supino, un repaire de saveurs italiennes \u00e0 Rennes"},"content":{"rendered":"<p>Apr\u00e8s avoir ouvert deux pizzerias,<a href=\"https:\/\/rennes.maville.com\/actu\/actudet_-ciao-bella-a-fuoco-nero-angello...-nos-pizzerias-coup-de-coeur-a-rennes-_52674-6781871_actu.Htm\" target=\"_blank\" rel=\"noopener\"> Ciao bella <\/a>et Supino, Leonardo et Adriano Peruzzi, ont transform\u00e9 l\u2019ancienne bouquinerie de la rue d\u2019Antrain en \u00e9picerie italienne : Bueno appetito.<\/p>\n<p><strong>\u00ab\u00a0Nous nous adressons aux amateurs de produits venant d\u2019Italie. Ils trouveront dans ce lieu bellissima mati\u00e8re \u00e0 se faire plaisir,<\/strong> explique le duo. <strong>Les denr\u00e9es pr\u00e9sent\u00e9es sont celles que nous utilisons dans nos pizzerias. Nous commandons en grande quantit\u00e9, ce qui permet de tirer les prix vers le bas.\u00a0 <\/strong><\/p>\n<p><strong>Lire aussi\u00a0: <\/strong> <a href=\"https:\/\/rennes.maville.com\/actu\/actudet_-pizza-pates-focaccia-dans-le-centre-de-rennes-deux-nouvelles-adresses-de-cuisine-italienne-_52674-6955387_actu.Htm\" target=\"_blank\" rel=\"noopener\">Pizza, p\u00e2tes, focaccia\u00a0: dans le centre de Rennes, deux nouvelles adresses de cuisine italienne<\/a><\/p>\n<p>Pour g\u00e2ter vos proches, les clients peuvent jeter leur d\u00e9volu sur les pannetones et les pandoros (\u00e0 partir de 14\u00a0\u20ac) pr\u00e9sent\u00e9s dans des bo\u00eetes m\u00e9tal collector. Il est aussi possible de faire le plein de fromages, charcuterie, antipasti, vins, huile d\u2019olive, pesto et tout ce qui est n\u00e9cessaire aux pizzas.<\/p>\n<p>Le magasin propose aussi des plats pr\u00e9par\u00e9s italiens. Ici, on fabrique \u00e9galement des p\u00e2tes fra\u00eeches (pasta a casa) sous les yeux des clients, ainsi que des raviolis.<\/p>\n<p>Bueno appetito, 14, rue d\u2019Antrain, ouvert du mardi au samedi, de 11\u00a0h \u00e0 19\u00a0h\u00a030. T\u00e9l.\u00a002\u00a023\u00a006\u00a022\u00a075<\/p>\n<p>\u00a0<\/p>\n","protected":false},"excerpt":{"rendered":"Apr\u00e8s avoir ouvert deux pizzerias, Ciao bella et Supino, Leonardo et Adriano Peruzzi, ont transform\u00e9 l\u2019ancienne bouquinerie de&hellip;\n","protected":false},"author":2,"featured_media":572999,"comment_status":"","ping_status":"","sticky":false,"template":"","format":"standard","meta":{"footnotes":""},"categories":[2821],"tags":[1111,11,829,47655,1777,674,68744,1011,27,68747,12,584,68746,25,24647,68745],"class_list":{"0":"post-572998","1":"post","2":"type-post","3":"status-publish","4":"format-standard","5":"has-post-thumbnail","7":"category-rennes","8":"tag-actu","9":"tag-actualites","10":"tag-bretagne","11":"tag-di","12":"tag-eu","13":"tag-europe","14":"tag-fabbrica","15":"tag-fr","16":"tag-france","17":"tag-italiennes","18":"tag-news","19":"tag-rennes","20":"tag-repaire","21":"tag-republique-francaise","22":"tag-saveurs","23":"tag-supino"},"share_on_mastodon":{"url":"https:\/\/pubeurope.com\/@fr\/115649713596331255","error":""},"_links":{"self":[{"href":"https:\/\/www.europesays.com\/fr\/wp-json\/wp\/v2\/posts\/572998","targetHints":{"allow":["GET"]}}],"collection":[{"href":"https:\/\/www.europesays.com\/fr\/wp-json\/wp\/v2\/posts"}],"about":[{"href":"https:\/\/www.europesays.com\/fr\/wp-json\/wp\/v2\/types\/post"}],"author":[{"embeddable":true,"href":"https:\/\/www.europesays.com\/fr\/wp-json\/wp\/v2\/users\/2"}],"replies":[{"embeddable":true,"href":"https:\/\/www.europesays.com\/fr\/wp-json\/wp\/v2\/comments?post=572998"}],"version-history":[{"count":0,"href":"https:\/\/www.europesays.com\/fr\/wp-json\/wp\/v2\/posts\/572998\/revisions"}],"wp:featuredmedia":[{"embeddable":true,"href":"https:\/\/www.europesays.com\/fr\/wp-json\/wp\/v2\/media\/572999"}],"wp:attachment":[{"href":"https:\/\/www.europesays.com\/fr\/wp-json\/wp\/v2\/media?parent=572998"}],"wp:term":[{"taxonomy":"category","embeddable":true,"href":"https:\/\/www.europesays.com\/fr\/wp-json\/wp\/v2\/categories?post=572998"},{"taxonomy":"post_tag","embeddable":true,"href":"https:\/\/www.europesays.com\/fr\/wp-json\/wp\/v2\/tags?post=572998"}],"curies":[{"name":"wp","href":"https:\/\/api.w.org\/{rel}","templated":true}]}}