{"id":573004,"date":"2025-12-02T11:24:18","date_gmt":"2025-12-02T11:24:18","guid":{"rendered":"https:\/\/www.europesays.com\/fr\/573004\/"},"modified":"2025-12-02T11:24:18","modified_gmt":"2025-12-02T11:24:18","slug":"en-situation-de-handicap-ces-comediens-dun-esat-de-la-roya-montent-sur-scene-a-nice-pour-celebrer-la-difference","status":"publish","type":"post","link":"https:\/\/www.europesays.com\/fr\/573004\/","title":{"rendered":"en situation de handicap, ces com\u00e9diens d\u2019un Esat de la Roya montent sur sc\u00e8ne \u00e0 Nice pour c\u00e9l\u00e9brer la diff\u00e9rence"},"content":{"rendered":"<p class=\"fs-5 \">Treize r\u00e9sidents de l\u2019<strong>Esat (\u00c9tablissement ou service d\u2019aide par le travail) du Prieur\u00e9 \u00e0 Saint-Dalmas-de-Tende<\/strong> monteront sur sc\u00e8ne <strong>mercredi 3 d\u00e9cembre \u00e0 14 heures<\/strong> au mus\u00e9e des Arts Na\u00effs Anatole Jakovsky \u00e0 <strong>Nice<\/strong>.<\/p>\n<p class=\"fs-5 \">Ils performeront dans une courte pi\u00e8ce \u2013 Blanche-Neige et la sorci\u00e8re \u2013 dans le cadre de la <strong>Journ\u00e9e internationale des personnes handicap\u00e9es (JIPH).<\/strong><\/p>\n<p class=\"fs-5 \">Ils \u00e9taient tous enthousiastes lors de l\u2019ultime r\u00e9p\u00e9tition qui s\u2019est d\u00e9roul\u00e9e vendredi dernier dans la salle de La Chapelle du Prieur\u00e9.<\/p>\n<p class=\"fs-5 \">Tels des professionnels, ils ont pris possession, avec aisance, de l\u2019espace sc\u00e9nique, m\u00eame \u00ab s\u2019il y a un peu de stress \u00bb, avoue Rebecca. Julien, quant \u00e0 lui, bien dans ses baskets, d\u00e9clare \u00ab ne pas avoir peur du tout ! \u00bb.<\/p>\n<p>            <img src=\"https:\/\/www.europesays.com\/fr\/wp-content\/uploads\/2025\/12\/2ef5cc0_upload-1-jvtxgwznfm7i-image-menxxq100-dr-travailleurs-du-prieure-laureats-d-un-festival-cour.jpeg\"   loading=\"lazy\" decoding=\"async\" alt=\"Les com\u00e9diens \u00e9taient pr\u00e9sents \u00e0 Saint-Malo pour la remise des prix.\" class=\"img-fluid position-absolute w-100 object-fit-cover rounded-2\" width=\"600\" height=\"400\"\/><\/p>\n<p>                                                                                Les failles se transforment en force<\/p>\n<p class=\"fs-5 \">Bouta\u00efni, c\u2019est le nom donn\u00e9 \u00e0 la troupe en hommage \u00e0 leur ami r\u00e9sident d\u00e9c\u00e9d\u00e9 accidentellement.<\/p>\n<p class=\"fs-5 \">Alors ils jouent aussi pour lui. Nathalie, intermittente du spectacle, coache la troupe depuis 12 ans comme professeure de th\u00e9\u00e2tre contemporain au sein du Prieur\u00e9. Thomas l\u2019accompagne dans cette aventure depuis 2020.<\/p>\n<p class=\"fs-5 \">\u00ab La troupe est d\u00e9j\u00e0 connue et nous avons plein de dates fix\u00e9es pour des repr\u00e9sentations, explique-t-il. La compagnie tourne beaucoup \u00bb. \u00ab Nous avons voulu donner la pr\u00e9f\u00e9rence au territoire de la vall\u00e9e, encha\u00eene Nathalie qui travaille pour la compagnie L\u2019Embrayage \u00e0 paillettes.<\/p>\n<p class=\"fs-5 \">Nous avons d\u00e9j\u00e0 cr\u00e9\u00e9 plusieurs petites pi\u00e8ces avec les r\u00e9sidents. Nous montons sur sc\u00e8ne avec eux et deux animatrices. Nous sommes tous \u00e9gaux avec des comp\u00e9tences diff\u00e9rentes mais nous sommes tous trait\u00e9s de la m\u00eame fa\u00e7on \u00bb.<\/p>\n<p class=\"fs-5 \">Utiliser les failles pour en faire des forces, c\u2019est le lien qui unit r\u00e9sidents, personnels et intervenants dans le respect et la bienveillance.<\/p>\n<p class=\"fs-5 \">Pour continuer le spectacle, au Prieur\u00e9 de Saint-Dalmas, ce vendredi 5 d\u00e9cembre \u00e0 15 heures dans la salle de La Chapelle, la compagnie DK-BEL et l\u2019association 6e sens, en r\u00e9sidence artistique au Prieur\u00e9, donneront une repr\u00e9sentation.<\/p>\n<p class=\"fs-5 \">Les danseurs professionnels partageront la sc\u00e8ne et leur cr\u00e9ation avec les r\u00e9sidents. Entr\u00e9e libre et gratuite, tout public.<\/p>\n","protected":false},"excerpt":{"rendered":"Treize r\u00e9sidents de l\u2019Esat (\u00c9tablissement ou service d\u2019aide par le travail) du Prieur\u00e9 \u00e0 Saint-Dalmas-de-Tende monteront sur sc\u00e8ne&hellip;\n","protected":false},"author":2,"featured_media":573005,"comment_status":"","ping_status":"","sticky":false,"template":"","format":"standard","meta":{"footnotes":""},"categories":[2819],"tags":[1111,11,1777,674,1011,27,12,2401,882,25],"class_list":{"0":"post-573004","1":"post","2":"type-post","3":"status-publish","4":"format-standard","5":"has-post-thumbnail","7":"category-nice","8":"tag-actu","9":"tag-actualites","10":"tag-eu","11":"tag-europe","12":"tag-fr","13":"tag-france","14":"tag-news","15":"tag-nice","16":"tag-provence-alpes-cote-dazur","17":"tag-republique-francaise"},"share_on_mastodon":{"url":"https:\/\/pubeurope.com\/@fr\/115649726434023772","error":""},"_links":{"self":[{"href":"https:\/\/www.europesays.com\/fr\/wp-json\/wp\/v2\/posts\/573004","targetHints":{"allow":["GET"]}}],"collection":[{"href":"https:\/\/www.europesays.com\/fr\/wp-json\/wp\/v2\/posts"}],"about":[{"href":"https:\/\/www.europesays.com\/fr\/wp-json\/wp\/v2\/types\/post"}],"author":[{"embeddable":true,"href":"https:\/\/www.europesays.com\/fr\/wp-json\/wp\/v2\/users\/2"}],"replies":[{"embeddable":true,"href":"https:\/\/www.europesays.com\/fr\/wp-json\/wp\/v2\/comments?post=573004"}],"version-history":[{"count":0,"href":"https:\/\/www.europesays.com\/fr\/wp-json\/wp\/v2\/posts\/573004\/revisions"}],"wp:featuredmedia":[{"embeddable":true,"href":"https:\/\/www.europesays.com\/fr\/wp-json\/wp\/v2\/media\/573005"}],"wp:attachment":[{"href":"https:\/\/www.europesays.com\/fr\/wp-json\/wp\/v2\/media?parent=573004"}],"wp:term":[{"taxonomy":"category","embeddable":true,"href":"https:\/\/www.europesays.com\/fr\/wp-json\/wp\/v2\/categories?post=573004"},{"taxonomy":"post_tag","embeddable":true,"href":"https:\/\/www.europesays.com\/fr\/wp-json\/wp\/v2\/tags?post=573004"}],"curies":[{"name":"wp","href":"https:\/\/api.w.org\/{rel}","templated":true}]}}