{"id":573006,"date":"2025-12-02T11:25:19","date_gmt":"2025-12-02T11:25:19","guid":{"rendered":"https:\/\/www.europesays.com\/fr\/573006\/"},"modified":"2025-12-02T11:25:19","modified_gmt":"2025-12-02T11:25:19","slug":"joueurs-de-logc-nice-agresses-comportements-des-supporters-la-presse-etrangere-choquee-par-les-incidents-survenus-dimanche","status":"publish","type":"post","link":"https:\/\/www.europesays.com\/fr\/573006\/","title":{"rendered":"Joueurs de l\u2019OGC Nice agress\u00e9s, comportements des supporters&#8230; La presse \u00e9trang\u00e8re choqu\u00e9e par les incidents survenus dimanche"},"content":{"rendered":"<p class=\"fs-5 \">Une situation qui choque les instances nationales mais aussi la presse \u00e9trang\u00e8re. Apr\u00e8s une sixi\u00e8me d\u00e9faite d\u2019affil\u00e9e dimanche, deux joueurs et le directeur sportif du club ont \u00e9t\u00e9 pris \u00e0 partie physiquement par leurs propres supporters devant le centre d\u2019entra\u00eenement, dans la nuit de dimanche \u00e0 lundi.<\/p>\n<p class=\"fs-5 \">D\u2019apr\u00e8s plusieurs t\u00e9moins de ces incidents, qui ont eu lieu au retour de Lorient, o\u00f9 l\u2019OGCN a \u00e9t\u00e9 battu 3-1 en Ligue 1, les attaquants Terem Moffi et J\u00e9r\u00e9mie Boga, ainsi que le directeur sportif Florian Maurice, ont notamment \u00e9t\u00e9 pris pour cible. Une situation d\u00e9nonc\u00e9e par l\u2019UNFP, la LFP et le club.<\/p>\n<p>            <img src=\"https:\/\/www.europesays.com\/fr\/wp-content\/uploads\/2025\/12\/006951b_upload-from-url-1-5baag0lw6xe4-maxmatinnews556782-xp39kd14-8ryjydcq.webp.jpeg\"   loading=\"lazy\" decoding=\"async\" alt=\"J\u00e9r\u00e9mie Boga.\" class=\"img-fluid position-absolute w-100 object-fit-cover rounded-2\" width=\"600\" height=\"400\"\/><\/p>\n<p>                                                                                <strong>\u00ab\u00a0Folie\u00a0\u00bb, \u00ab\u00a0chaos\u00a0\u00bb, \u00ab\u00a0p\u00e9riode terrifiante\u00a0\u00bb <\/strong><\/p>\n<p class=\"fs-5 \">Pour la presse \u00e9trang\u00e8re, la situation est choquante, si bien que plusieurs m\u00e9dias ont \u00e9voqu\u00e9 ces incidents. En Italie, <a href=\"https:\/\/sport.sky.it\/calcio\/ligue-1\/2025\/12\/02\/nizza-giocatori-aggrediti-ultras-boga-moffi-lorient?social=twitter_skysport_link_null\" target=\"_blank\" rel=\"nofollow noopener\">Sky titre sur \u00ab\u00a0Folie \u00e0 Nice\u00a0\u00bb et \u00e9voque des \u00ab\u00a0Ultras qui ont sem\u00e9 la pagaille \u00e0 Nice\u00a0\u00bb<\/a> et une \u00ab\u00a0\u00e9quipe prise \u00e0 partie\u00a0\u00bb, dimanche. <strong>\u00ab\u00a0La violence des ultras fait de nouveau des ravages en France\u00a0\u00bb<\/strong>, \u00e9crivent nos confr\u00e8res italiens.<\/p>\n<p class=\"fs-5 \">Propos similaires sur le site de la Gazzetta dello Sport. <strong>\u00ab\u00a0Folie \u00e0 Nice, les ultras s\u2019en prennent \u00e0 l\u2019\u00e9quipe\u00a0: Boga et Moffi sont pass\u00e9s \u00e0 tabac\u00a0\u00bb<\/strong>,<a href=\"https:\/\/www.gazzetta.it\/Calcio\/Ligue-1\/01-12-2025\/nizza-boga-e-moffi-picchiati-dagli-ultras-cos-e-successo.shtml\" target=\"_blank\" rel=\"nofollow noopener\"> titrent nos confr\u00e8res italiens.<\/a><\/p>\n<p class=\"fs-5 \">De l\u2019autre c\u00f4t\u00e9 de la Manche, <a href=\"https:\/\/www.dailymail.co.uk\/sport\/football\/article-15343289\/Nice-legal-action-attacked-FANS-Jim-Ratcliffe.html\" target=\"_blank\" rel=\"nofollow noopener\">le DailyMail <\/a>raccroche cette affaire \u00e0 Jim Ratcliffe, aussi propri\u00e9taire de Manchester United et J\u00e9r\u00e9mie Boga, ancien de Chelsea. Il parle d\u2019un club qui \u00ab\u00a0sombre dans le chaos\u00a0\u00bb.<\/p>\n<p class=\"fs-5 \"><a href=\"https:\/\/www.thescottishsun.co.uk\/sport\/15637451\/chelsea-nice-fans-jeremie-boga-ultras\/\" target=\"_blank\" rel=\"nofollow noopener\">The Sun<\/a>, parle quant \u00e0 lui d\u2019une <strong>\u00ab\u00a0agression terrifiante\u00a0\u00bb<\/strong> et d\u2019un club qui traverse \u00ab\u00a0une p\u00e9riode cauchemardesque\u00bb.<\/p>\n<p class=\"fs-5 \">\u00ab\u00a0Ces violences physiques sont intol\u00e9rables\u00a0\u00bb, a r\u00e9agi lundi soir dans un communiqu\u00e9 l\u2019UNFP, le syndicat des joueurs, indiquant avoir \u00ab\u00a0imm\u00e9diatement pris contact\u00a0\u00bb avec Boga et Moffi. \u00ab\u00a0Face \u00e0 ces violences et aux plaintes d\u00e9pos\u00e9es, notre syndicat se r\u00e9serve le droit de se constituer partie civile\u00a0\u00bb, a-t-il ajout\u00e9.<\/p>\n<p class=\"fs-5 \">Ces incidents sont intervenus au moment o\u00f9 le club azur\u00e9en sort de six d\u00e9faites cons\u00e9cutives, en championnat et Ligue Europa.<\/p>\n","protected":false},"excerpt":{"rendered":"Une situation qui choque les instances nationales mais aussi la presse \u00e9trang\u00e8re. Apr\u00e8s une sixi\u00e8me d\u00e9faite d\u2019affil\u00e9e dimanche,&hellip;\n","protected":false},"author":2,"featured_media":573007,"comment_status":"","ping_status":"","sticky":false,"template":"","format":"standard","meta":{"footnotes":""},"categories":[2819],"tags":[1111,11,1777,674,1011,27,12,2401,54521,882,25],"class_list":{"0":"post-573006","1":"post","2":"type-post","3":"status-publish","4":"format-standard","5":"has-post-thumbnail","7":"category-nice","8":"tag-actu","9":"tag-actualites","10":"tag-eu","11":"tag-europe","12":"tag-fr","13":"tag-france","14":"tag-news","15":"tag-nice","16":"tag-ogcnice","17":"tag-provence-alpes-cote-dazur","18":"tag-republique-francaise"},"share_on_mastodon":{"url":"https:\/\/pubeurope.com\/@fr\/115649729900224776","error":""},"_links":{"self":[{"href":"https:\/\/www.europesays.com\/fr\/wp-json\/wp\/v2\/posts\/573006","targetHints":{"allow":["GET"]}}],"collection":[{"href":"https:\/\/www.europesays.com\/fr\/wp-json\/wp\/v2\/posts"}],"about":[{"href":"https:\/\/www.europesays.com\/fr\/wp-json\/wp\/v2\/types\/post"}],"author":[{"embeddable":true,"href":"https:\/\/www.europesays.com\/fr\/wp-json\/wp\/v2\/users\/2"}],"replies":[{"embeddable":true,"href":"https:\/\/www.europesays.com\/fr\/wp-json\/wp\/v2\/comments?post=573006"}],"version-history":[{"count":0,"href":"https:\/\/www.europesays.com\/fr\/wp-json\/wp\/v2\/posts\/573006\/revisions"}],"wp:featuredmedia":[{"embeddable":true,"href":"https:\/\/www.europesays.com\/fr\/wp-json\/wp\/v2\/media\/573007"}],"wp:attachment":[{"href":"https:\/\/www.europesays.com\/fr\/wp-json\/wp\/v2\/media?parent=573006"}],"wp:term":[{"taxonomy":"category","embeddable":true,"href":"https:\/\/www.europesays.com\/fr\/wp-json\/wp\/v2\/categories?post=573006"},{"taxonomy":"post_tag","embeddable":true,"href":"https:\/\/www.europesays.com\/fr\/wp-json\/wp\/v2\/tags?post=573006"}],"curies":[{"name":"wp","href":"https:\/\/api.w.org\/{rel}","templated":true}]}}