{"id":573008,"date":"2025-12-02T11:26:49","date_gmt":"2025-12-02T11:26:49","guid":{"rendered":"https:\/\/www.europesays.com\/fr\/573008\/"},"modified":"2025-12-02T11:26:49","modified_gmt":"2025-12-02T11:26:49","slug":"future-dechetterie-dans-le-quartier-beaujoire-a-nantes-le-public-consulte-des-inquietudes","status":"publish","type":"post","link":"https:\/\/www.europesays.com\/fr\/573008\/","title":{"rendered":"Future d\u00e9chetterie dans le quartier Beaujoire \u00e0 Nantes\u00a0: le public consult\u00e9, des inqui\u00e9tudes"},"content":{"rendered":"<p>C\u2019est sur ce terrain, situ\u00e9 \u00e0 l\u2019angle de la route de Carquefou et de la rue du B\u00eale, que Nantes m\u00e9tropole envisage de cr\u00e9er une nouvelle d\u00e9chetterie. Pour remplacer l\u2019\u00e9co-point de la Beaujoire, dont la fermeture est programm\u00e9e, et \u00a0drainer une petite partie des flux des d\u00e9chetteries de la Prairie-de-Mauves, de La Chapelle-sur-Erdre et de Carquefou\u00a0. Le projet fait partie <a href=\"https:\/\/nantes.maville.com\/actu\/actudet_-decheteries-nouvelle-generation-celle-de-la-chapelle-sur-erdre-ouvrira-debut-2026-_52716-6856609_actu.Htm\" target=\"_self\" rel=\"noopener\">d\u2019un vaste programme de modernisation et de restructuration de plusieurs d\u00e9chetteries de la m\u00e9tropole<\/a>, pour lequel la collectivit\u00e9 investit un total de 35\u00a0millions d\u2019euros et qui a d\u00e9marr\u00e9 par <a href=\"https:\/\/www.ouest-france.fr\/pays-de-la-loire\/la-montagne-44620\/une-decheterie-nouvelle-generation-ouvrira-mercredi-1er-octobre-a-la-montagne-c1345f18-9e0c-11f0-bf1a-3bcb4c47ce60\" target=\"_self\" rel=\"noopener\">la r\u00e9habilitation de celle de La Montagne, livr\u00e9e \u00e0 l\u2019automne.<\/a><\/p>\n<p>Ouvert du lundi au dimanche<\/p>\n<p>\u00c0 Saint-Joseph-de-Porterie, la future d\u00e9chetterie \u00a0nouvelle g\u00e9n\u00e9ration\u00a0 sera en capacit\u00e9 de collecter 300\u00a0m\u00b3 de d\u00e9chets, avec une zone de d\u00e9pose \u00a0\u00e0 plat\u00a0, au sol, et des bennes compactrices. Elle comprendra des b\u00e2timents techniques, d\u2019accueil, de d\u00e9p\u00f4t de certains mat\u00e9riaux, comme le textile et le r\u00e9emploi, une zone de stockage pour les piles, huiles, mat\u00e9riel \u00e9lectrique,\u00a0etc. Avec un total de treize places de stationnement, elle sera ouverte de 10\u00a0h \u00e0 17\u00a0h\u00a045, du lundi au dimanche, et g\u00e9r\u00e9e par quatre agents.<\/p>\n<p>En tant qu\u2019installation class\u00e9e pour la protection de l\u2019environnement, le projet fait l\u2019objet d\u2019une proc\u00e9dure d\u2019enregistrement aupr\u00e8s des services de l\u2019\u00c9tat. Des riverains se sont d\u00e9j\u00e0 exprim\u00e9s par la voix de l\u2019association des Amis de la Beaujoire, qui regrette que les habitants \u00a0aient \u00e9t\u00e9 trop peu inform\u00e9s. Nous ne sommes pas contre les \u00e9co-points, ni les d\u00e9chetteries, mais ce projet semble impos\u00e9 sans dialogue\u00a0, r\u00e9sume Guillaume, secr\u00e9taire de l\u2019association.<\/p>\n<p>Les inqui\u00e9tudes portent sur les r\u00e9percussions sur la circulation route de Carquefou, sur le bruit et la pollution pour les riverains et pour les arbres de la zone bois\u00e9e qui longe la chauss\u00e9e. \u00a0Avec les projets immobiliers dans cette zone, est-ce le meilleur endroit pour une d\u00e9chetterie\u00a0?\u00a0\u00bb s\u2019interroge-t-il.<\/p>\n<p>Le dossier est consultable <a href=\"https:\/\/www.loire-atlantique.gouv.fr\/Actions-de-l-Etat\/Environnement\/Procedures-administratives-commissions\/Installations-classees-ICPE2\/Installation-Industrielles\/NANTES-METROPOLE-Eco-Point-du-Bele-a-Nantes-Demande-Enregistrement-creation-dechetterie\" target=\"_self\" rel=\"noopener\">sur le site de la pr\u00e9fecture.<\/a> Le public peut formuler des observations jusqu\u2019au mardi 16\u00a0d\u00e9cembre.<\/p>\n<p>\u00a0<\/p>\n","protected":false},"excerpt":{"rendered":"C\u2019est sur ce terrain, situ\u00e9 \u00e0 l\u2019angle de la route de Carquefou et de la rue du B\u00eale,&hellip;\n","protected":false},"author":2,"featured_media":573009,"comment_status":"","ping_status":"","sticky":false,"template":"","format":"standard","meta":{"footnotes":""},"categories":[2818],"tags":[1111,11,10999,68749,68748,1777,674,68750,1011,27,4108,37582,766,12,2636,3532,5775,25],"class_list":{"0":"post-573008","1":"post","2":"type-post","3":"status-publish","4":"format-standard","5":"has-post-thumbnail","7":"category-nantes","8":"tag-actu","9":"tag-actualites","10":"tag-beaujoire","11":"tag-consulte","12":"tag-dechetterie","13":"tag-eu","14":"tag-europe","15":"tag-expriment","16":"tag-fr","17":"tag-france","18":"tag-future","19":"tag-inquietudes","20":"tag-nantes","21":"tag-news","22":"tag-pays-de-la-loire","23":"tag-public","24":"tag-quartier","25":"tag-republique-francaise"},"share_on_mastodon":{"url":"https:\/\/pubeurope.com\/@fr\/115649737066152194","error":""},"_links":{"self":[{"href":"https:\/\/www.europesays.com\/fr\/wp-json\/wp\/v2\/posts\/573008","targetHints":{"allow":["GET"]}}],"collection":[{"href":"https:\/\/www.europesays.com\/fr\/wp-json\/wp\/v2\/posts"}],"about":[{"href":"https:\/\/www.europesays.com\/fr\/wp-json\/wp\/v2\/types\/post"}],"author":[{"embeddable":true,"href":"https:\/\/www.europesays.com\/fr\/wp-json\/wp\/v2\/users\/2"}],"replies":[{"embeddable":true,"href":"https:\/\/www.europesays.com\/fr\/wp-json\/wp\/v2\/comments?post=573008"}],"version-history":[{"count":0,"href":"https:\/\/www.europesays.com\/fr\/wp-json\/wp\/v2\/posts\/573008\/revisions"}],"wp:featuredmedia":[{"embeddable":true,"href":"https:\/\/www.europesays.com\/fr\/wp-json\/wp\/v2\/media\/573009"}],"wp:attachment":[{"href":"https:\/\/www.europesays.com\/fr\/wp-json\/wp\/v2\/media?parent=573008"}],"wp:term":[{"taxonomy":"category","embeddable":true,"href":"https:\/\/www.europesays.com\/fr\/wp-json\/wp\/v2\/categories?post=573008"},{"taxonomy":"post_tag","embeddable":true,"href":"https:\/\/www.europesays.com\/fr\/wp-json\/wp\/v2\/tags?post=573008"}],"curies":[{"name":"wp","href":"https:\/\/api.w.org\/{rel}","templated":true}]}}