{"id":573010,"date":"2025-12-02T11:28:10","date_gmt":"2025-12-02T11:28:10","guid":{"rendered":"https:\/\/www.europesays.com\/fr\/573010\/"},"modified":"2025-12-02T11:28:10","modified_gmt":"2025-12-02T11:28:10","slug":"plus-de-2000-cachets-de-la-drogue-du-pauvre-retrouves-chez-lui","status":"publish","type":"post","link":"https:\/\/www.europesays.com\/fr\/573010\/","title":{"rendered":"plus de 2000 cachets de la \u00ab drogue du pauvre \u00bb retrouv\u00e9s chez lui"},"content":{"rendered":"<p>                    Par<br \/>\n        <strong><br \/>\n            <a href=\"https:\/\/actu.fr\/auteur\/thomas-bernard\" title=\"Consulter tous les articles de Thomas Bernard\" target=\"_blank\" rel=\"noopener\">Thomas Bernard<\/a><br \/>\n                    <\/strong><\/p>\n<p>        Publi\u00e9 le<\/p>\n<p>            2 d\u00e9c. 2025 \u00e0 12h20        <\/p>\n<p>Peu avant 16\u2009h\u200930, ce samedi 29\u00a0novembre 2025, les policiers contr\u00f4lent un homme \u00e0 scooter dans le secteur du centre commercial Beaulieu, sur l\u2019\u00eele de Nantes.<\/p>\n<p class=\" wall-content\">Lors de la fouille du deux-roues, les fonctionnaires d\u00e9couvrent<b> 51 g\u00e9lules de pr\u00e9gabaline et 22 paquets de cigarettes<\/b>. L\u2019individu \u00e9tait \u00e9galement porteur de quelques barrettes de cannabis. Suite au contr\u00f4le, les enqu\u00eateurs ont men\u00e9 une perquisition au domicile de l\u2019homme de 32\u00a0ans.<\/p>\n<p>Plus de 2\u2009200 g\u00e9lules<\/p>\n<p class=\" wall-content\">Dans le logement, les policiers retrouvent <b>plus de 2\u2009200 g\u00e9lules de pr\u00e9gabaline<\/b>, un m\u00e9dicament utilis\u00e9\u00a0pour traiter l\u2019\u00e9pilepsie, les douleurs neuropathiques et le Trouble Anxieux G\u00e9n\u00e9ralis\u00e9 (TAG) chez l\u2019adulte. Un traitement <b>d\u00e9tourn\u00e9 \u00e0 des fins de stup\u00e9fiant pour ses effets d\u00e9sinhibant<\/b>. Depuis plusieurs ann\u00e9es, des cas d\u2019addiction se multiplient, \u00e0 tel point que l\u2019on surnomme ce m\u00e9dicament comme <a href=\"https:\/\/actu.fr\/faits-divers\/pregabaline-c-est-quoi-cette-drogue-du-pauvre-qui-inquiete-les-autorites-francaises_60319566.html\" target=\"_blank\" rel=\"noopener\">\u00ab\u2009la drogue du pauvre\u2009\u00bb<\/a>.<\/p>\n<p class=\" wall-content\">Outre la pr\u00e9gabaline, les policiers <b>d\u00e9couvrent aussi 1,4\u00a0kg de r\u00e9sine de cannabis<\/b>.<\/p>\n<p class=\" wall-content\">Selon nos confr\u00e8res de <a href=\"https:\/\/www.ouest-france.fr\/societe\/drogue\/plus-de-2000-gelules-de-psychotropes-saisies-a-son-domicile-de-nantes-dd039086-cea1-11f0-9f92-1f1697d8d1ab\" target=\"_blank\" rel=\"noopener\">Presse Oc\u00e9an <\/a>et de <a href=\"https:\/\/www.ouest-france.fr\/societe\/faits-divers\/repere-a-nantes-avec-son-scooter-il-cachait-plus-de-2200-cachets-de-pregabaline-5da6fd1e-cece-11f0-9f92-1f1697d8d1ab\" target=\"_blank\" rel=\"noopener\">Ouest France<\/a>, l\u2019homme de 32\u00a0ans a expliqu\u00e9 que les cachets appartenaient \u00e0 son colocataire dont l\u2019existence n\u2019est pas prouv\u00e9e.<\/p>\n<p class=\" wall-content\">Personnalisez votre actualit\u00e9 en ajoutant vos villes et m\u00e9dias en favori avec <a href=\"https:\/\/moncompte.actu.fr\" title=\"D\u00e9couvez Mon Actu\" rel=\"nofollow noopener\" data-trk=\"{&quot;cta&quot;:{&quot;action&quot;:&quot;https:\\\/\\\/moncompte.actu.fr&quot;,&quot;category&quot;:&quot;mon compte&quot;,&quot;from&quot;:&quot;article footer&quot;,&quot;name&quot;:&quot;Mon actu&quot;,&quot;type&quot;:&quot;cta&quot;}}\" target=\"_blank\">Mon Actu<\/a>.<\/p>\n","protected":false},"excerpt":{"rendered":"Par Thomas Bernard Publi\u00e9 le 2 d\u00e9c. 2025 \u00e0 12h20 Peu avant 16\u2009h\u200930, ce samedi 29\u00a0novembre 2025, les&hellip;\n","protected":false},"author":2,"featured_media":573011,"comment_status":"","ping_status":"","sticky":false,"template":"","format":"standard","meta":{"footnotes":""},"categories":[2818],"tags":[1111,11,1052,1777,674,118,1011,27,766,12,2636,1072,25],"class_list":{"0":"post-573010","1":"post","2":"type-post","3":"status-publish","4":"format-standard","5":"has-post-thumbnail","7":"category-nantes","8":"tag-actu","9":"tag-actualites","10":"tag-drogue","11":"tag-eu","12":"tag-europe","13":"tag-faits-divers","14":"tag-fr","15":"tag-france","16":"tag-nantes","17":"tag-news","18":"tag-pays-de-la-loire","19":"tag-police","20":"tag-republique-francaise"},"share_on_mastodon":{"url":"https:\/\/pubeurope.com\/@fr\/115649741091080932","error":""},"_links":{"self":[{"href":"https:\/\/www.europesays.com\/fr\/wp-json\/wp\/v2\/posts\/573010","targetHints":{"allow":["GET"]}}],"collection":[{"href":"https:\/\/www.europesays.com\/fr\/wp-json\/wp\/v2\/posts"}],"about":[{"href":"https:\/\/www.europesays.com\/fr\/wp-json\/wp\/v2\/types\/post"}],"author":[{"embeddable":true,"href":"https:\/\/www.europesays.com\/fr\/wp-json\/wp\/v2\/users\/2"}],"replies":[{"embeddable":true,"href":"https:\/\/www.europesays.com\/fr\/wp-json\/wp\/v2\/comments?post=573010"}],"version-history":[{"count":0,"href":"https:\/\/www.europesays.com\/fr\/wp-json\/wp\/v2\/posts\/573010\/revisions"}],"wp:featuredmedia":[{"embeddable":true,"href":"https:\/\/www.europesays.com\/fr\/wp-json\/wp\/v2\/media\/573011"}],"wp:attachment":[{"href":"https:\/\/www.europesays.com\/fr\/wp-json\/wp\/v2\/media?parent=573010"}],"wp:term":[{"taxonomy":"category","embeddable":true,"href":"https:\/\/www.europesays.com\/fr\/wp-json\/wp\/v2\/categories?post=573010"},{"taxonomy":"post_tag","embeddable":true,"href":"https:\/\/www.europesays.com\/fr\/wp-json\/wp\/v2\/tags?post=573010"}],"curies":[{"name":"wp","href":"https:\/\/api.w.org\/{rel}","templated":true}]}}