{"id":573014,"date":"2025-12-02T11:30:12","date_gmt":"2025-12-02T11:30:12","guid":{"rendered":"https:\/\/www.europesays.com\/fr\/573014\/"},"modified":"2025-12-02T11:30:12","modified_gmt":"2025-12-02T11:30:12","slug":"le-marche-de-cette-ville-au-sud-de-bordeaux-fait-peau-neuve","status":"publish","type":"post","link":"https:\/\/www.europesays.com\/fr\/573014\/","title":{"rendered":"le march\u00e9 de cette ville au sud de Bordeaux fait peau neuve"},"content":{"rendered":"<p>                    Par<br \/>\n        <strong><br \/>\n            <a href=\"https:\/\/actu.fr\/auteur\/redaction-republicainlangon\" title=\"Consulter tous les articles de R\u00e9daction Le R\u00e9publicain Langon\" target=\"_blank\" rel=\"noopener\">R\u00e9daction Le R\u00e9publicain Langon<\/a><br \/>\n                    <\/strong><\/p>\n<p>        Publi\u00e9 le<\/p>\n<p>            2 d\u00e9c. 2025 \u00e0 12h12        <\/p>\n<p>Du changement \u00e0 <a href=\"https:\/\/actu.fr\/nouvelle-aquitaine\/beautiran_33037\" target=\"_blank\" rel=\"noopener\">Beautiran<\/a>, en <a href=\"https:\/\/actu.fr\/nouvelle-aquitaine\/gironde_33\" target=\"_blank\" rel=\"noopener\">Gironde<\/a>. Depuis samedi 22\u00a0novembre 2025, le <b>march\u00e9 hebdomadaire<\/b> de la commune de plus de 2\u2009200\u00a0habitants, situ\u00e9e au sud de <a href=\"https:\/\/actu.fr\/bordeaux\/\" target=\"_blank\" rel=\"noopener\">Bordeaux<\/a>, a d\u00e9m\u00e9nag\u00e9 <b>devant la mairie<\/b>, place de Verdun, alors qu\u2019il prenait place jusqu\u2019\u00e0 pr\u00e9sent sur l\u2019esplanade situ\u00e9e devant l\u2019\u00e9glise.<\/p>\n<p>Plus de visibilit\u00e9<\/p>\n<p class=\" wall-content\">\u00ab\u2009Le march\u00e9 d\u00e9m\u00e9nage pour <b>\u00eatre plus visible<\/b>, car on ne le voit pas bien depuis le centre bourg sur son emplacement actuel, puisqu\u2019il est cach\u00e9 derri\u00e8re l\u2019\u00e9glise. On veut aussi le rendre <b>plus accessible<\/b>, notamment pour les <a href=\"https:\/\/actu.fr\/tag\/seniors\" target=\"_blank\" rel=\"noopener\">personnes \u00e2g\u00e9es<\/a> du centre bourg\u2009: le sol est dur, donc <b>plus facilement praticable\u2009<\/b>\u00bb, explique Maud Casini, de l\u2019association Beautiran Aime le Mouvement (BAM). Une association \u00e0 l\u2019initiative de ce nouveau rendez-vous hebdomadaire.<\/p>\n<p class=\" wall-content\">Un d\u00e9m\u00e9nagement pens\u00e9 aussi pour <b>am\u00e9liorer sa convivialit\u00e9<\/b>\u2009: \u00ab\u2009Le souhait de base, c\u2019\u00e9tait d\u2019<b>amener de la vie<\/b> dans le centre bourg. L\u00e0, on pourra capter les gens qui vont \u00e0 la biblioth\u00e8que, \u00e0 l\u2019\u00e9picerie, et cela va faciliter les \u00e9changes pour les habitants sur la place publique\u2009\u00bb,<\/p>\n<p>De nouveaux exposants<\/p>\n<p class=\" wall-content\">Ce march\u00e9, lanc\u00e9 en f\u00e9vrier par l\u2019association BAM, rassemble<b> chaque samedi matin<\/b> un nombre croissant d\u2019exposants. Parmi lesquels <b>plusieurs nouveaux<\/b>\u2009:<\/p>\n<ul class=\" wall-content\">\n<li>un boucher<\/li>\n<li>un primeur conventionnel<\/li>\n<li>un volailler<\/li>\n<li>un nouveau r\u00f4tisseur<\/li>\n<li>un p\u00e9pini\u00e9riste<\/li>\n<li>un aff\u00fbteur<\/li>\n<\/ul>\n<p>Vid\u00e9os : en ce moment sur Actu<\/p>\n<p class=\" wall-content\">Alors que sa\u00a0premi\u00e8re bougie n\u2019a pas encore \u00e9t\u00e9 souffl\u00e9e, le march\u00e9 de\u00a0Beautiran affirme d\u00e9j\u00e0 son <b>dynamisme<\/b>.<\/p>\n<p class=\" wall-content\">Personnalisez votre actualit\u00e9 en ajoutant vos villes et m\u00e9dias en favori avec <a href=\"https:\/\/moncompte.actu.fr\" title=\"D\u00e9couvez Mon Actu\" rel=\"nofollow noopener\" data-trk=\"{&quot;cta&quot;:{&quot;action&quot;:&quot;https:\\\/\\\/moncompte.actu.fr&quot;,&quot;category&quot;:&quot;mon compte&quot;,&quot;from&quot;:&quot;article footer&quot;,&quot;name&quot;:&quot;Mon actu&quot;,&quot;type&quot;:&quot;cta&quot;}}\" target=\"_blank\">Mon Actu<\/a>.<\/p>\n","protected":false},"excerpt":{"rendered":"Par R\u00e9daction Le R\u00e9publicain Langon Publi\u00e9 le 2 d\u00e9c. 2025 \u00e0 12h12 Du changement \u00e0 Beautiran, en Gironde.&hellip;\n","protected":false},"author":2,"featured_media":573015,"comment_status":"","ping_status":"","sticky":false,"template":"","format":"standard","meta":{"footnotes":""},"categories":[2817],"tags":[1111,11,1063,1997,1777,674,1011,27,2089,12,2219,25,104],"class_list":{"0":"post-573014","1":"post","2":"type-post","3":"status-publish","4":"format-standard","5":"has-post-thumbnail","7":"category-bordeaux","8":"tag-actu","9":"tag-actualites","10":"tag-animations","11":"tag-bordeaux","12":"tag-eu","13":"tag-europe","14":"tag-fr","15":"tag-france","16":"tag-marche","17":"tag-news","18":"tag-nouvelle-aquitaine","19":"tag-republique-francaise","20":"tag-societe"},"share_on_mastodon":{"url":"https:\/\/pubeurope.com\/@fr\/115649748956957710","error":""},"_links":{"self":[{"href":"https:\/\/www.europesays.com\/fr\/wp-json\/wp\/v2\/posts\/573014","targetHints":{"allow":["GET"]}}],"collection":[{"href":"https:\/\/www.europesays.com\/fr\/wp-json\/wp\/v2\/posts"}],"about":[{"href":"https:\/\/www.europesays.com\/fr\/wp-json\/wp\/v2\/types\/post"}],"author":[{"embeddable":true,"href":"https:\/\/www.europesays.com\/fr\/wp-json\/wp\/v2\/users\/2"}],"replies":[{"embeddable":true,"href":"https:\/\/www.europesays.com\/fr\/wp-json\/wp\/v2\/comments?post=573014"}],"version-history":[{"count":0,"href":"https:\/\/www.europesays.com\/fr\/wp-json\/wp\/v2\/posts\/573014\/revisions"}],"wp:featuredmedia":[{"embeddable":true,"href":"https:\/\/www.europesays.com\/fr\/wp-json\/wp\/v2\/media\/573015"}],"wp:attachment":[{"href":"https:\/\/www.europesays.com\/fr\/wp-json\/wp\/v2\/media?parent=573014"}],"wp:term":[{"taxonomy":"category","embeddable":true,"href":"https:\/\/www.europesays.com\/fr\/wp-json\/wp\/v2\/categories?post=573014"},{"taxonomy":"post_tag","embeddable":true,"href":"https:\/\/www.europesays.com\/fr\/wp-json\/wp\/v2\/tags?post=573014"}],"curies":[{"name":"wp","href":"https:\/\/api.w.org\/{rel}","templated":true}]}}