{"id":573019,"date":"2025-12-02T11:33:15","date_gmt":"2025-12-02T11:33:15","guid":{"rendered":"https:\/\/www.europesays.com\/fr\/573019\/"},"modified":"2025-12-02T11:33:15","modified_gmt":"2025-12-02T11:33:15","slug":"une-des-plus-belles-patinoires-de-noel-de-la-metropole-de-lille-ouvre-ses-portes-ce-samedi","status":"publish","type":"post","link":"https:\/\/www.europesays.com\/fr\/573019\/","title":{"rendered":"Une des plus belles patinoires de No\u00ebl de la m\u00e9tropole de Lille ouvre ses portes ce samedi"},"content":{"rendered":"<p>                    Par<br \/>\n        <strong><br \/>\n            <a href=\"https:\/\/actu.fr\/auteur\/nicolas-demollien\" title=\"Consulter tous les articles de Nicolas Demollien\" target=\"_blank\" rel=\"noopener\">Nicolas Demollien<\/a><br \/>\n                    <\/strong><\/p>\n<p>        Publi\u00e9 le<\/p>\n<p>            2 d\u00e9c. 2025 \u00e0 11h56        <\/p>\n<p>Pour les <b>petits comme les grands<\/b>, son succ\u00e8s ne se d\u00e9ment pas chaque ann\u00e9e. Il faut dire que cette <b>patinoire<\/b> de <a href=\"https:\/\/actu.fr\/tag\/noel\" target=\"_blank\" rel=\"noopener\">No\u00ebl<\/a> est l\u2019<b>une des plus belles de la m\u00e9tropole<\/b> de <a href=\"https:\/\/actu.fr\/hauts-de-france\/lille_59350\" target=\"_blank\" rel=\"noopener\">Lille<\/a> (Nord). Cette installation, c\u2019est celle de <a href=\"https:\/\/actu.fr\/hauts-de-france\/marcq-en-baroeul_59378\" target=\"_blank\" rel=\"noopener\">Marcq-en-Bar\u0153ul<\/a> et elle <b>ouvre ses portes ce samedi 6\u00a0d\u00e9cembre 2025<\/b>.<\/p>\n<p>La patinoire de No\u00ebl de Marcq-en-Bar\u0153ul, l\u2019une des plus belles de la m\u00e9tropole de Lille<\/p>\n<p data-end=\"668\" class=\" wall-content\">Jusqu\u2019au 11\u00a0janvier 2025, la traditionnelle patinoire synth\u00e9tique de <b>200 m\u00b2<\/b> sera ainsi <b>install\u00e9e \u00e0 la ferme aux oies<\/b>, sous la halle, offrant une sc\u00e8ne hivernale scintillante o\u00f9 familles et enfants pourront s\u2019\u00e9lancer au milieu des d\u00e9corations, des guirlandes et des sapins illumin\u00e9s. Une ambiance chaleureuse et f\u00e9erique, fid\u00e8le aux f\u00eates de fin d\u2019ann\u00e9e.<\/p>\n<p data-end=\"668\" class=\" wall-content\">C\u2019est ce qui en fait ind\u00e9niablement l\u2019une des plus belles du territoire, dans un <a href=\"https:\/\/actu.fr\/hauts-de-france\/marcq-en-baroeul_59378\/jeux-deau-toboggans-animaux-le-paradis-des-enfants-est-a-quelques-minutes-de-lille_60058376.html\" target=\"_blank\" rel=\"noopener\">lieu magique pour les enfants en toute saison<\/a>.<\/p>\n<p data-end=\"1258\" class=\" wall-content\">La patinoire sera accessible de 14\u2009h \u00e0 18\u2009h\u200930 \u2013 avec une derni\u00e8re s\u00e9ance \u00e0 18\u2009h \u2013 lors des week-ends des 6-7 et 13-14\u00a0d\u00e9cembre, ainsi que des 10-11\u00a0janvier 2026. Elle ouvrira \u00e9galement tous les jours pendant les vacances scolaires, du 20\u00a0d\u00e9cembre 2025 au 4\u00a0janvier 2026, \u00e0 l\u2019exception des 25\u00a0d\u00e9cembre et 1er\u00a0janvier.<br data-end=\"1018\"\/>\u00c0 noter qu\u2019une<b> <\/b>fermeture anticip\u00e9e \u00e0 17\u2009h est pr\u00e9vue les mercredis 24 et 31\u00a0d\u00e9cembre, la derni\u00e8re s\u00e9ance se terminant \u00e0 16\u2009h\u200930.<br data-end=\"1153\"\/>Tarif\u2009: 2\u00a0\u20ac les 30\u00a0minutes. Plus d\u2019infos sur le site\u2009: <a href=\"https:\/\/www.marcq-en-baroeul.org\/noel-a-marcq#:~:text=Patinoire%20ouverte%20de%2014h%20%C3%A0,et%20le%201%20er%20janvier).\" target=\"_blank\" rel=\"noopener\">marcq-en-baroeul.org<\/a>.<\/p>\n<p class=\" wall-content\">Personnalisez votre actualit\u00e9 en ajoutant vos villes et m\u00e9dias en favori avec <a href=\"https:\/\/moncompte.actu.fr\" title=\"D\u00e9couvez Mon Actu\" rel=\"nofollow noopener\" data-trk=\"{&quot;cta&quot;:{&quot;action&quot;:&quot;https:\\\/\\\/moncompte.actu.fr&quot;,&quot;category&quot;:&quot;mon compte&quot;,&quot;from&quot;:&quot;article footer&quot;,&quot;name&quot;:&quot;Mon actu&quot;,&quot;type&quot;:&quot;cta&quot;}}\" target=\"_blank\">Mon Actu<\/a>.<\/p>\n","protected":false},"excerpt":{"rendered":"Par Nicolas Demollien Publi\u00e9 le 2 d\u00e9c. 2025 \u00e0 11h56 Pour les petits comme les grands, son succ\u00e8s&hellip;\n","protected":false},"author":2,"featured_media":573020,"comment_status":"","ping_status":"","sticky":false,"template":"","format":"standard","meta":{"footnotes":""},"categories":[2815],"tags":[1111,11,1777,674,1011,27,811,1307,1652,12,15830,25],"class_list":{"0":"post-573019","1":"post","2":"type-post","3":"status-publish","4":"format-standard","5":"has-post-thumbnail","7":"category-lille","8":"tag-actu","9":"tag-actualites","10":"tag-eu","11":"tag-europe","12":"tag-fr","13":"tag-france","14":"tag-hauts-de-france","15":"tag-lille","16":"tag-loisirs-culture","17":"tag-news","18":"tag-noel","19":"tag-republique-francaise"},"share_on_mastodon":{"url":"https:\/\/pubeurope.com\/@fr\/115649760833156077","error":""},"_links":{"self":[{"href":"https:\/\/www.europesays.com\/fr\/wp-json\/wp\/v2\/posts\/573019","targetHints":{"allow":["GET"]}}],"collection":[{"href":"https:\/\/www.europesays.com\/fr\/wp-json\/wp\/v2\/posts"}],"about":[{"href":"https:\/\/www.europesays.com\/fr\/wp-json\/wp\/v2\/types\/post"}],"author":[{"embeddable":true,"href":"https:\/\/www.europesays.com\/fr\/wp-json\/wp\/v2\/users\/2"}],"replies":[{"embeddable":true,"href":"https:\/\/www.europesays.com\/fr\/wp-json\/wp\/v2\/comments?post=573019"}],"version-history":[{"count":0,"href":"https:\/\/www.europesays.com\/fr\/wp-json\/wp\/v2\/posts\/573019\/revisions"}],"wp:featuredmedia":[{"embeddable":true,"href":"https:\/\/www.europesays.com\/fr\/wp-json\/wp\/v2\/media\/573020"}],"wp:attachment":[{"href":"https:\/\/www.europesays.com\/fr\/wp-json\/wp\/v2\/media?parent=573019"}],"wp:term":[{"taxonomy":"category","embeddable":true,"href":"https:\/\/www.europesays.com\/fr\/wp-json\/wp\/v2\/categories?post=573019"},{"taxonomy":"post_tag","embeddable":true,"href":"https:\/\/www.europesays.com\/fr\/wp-json\/wp\/v2\/tags?post=573019"}],"curies":[{"name":"wp","href":"https:\/\/api.w.org\/{rel}","templated":true}]}}