{"id":573023,"date":"2025-12-02T11:35:17","date_gmt":"2025-12-02T11:35:17","guid":{"rendered":"https:\/\/www.europesays.com\/fr\/573023\/"},"modified":"2025-12-02T11:35:17","modified_gmt":"2025-12-02T11:35:17","slug":"au-theatre-des-bernardines-la-compagnie-cartoun-sardines-reinvente-angele-le-film-de-marcel-pagnol","status":"publish","type":"post","link":"https:\/\/www.europesays.com\/fr\/573023\/","title":{"rendered":"Au th\u00e9\u00e2tre des Bernardines, la compagnie Cartoun Sardines r\u00e9invente \u00ab\u00a0Ang\u00e8le\u00a0\u00bb, le film de Marcel Pagnol"},"content":{"rendered":"<p>\u00ab\u00a0<a href=\"https:\/\/www.laprovence.com\/article\/culture-loisirs\/6403002189637614\/marcel-pagnol-de-l-homme-de-lettres-au-cineaste-culte\" target=\"_blank\" rel=\"noopener\">Marcel Pagnol <\/a>est dans mon c\u0153ur de Marseillais, depuis l\u2019enfance\u00a0\u00bb, affirme <a href=\"https:\/\/www.laprovence.com\/article\/region\/8082123568554214\/le-film-angele-de-marcel-pagnol-revisite-en-piece-de-theatre-a-aubagne\" target=\"_blank\" rel=\"noopener\">Patrick Ponce, metteur en sc\u00e8ne de la troupe Cartoun Sardines<\/a>. Ce dernier a adapt\u00e9, \u00e0 la sc\u00e8ne, <a href=\"https:\/\/www.laprovence.com\/article\/region\/8082123568554214\/le-film-angele-de-marcel-pagnol-revisite-en-piece-de-theatre-a-aubagne\" target=\"_blank\" rel=\"noopener\">le film Ang\u00e8le <\/a>(1934). La pi\u00e8ce raconte le tournage, avec une machinerie invisible, imitant le cin\u00e9ma naissant. Les acteurs jouent \u00e0 la fois les personnages et les techniciens du film. Un bel hommage \u00e0 la fois au cin\u00e9aste et dialoguiste hors pair qu\u2019\u00e9tait Pagnol, ainsi qu\u2019\u00e0 la po\u00e9sie de Giono puisque Ang\u00e8le est tir\u00e9 du roman Un de Baumugnes<strong>.<\/strong><\/p>\n<p><strong>L\u2019originalit\u00e9 de votre pi\u00e8ce est de pr\u00e9senter le making-of du film \u00ab\u00a0Ang\u00e8le\u00a0\u00bb, son tournage. De quelle mani\u00e8re\u00a0?<\/strong>&#13;\n<\/p>\n<p>Nous avons choisi de ne pas mettre en sc\u00e8ne quoi que ce soit de r\u00e9aliste. J\u2019ai imagin\u00e9 une machinerie de cin\u00e9ma, avec un traveling qui fait tout le tour de la sc\u00e8ne. \u00c0 partir de ce m\u00e9canisme, les acteurs \u00e9voquent toutes les sc\u00e8nes sans cam\u00e9ra, ni micro. Ils racontent l\u2019action comme s\u2019ils lisaient un sc\u00e9nario, avec\u00a0des indications \u00ab\u00a0ext\u00e9rieur nuit, devant la ferme\u00a0\u00bb par exemple.<\/p>\n<p><strong>On ne verra donc pas le d\u00e9cor d\u2019une ferme.<\/strong>&#13;\n<\/p>\n<p>Tout est \u00e9voqu\u00e9 par le jeu des acteurs et le texte. Je voulais m\u00ealer le roman de Giono, Un de Baumugnes, et le film de <a href=\"https:\/\/www.laprovence.com\/article\/culture-loisirs\/6403002189637614\/marcel-pagnol-de-l-homme-de-lettres-au-cineaste-culte\" target=\"_blank\" rel=\"noopener\">Pagnol<\/a>, son adaptation \u00e0 l\u2019\u00e9cran&#8230;<\/p>\n","protected":false},"excerpt":{"rendered":"\u00ab\u00a0Marcel Pagnol est dans mon c\u0153ur de Marseillais, depuis l\u2019enfance\u00a0\u00bb, affirme Patrick Ponce, metteur en sc\u00e8ne de la&hellip;\n","protected":false},"author":2,"featured_media":573024,"comment_status":"","ping_status":"","sticky":false,"template":"","format":"standard","meta":{"footnotes":""},"categories":[2814],"tags":[17,1111,11,68751,68752,23486,251,154,1777,674,1011,27,884,12,882,25,16943,1347],"class_list":{"0":"post-573023","1":"post","2":"type-post","3":"status-publish","4":"format-standard","5":"has-post-thumbnail","7":"category-marseille","8":"tag-17","9":"tag-actu","10":"tag-actualites","11":"tag-bernardines","12":"tag-cartoun","13":"tag-compagnie","14":"tag-culture","15":"tag-des","16":"tag-eu","17":"tag-europe","18":"tag-fr","19":"tag-france","20":"tag-marseille","21":"tag-news","22":"tag-provence-alpes-cote-dazur","23":"tag-republique-francaise","24":"tag-sardines","25":"tag-theatre"},"share_on_mastodon":{"url":"https:\/\/pubeurope.com\/@fr\/115649768750836810","error":""},"_links":{"self":[{"href":"https:\/\/www.europesays.com\/fr\/wp-json\/wp\/v2\/posts\/573023","targetHints":{"allow":["GET"]}}],"collection":[{"href":"https:\/\/www.europesays.com\/fr\/wp-json\/wp\/v2\/posts"}],"about":[{"href":"https:\/\/www.europesays.com\/fr\/wp-json\/wp\/v2\/types\/post"}],"author":[{"embeddable":true,"href":"https:\/\/www.europesays.com\/fr\/wp-json\/wp\/v2\/users\/2"}],"replies":[{"embeddable":true,"href":"https:\/\/www.europesays.com\/fr\/wp-json\/wp\/v2\/comments?post=573023"}],"version-history":[{"count":0,"href":"https:\/\/www.europesays.com\/fr\/wp-json\/wp\/v2\/posts\/573023\/revisions"}],"wp:featuredmedia":[{"embeddable":true,"href":"https:\/\/www.europesays.com\/fr\/wp-json\/wp\/v2\/media\/573024"}],"wp:attachment":[{"href":"https:\/\/www.europesays.com\/fr\/wp-json\/wp\/v2\/media?parent=573023"}],"wp:term":[{"taxonomy":"category","embeddable":true,"href":"https:\/\/www.europesays.com\/fr\/wp-json\/wp\/v2\/categories?post=573023"},{"taxonomy":"post_tag","embeddable":true,"href":"https:\/\/www.europesays.com\/fr\/wp-json\/wp\/v2\/tags?post=573023"}],"curies":[{"name":"wp","href":"https:\/\/api.w.org\/{rel}","templated":true}]}}