{"id":573025,"date":"2025-12-02T11:36:27","date_gmt":"2025-12-02T11:36:27","guid":{"rendered":"https:\/\/www.europesays.com\/fr\/573025\/"},"modified":"2025-12-02T11:36:27","modified_gmt":"2025-12-02T11:36:27","slug":"avec-une-majoration-de-60-sur-la-taxe-dhabitation-marseille-continue-de-faire-la-guerre-aux-residences-secondaires","status":"publish","type":"post","link":"https:\/\/www.europesays.com\/fr\/573025\/","title":{"rendered":"Avec une majoration de 60 % sur la taxe d&rsquo;habitation, Marseille continue de faire la guerre aux r\u00e9sidences secondaires"},"content":{"rendered":"<p>L\u2019augmentation de la taxe fonci\u00e8re\u00a0? <a href=\"https:\/\/www.laprovence.com\/article\/societe\/16659197156486\/taxe-fonciere-sebastien-lecornu-annonce-suspendre-la-hausse-dici-au-printemps\" target=\"_blank\" rel=\"noopener\">On en reparlera au printemps<\/a>, a d\u00e9cid\u00e9 le Premier ministre, S\u00e9bastien Lecornu. La taxe d\u2019habitation sur les r\u00e9sidences secondaires major\u00e9e \u00e0 60%, en revanche, reste d\u2019actualit\u00e9 \u00e0 Marseille. Et pour Pierre, elle garde un go\u00fbt amer. \u00ab\u00a0En septembre, j\u2019ai pay\u00e9 ma taxe fonci\u00e8re\u00a0: 1\u00a0164\u00a0euros. Je m\u2019attendais \u00e0 recevoir une taxe d\u2019habitation \u00e9quivalente. Eh bien non\u00a0: 2\u00a0073\u00a0euros\u00a0! 3\u00a0200\u00a0euros par an pour un pied-\u00e0-terre, c\u2019est exag\u00e9r\u00e9, je n\u2019ai pas une villa en bord de mer\u00a0!\u00a0\u00bb<\/p>\n<p>Le quinquag\u00e9naire vit au Luxembourg. \u00ab\u00a0Je viens \u00e0 Marseille tous les deux mois pour rendre visite \u00e0 ma famille. J\u2019ai achet\u00e9 un appartement de 36\u00a0m\u00b2 aux Caillols, dans le 12e arrondissement. J\u2019y passe tout l\u2019\u00e9t\u00e9, je contribue donc aussi \u00e0 l\u2019\u00e9conomie locale. Je comprends les probl\u00e8mes de logement et je trouve normal de contribuer \u00e0 le r\u00e9sorber, mais l\u00e0 je trouve ce montant exorbitant\u2026\u00a0\u00bb<\/p>\n<p>Si Pierre a achet\u00e9 son logement l\u2019an dernier et d\u00e9couvre cette majoration de 60% de la taxe d\u2019habitation sur les r\u00e9sidences secondaires (THRS), elle est appliqu\u00e9e depuis\u00a02022. Les communes de plus de 50\u00a0000 habitants d\u00e9plorant un d\u00e9s\u00e9quilibre entre l\u2019offre et la demande de logements peuvent choisir de ma&#8230;<\/p>\n","protected":false},"excerpt":{"rendered":"L\u2019augmentation de la taxe fonci\u00e8re\u00a0? On en reparlera au printemps, a d\u00e9cid\u00e9 le Premier ministre, S\u00e9bastien Lecornu. La&hellip;\n","protected":false},"author":2,"featured_media":573026,"comment_status":"","ping_status":"","sticky":false,"template":"","format":"standard","meta":{"footnotes":""},"categories":[2814],"tags":[17,1111,11,3396,1102,66564,1777,674,1011,27,68753,884,12,882,25,104,3356,2549,96],"class_list":{"0":"post-573025","1":"post","2":"type-post","3":"status-publish","4":"format-standard","5":"has-post-thumbnail","7":"category-marseille","8":"tag-17","9":"tag-actu","10":"tag-actualites","11":"tag-avec","12":"tag-breakingnews","13":"tag-dhabitation","14":"tag-eu","15":"tag-europe","16":"tag-fr","17":"tag-france","18":"tag-majoration","19":"tag-marseille","20":"tag-news","21":"tag-provence-alpes-cote-dazur","22":"tag-republique-francaise","23":"tag-societe","24":"tag-sur","25":"tag-taxe","26":"tag-une"},"share_on_mastodon":{"url":"https:\/\/pubeurope.com\/@fr\/115649772576465465","error":""},"_links":{"self":[{"href":"https:\/\/www.europesays.com\/fr\/wp-json\/wp\/v2\/posts\/573025","targetHints":{"allow":["GET"]}}],"collection":[{"href":"https:\/\/www.europesays.com\/fr\/wp-json\/wp\/v2\/posts"}],"about":[{"href":"https:\/\/www.europesays.com\/fr\/wp-json\/wp\/v2\/types\/post"}],"author":[{"embeddable":true,"href":"https:\/\/www.europesays.com\/fr\/wp-json\/wp\/v2\/users\/2"}],"replies":[{"embeddable":true,"href":"https:\/\/www.europesays.com\/fr\/wp-json\/wp\/v2\/comments?post=573025"}],"version-history":[{"count":0,"href":"https:\/\/www.europesays.com\/fr\/wp-json\/wp\/v2\/posts\/573025\/revisions"}],"wp:featuredmedia":[{"embeddable":true,"href":"https:\/\/www.europesays.com\/fr\/wp-json\/wp\/v2\/media\/573026"}],"wp:attachment":[{"href":"https:\/\/www.europesays.com\/fr\/wp-json\/wp\/v2\/media?parent=573025"}],"wp:term":[{"taxonomy":"category","embeddable":true,"href":"https:\/\/www.europesays.com\/fr\/wp-json\/wp\/v2\/categories?post=573025"},{"taxonomy":"post_tag","embeddable":true,"href":"https:\/\/www.europesays.com\/fr\/wp-json\/wp\/v2\/tags?post=573025"}],"curies":[{"name":"wp","href":"https:\/\/api.w.org\/{rel}","templated":true}]}}