{"id":573027,"date":"2025-12-02T11:37:14","date_gmt":"2025-12-02T11:37:14","guid":{"rendered":"https:\/\/www.europesays.com\/fr\/573027\/"},"modified":"2025-12-02T11:37:14","modified_gmt":"2025-12-02T11:37:14","slug":"ce-maire-reste-tres-ferme-sur-la-construction-de-logements-sociaux","status":"publish","type":"post","link":"https:\/\/www.europesays.com\/fr\/573027\/","title":{"rendered":"ce maire reste tr\u00e8s ferme sur la construction de logements sociaux"},"content":{"rendered":"<p>Lyon M\u00e9tropole Habitat, premier office public de l\u2019habitat de la M\u00e9tropole g\u00e8re d\u00e9j\u00e0 1\u00a0627 logements \u00e0 Caluire. Il s\u2019est port\u00e9 acqu\u00e9reur de 19 logements dans un programme immobilier r\u00e9alis\u00e9 par COGEDIM au 2-4 rue de Montessuy, \u00e0 l\u2019angle de la rue de l\u2019Avenir Croix-Roussien. Il s\u2019agit de 12 PLUS, 7 PLAI, du T2 au T4 pour une surface totale de 1\u00a0300\u00a0m\u00b2.<\/p>\n<p>Le bailleur a sollicit\u00e9 une aide de la Ville \u00e0 hauteur de 45\u00a0658\u00a0euros, qui viendront en d\u00e9duction du pr\u00e9l\u00e8vement pr\u00e9vu par le code de la construction et de&#8230;<\/p>\n","protected":false},"excerpt":{"rendered":"Lyon M\u00e9tropole Habitat, premier office public de l\u2019habitat de la M\u00e9tropole g\u00e8re d\u00e9j\u00e0 1\u00a0627 logements \u00e0 Caluire. Il&hellip;\n","protected":false},"author":2,"featured_media":573028,"comment_status":"","ping_status":"","sticky":false,"template":"","format":"standard","meta":{"footnotes":""},"categories":[1889],"tags":[1111,11,2430,15843,15842,2757,1777,674,1011,27,1908,2428,12,25,2429,3151,104],"class_list":{"0":"post-573027","1":"post","2":"type-post","3":"status-publish","4":"format-standard","5":"has-post-thumbnail","7":"category-lyon","8":"tag-actu","9":"tag-actualites","10":"tag-auvergne-rhone-alpes","11":"tag-caluire","12":"tag-caluire-et-cuire","13":"tag-edition-lyon-villeurbanne","14":"tag-eu","15":"tag-europe","16":"tag-fr","17":"tag-france","18":"tag-logement","19":"tag-lyon","20":"tag-news","21":"tag-republique-francaise","22":"tag-rhone","23":"tag-selection-de-la-redaction-69","24":"tag-societe"},"share_on_mastodon":{"url":"https:\/\/pubeurope.com\/@fr\/115649776545505670","error":""},"_links":{"self":[{"href":"https:\/\/www.europesays.com\/fr\/wp-json\/wp\/v2\/posts\/573027","targetHints":{"allow":["GET"]}}],"collection":[{"href":"https:\/\/www.europesays.com\/fr\/wp-json\/wp\/v2\/posts"}],"about":[{"href":"https:\/\/www.europesays.com\/fr\/wp-json\/wp\/v2\/types\/post"}],"author":[{"embeddable":true,"href":"https:\/\/www.europesays.com\/fr\/wp-json\/wp\/v2\/users\/2"}],"replies":[{"embeddable":true,"href":"https:\/\/www.europesays.com\/fr\/wp-json\/wp\/v2\/comments?post=573027"}],"version-history":[{"count":0,"href":"https:\/\/www.europesays.com\/fr\/wp-json\/wp\/v2\/posts\/573027\/revisions"}],"wp:featuredmedia":[{"embeddable":true,"href":"https:\/\/www.europesays.com\/fr\/wp-json\/wp\/v2\/media\/573028"}],"wp:attachment":[{"href":"https:\/\/www.europesays.com\/fr\/wp-json\/wp\/v2\/media?parent=573027"}],"wp:term":[{"taxonomy":"category","embeddable":true,"href":"https:\/\/www.europesays.com\/fr\/wp-json\/wp\/v2\/categories?post=573027"},{"taxonomy":"post_tag","embeddable":true,"href":"https:\/\/www.europesays.com\/fr\/wp-json\/wp\/v2\/tags?post=573027"}],"curies":[{"name":"wp","href":"https:\/\/api.w.org\/{rel}","templated":true}]}}