{"id":573032,"date":"2025-12-02T11:41:11","date_gmt":"2025-12-02T11:41:11","guid":{"rendered":"https:\/\/www.europesays.com\/fr\/573032\/"},"modified":"2025-12-02T11:41:11","modified_gmt":"2025-12-02T11:41:11","slug":"labellisation-des-medias-une-idee-extremement-dangereuse-pour-marine-le-pen-lr-lance-une-petition","status":"publish","type":"post","link":"https:\/\/www.europesays.com\/fr\/573032\/","title":{"rendered":"\u00ab\u00a0Labellisation\u00a0\u00bb des m\u00e9dias\u00a0: une id\u00e9e \u00ab\u00a0extr\u00eamement dangereuse\u00a0\u00bb pour Marine Le\u00a0Pen, LR lance une p\u00e9tition"},"content":{"rendered":"<p class=\"paragraph text_align_left lp-f-body-02\">La droite et l\u2019extr\u00eame droite montent au cr\u00e9neau face \u00e0 cette id\u00e9e d\u2019<a href=\"https:\/\/www.leparisien.fr\/politique\/emmanuel-macron\/\" target=\"_self\" rel=\"noopener\">Emmanuel Macron<\/a>. Le chef de l\u2019\u00c9tat <a href=\"https:\/\/www.leparisien.fr\/politique\/emmanuel-macron-veut-instaurer-un-recours-judiciaire-durgence-contre-les-fausses-informations-sur-les-reseaux-sociaux-28-11-2025-QVHWYYQOIBEILBXEIHRQIE55LI.php\" target=\"_self\" rel=\"noopener\">a avanc\u00e9 mercredi \u00e0 Arras<\/a> sa volont\u00e9 de \u00ab tout faire pour que soit mis en place un label \u00bb professionnel destin\u00e9 aux r\u00e9seaux sociaux et sites d\u2019information, afin de souligner qu\u2019ils sont dignes de confiance et lutter contre la d\u00e9sinformation.<\/p>\n<p class=\"paragraph text_align_left lp-f-body-02\">Mardi \u00e0 l\u2019issue du Conseil des ministres, la porte-parole du gouvernement a assur\u00e9 qu\u2019il n\u2019avait jamais \u00e9t\u00e9 question de la cr\u00e9ation d\u2019un \u00ab label d\u2019\u00c9tat \u00bb ni de \u00ab minist\u00e8re de la V\u00e9rit\u00e9 \u00bb. Emmanuel Macron avait en effet soulign\u00e9 que ce label devrait \u00eatre port\u00e9 par les m\u00e9dias eux-m\u00eames car \u00ab ce n\u2019est pas au gouvernement de dire ceci est une information, ceci n\u2019en est pas \u00bb. Mais trop tard, les critiques pleuvent d\u00e9j\u00e0.<\/p>\n<p>Entre \u00ab d\u00e9rive inqui\u00e9tante \u00bb et \u00ab ma\u00eetrise de l\u2019information \u00bb<\/p>\n<p class=\"paragraph text_align_left lp-f-body-02\">\u00ab C\u2019est une d\u00e9rive inqui\u00e9tante (\u2026) La France n\u2019a pas besoin d\u2019un minist\u00e8re de la V\u00e9rit\u00e9 \u00bb, a r\u00e9agi <a href=\"https:\/\/www.leparisien.fr\/politique\/il-parle-de-compromis-moi-je-parle-de-tambouille-retailleau-denonce-la-tartufferie-de-lecornu-sur-le-budget-26-11-2025-CBOGXVFG7BFHVMLLSR5XIHODGA.php\" target=\"_self\" rel=\"noopener\">le patron des R\u00e9publicains Bruno Retailleau<\/a> sur X ce lundi. Son parti lance d\u00e9sormais une p\u00e9tition en ligne intitul\u00e9e \u00ab M\u00e9dias : oui \u00e0 la libert\u00e9, non \u00e0 la labellisation ! \u00bb.<\/p>\n<p class=\"paragraph text_align_left lp-f-body-02\">Dans ce texte, le parti accuse l\u2019initiative pr\u00e9sidentielle de masquer \u00ab une offensive contre les m\u00e9dias qui d\u00e9pla\u00eet \u00e0 la doxa progressiste \u00bb. LR y d\u00e9nonce la tentation d\u2019une \u00ab v\u00e9rit\u00e9 officielle \u00bb et affirme qu\u2019Emmanuel Macron \u00ab n\u2019a re\u00e7u aucun mandat \u00bb pour distinguer \u00ab les bons et les mauvais m\u00e9dias. Sa fonction de chef de l\u2019\u00c9tat ne l\u2019autorise pas \u00e0 se comporter comme un censeur en chef \u00bb.<\/p>\n<p class=\"paragraph text_align_left lp-f-body-02\">Sur le plateau de BFMTV\/RMC ce mardi, <a href=\"https:\/\/www.leparisien.fr\/politique\/marine-le-pen\/\" target=\"_self\" rel=\"noopener\">Marine Le Pen<\/a> a quant \u00e0 elle fustig\u00e9 une id\u00e9e \u00ab extr\u00eamement dangereuse \u00bb et a vu dans ces d\u00e9clarations une volont\u00e9 du chef de l\u2019\u00c9tat \u00ab de ma\u00eetriser l\u2019information \u00bb.<\/p>\n<p class=\"paragraph text_align_left lp-f-body-02\">\u00c0 Arras, le pr\u00e9sident de la R\u00e9publique avait d\u00e9taill\u00e9 sa position : \u00ab on doit distinguer les r\u00e9seaux et les sites qui font de l\u2019argent avec de la pub personnalis\u00e9e et les r\u00e9seaux et les sites d\u2019information \u00bb, et donc \u00ab on va tout faire pour que soit mis en place un label \u00bb. Il a cit\u00e9 une initiative en ce sens lanc\u00e9e par l\u2019ONG Reporters sans fronti\u00e8res avec d\u2019autres partenaires (la Journalism Trust Initiative, JTI) et soulign\u00e9 que <a href=\"https:\/\/www.leparisien.fr\/culture-loisirs\/coup-denvoi-des-etats-generaux-de-linformation-les-francais-appeles-a-contribuer-03-10-2023-LKIT2VUO3BEYDOBI2BPGIW5Z74.php\" target=\"_self\" rel=\"noopener\">les \u00c9tats g\u00e9n\u00e9raux de l\u2019information<\/a> \u00ab ont consolid\u00e9 \u00bb en 2024 cette proposition.<\/p>\n<p class=\"paragraph text_align_left lp-f-body-02\">\u00ab La tentation d\u2019Emmanuel Macron de toucher \u00e0 la libert\u00e9 d\u2019expression est une tentation autoritaire, qui correspond \u00e0 la solitude d\u2019un homme (\u2026)qui a perdu le pouvoir et cherche \u00e0 le maintenir par le contr\u00f4le de l\u2019information \u00bb, avait d\u00e9j\u00e0 r\u00e9agi sur CNews le pr\u00e9sident du Rassemblement national (RN), Jordan Bardella.<\/p>\n<p>L\u2019Arcom \u00ab ne devrait surveiller que le service public \u00bb<\/p>\n<p class=\"paragraph text_align_left lp-f-body-02\">Face aux critiques de la droite et de l\u2019extr\u00eame droite, l\u2019\u00c9lys\u00e9e s\u2019est fendu lundi soir d\u2019un message sur X pour d\u00e9plorer que \u00ab parler de lutte contre la d\u00e9sinformation suscite la d\u00e9sinformation \u00bb en r\u00e9f\u00e9rence \u00e0 un \u00e9ditorial de l\u2019animateur vedette de CNews <a href=\"https:\/\/www.leparisien.fr\/politique\/yael-braun-pivet-denonce-lagressivite-de-pascal-praud-contre-lassemblee-et-ses-petits-hommes-gris-27-11-2025-XVJUJ6YNUJH5JG3KWAUBGRY3BA.php\" target=\"_self\" rel=\"noopener\">Pascal Praud<\/a> qui avait d\u00e9nonc\u00e9 \u00ab la tentation autoritaire du pr\u00e9sident \u00bb.<\/p>\n<p class=\"paragraph text_align_left lp-f-body-02\">Ce message sur X a lui m\u00eame \u00e9t\u00e9 vilipend\u00e9 par Jordan Bardella (RN), Bruno Retailleau (LR), David Lisnard (LR) ou \u00c9ric Ciotti (UDR). \u00ab Une vid\u00e9o indigne \u00bb selon Marine Le Pen sur BFMTV. Par ailleurs, la cheffe des d\u00e9put\u00e9s RN consid\u00e8re que <a href=\"https:\/\/www.leparisien.fr\/culture-loisirs\/tv\/cnews-france-2-a-demande-a-ses-equipes-de-couper-en-catastrophe-une-partie-de-son-complement-denquete-27-11-2025-FHGMKQ5VZJEYLLNVWW3ULGJGWU.php\" target=\"_self\" rel=\"noopener\">le gendarme de l\u2019audiovisuel, l\u2019Arcom<\/a>, \u00ab ne devrait surveiller que le service public \u00bb.<\/p>\n<p class=\"paragraph text_align_left lp-f-body-02\">\u00ab Il y a des t\u00e9l\u00e9visions priv\u00e9es aussi qui ne sont pas neutres \u00bb, a-t-elle reconnu, dans une allusion \u00e0 CNews (propri\u00e9t\u00e9 du groupe Bollor\u00e9) mais elle a estim\u00e9 qu\u2019une t\u00e9l\u00e9vision priv\u00e9e avait \u00ab parfaitement le droit de ne pas \u00eatre neutre \u00bb.<\/p>\n<p class=\"paragraph text_align_left lp-f-body-02\">Depuis plusieurs mois, la galaxie de la droite radicale et de l\u2019extr\u00eame droite m\u00e8ne une campagne, dans les m\u00e9dias conservateurs ou par une commission d\u2019enqu\u00eate \u00e0 l\u2019Assembl\u00e9e, contre le service public qui serait, selon eux, favorable \u00e0 la gauche. \u00ab Il y a un probl\u00e8me \u00e9vident de neutralit\u00e9 du service public \u00bb, a r\u00e9p\u00e9t\u00e9 ce mardi matin Marine Le Pen qui souhaite sa \u00ab privatisation \u00bb.<\/p>\n","protected":false},"excerpt":{"rendered":"La droite et l\u2019extr\u00eame droite montent au cr\u00e9neau face \u00e0 cette id\u00e9e d\u2019Emmanuel Macron. Le chef de l\u2019\u00c9tat&hellip;\n","protected":false},"author":2,"featured_media":573033,"comment_status":"","ping_status":"","sticky":false,"template":"","format":"standard","meta":{"footnotes":""},"categories":[1888],"tags":[1111,1928,11,1927,1777,674,1011,27,12,1926,626,1925,316,25,2955],"class_list":{"0":"post-573032","1":"post","2":"type-post","3":"status-publish","4":"format-standard","5":"has-post-thumbnail","7":"category-paris","8":"tag-actu","9":"tag-actu-paris","10":"tag-actualites","11":"tag-actualites-paris","12":"tag-eu","13":"tag-europe","14":"tag-fr","15":"tag-france","16":"tag-news","17":"tag-news-paris","18":"tag-paris","19":"tag-paris-news","20":"tag-politique","21":"tag-republique-francaise","22":"tag-videos"},"share_on_mastodon":{"url":"https:\/\/pubeurope.com\/@fr\/115649792368504945","error":""},"_links":{"self":[{"href":"https:\/\/www.europesays.com\/fr\/wp-json\/wp\/v2\/posts\/573032","targetHints":{"allow":["GET"]}}],"collection":[{"href":"https:\/\/www.europesays.com\/fr\/wp-json\/wp\/v2\/posts"}],"about":[{"href":"https:\/\/www.europesays.com\/fr\/wp-json\/wp\/v2\/types\/post"}],"author":[{"embeddable":true,"href":"https:\/\/www.europesays.com\/fr\/wp-json\/wp\/v2\/users\/2"}],"replies":[{"embeddable":true,"href":"https:\/\/www.europesays.com\/fr\/wp-json\/wp\/v2\/comments?post=573032"}],"version-history":[{"count":0,"href":"https:\/\/www.europesays.com\/fr\/wp-json\/wp\/v2\/posts\/573032\/revisions"}],"wp:featuredmedia":[{"embeddable":true,"href":"https:\/\/www.europesays.com\/fr\/wp-json\/wp\/v2\/media\/573033"}],"wp:attachment":[{"href":"https:\/\/www.europesays.com\/fr\/wp-json\/wp\/v2\/media?parent=573032"}],"wp:term":[{"taxonomy":"category","embeddable":true,"href":"https:\/\/www.europesays.com\/fr\/wp-json\/wp\/v2\/categories?post=573032"},{"taxonomy":"post_tag","embeddable":true,"href":"https:\/\/www.europesays.com\/fr\/wp-json\/wp\/v2\/tags?post=573032"}],"curies":[{"name":"wp","href":"https:\/\/api.w.org\/{rel}","templated":true}]}}