{"id":573034,"date":"2025-12-02T11:42:11","date_gmt":"2025-12-02T11:42:11","guid":{"rendered":"https:\/\/www.europesays.com\/fr\/573034\/"},"modified":"2025-12-02T11:42:11","modified_gmt":"2025-12-02T11:42:11","slug":"deux-gares-parmi-les-plus-spectaculaires-du-monde-se-trouvent-a-paris","status":"publish","type":"post","link":"https:\/\/www.europesays.com\/fr\/573034\/","title":{"rendered":"Deux gares parmi les plus spectaculaires du monde se trouvent \u00e0 Paris"},"content":{"rendered":"<p>Paris continue <strong>de rayonner sur la sc\u00e8ne internationale<\/strong> et ce n\u2019est pas uniquement en raison des multiples illuminations de f\u00eates qui la d\u00e9corent. Le 25 novembre 2025, le m\u00e9dia britannique <a href=\"https:\/\/www.telegraph.co.uk\/travel\/activity-and-adventure\/worlds-20-most-spectacular-railway-stations\/\" rel=\"nofollow noopener noreferrer\" target=\"_blank\">The Telegraph<\/a> a publi\u00e9 son classement des <strong>20 gares les plus spectaculaires autour du monde.<\/strong> Si les dix premi\u00e8res du classement se situent exclusivement en Europe, le m\u00e9dia s\u2019est pench\u00e9 sur les gares de tous les continents. <strong>Et <a href=\"https:\/\/www.lebonbon.fr\/paris\/news\/gare-parisienne-pire-capitale-usagers\/\" target=\"_blank\" rel=\"noopener\">la ville de Paris<\/a> est pr\u00e9sente \u00e0 deux reprises<\/strong>\u00a0!\u00a0<\/p>\n<p>&#13;<br \/>\n<br \/><strong>Deux gares parisiennes entre histoire et modernit\u00e9<\/strong>&#13;<\/p>\n<p>C\u2019est <strong>une nouvelle victoire<\/strong> pour la capitale fran\u00e7aise. <strong><a href=\"https:\/\/www.lebonbon.fr\/paris\/news\/deux-gares-ile-de-france-plus-belles-monde\/\" target=\"_blank\" rel=\"noopener\">Deux gares parisiennes<\/a> <\/strong>se trouvent dans le top 10 du Telegraph, dont m\u00eame une dans le top 3. \u00c0 la neuvi\u00e8me place, on retrouve donc celle de<strong> <a href=\"https:\/\/www.lebonbon.fr\/paris\/news\/nouvelle-station-metro-spectaculaire-janvier\/\" target=\"_blank\" rel=\"noopener\">Villejuif-Gustave Roussy<\/a><\/strong>, situ\u00e9e sur la ligne 14. Cette gare inaugur\u00e9e le 18 janvier 2025, se distingue tant par <strong>son architecture a\u00e9rienne que sa luminosit\u00e9<\/strong>. Majoritairement faite en m\u00e9tal et surmont\u00e9e <strong>d\u2019une verri\u00e8re en \u00e9toile<\/strong>, elle a \u00e9t\u00e9 con\u00e7ue par l\u2019architecte Dominique Perrault et se d\u00e9marque par son aspect innovant pens\u00e9 pour le confort des voyageurs.\u00a0<\/p>\n<p>&#13;<\/p>\n<blockquote class=\"instagram-media\" data-instgrm-permalink=\"https:\/\/www.instagram.com\/p\/DFlDDUbsJkA\/?utm_source=ig_embed&amp;utm_campaign=loading\" data-instgrm-version=\"14\" style=\"background: #FFF; border: 0; border-radius: 3px; box-shadow: 0 0 1px 0 rgba(0,0,0,0.5),0 1px 10px 0 rgba(0,0,0,0.15); margin: 1px; max-width: 540px; min-width: 326px; padding: 0; width: calc(100% - 2px);\"><p>&#13;<br \/>\n&#13;\n<\/p><\/blockquote>\n<p>&#13;<br \/>\n&#13;<\/p>\n<p>\u00c0 la troisi\u00e8me position, on retrouve l\u2019ind\u00e9tr\u00f4nable <a href=\"https:\/\/www.lebonbon.fr\/paris\/news\/images-gare-parisienne-transformee\/\" target=\"_blank\" rel=\"noopener\"><strong>Gare de Lyon<\/strong><\/a>. Cr\u00e9\u00e9e par l\u2019architecte Marius Toudoire en 1855, elle a ensuite \u00e9t\u00e9 repens\u00e9e en 1900 pour<strong> l\u2019Exposition universelle de Paris<\/strong>. Elle se distingue notamment par sa tour horloge de 67 m\u00e8tres de hauteur.\u00a0<\/p>\n<p>&#13;<br \/>\n<br \/><strong>Les gares londoniennes en t\u00eate de classement<\/strong>&#13;<\/p>\n<p>Ce sont <strong>deux gares britanniques<\/strong> qui remportent les deux premi\u00e8res places du classement\u00a0: <strong>St Pancras International<\/strong> en premi\u00e8re position, et <strong>Paddington<\/strong> en deuxi\u00e8me \u2014 toutes deux situ\u00e9es <a href=\"https:\/\/www.lebonbon.fr\/paris\/les-tops-spots\/l-itineraire-parfait-vibrer-non-stop-lors-d-long-week-end-a-londres\/\" target=\"_blank\" rel=\"noopener\">\u00e0 Londres<\/a>.\u00a0<\/p>\n<p>&#13;<\/p>\n<blockquote class=\"instagram-media\" data-instgrm-permalink=\"https:\/\/www.instagram.com\/p\/DLCHnR8M5cH\/?utm_source=ig_embed&amp;utm_campaign=loading\" data-instgrm-version=\"14\" style=\"background: #FFF; border: 0; border-radius: 3px; box-shadow: 0 0 1px 0 rgba(0,0,0,0.5),0 1px 10px 0 rgba(0,0,0,0.15); margin: 1px; max-width: 540px; min-width: 326px; padding: 0; width: calc(100% - 2px);\"><p>&#13;<br \/>\n&#13;\n<\/p><\/blockquote>\n<p>&#13;<br \/>\n&#13;<\/p>\n<p>La liste est ensuite compl\u00e9t\u00e9e par <strong>Antwerpen-Centraal<\/strong> (Anvers, Belgique) \u00e0 la 4e place, <strong>Amsterdam Centraal<\/strong> (Amsterdam, Pays-Bas) \u00e0 la 5e place, <strong>S\u00e3o Bento <\/strong>(Porto, Portugal) \u00e0 la 6e place, <strong>Helsinki Central <\/strong>(Helsinki, Finlande) \u00e0 la 7e place, <strong>Madrid Atocha<\/strong> (Madrid, Espagne) \u00e0 la 8e place, et <strong>Hungerburgbahn<\/strong> (Innsbruck, Autriche) \u00e0 la 10e place.\u00a0<\/p>\n<p><script async src=\"\/\/www.instagram.com\/embed.js\"><\/script><\/p>\n","protected":false},"excerpt":{"rendered":"Paris continue de rayonner sur la sc\u00e8ne internationale et ce n\u2019est pas uniquement en raison des multiples illuminations&hellip;\n","protected":false},"author":2,"featured_media":573035,"comment_status":"","ping_status":"","sticky":false,"template":"","format":"standard","meta":{"footnotes":""},"categories":[1888],"tags":[1111,1928,11,1927,1777,674,1011,27,12,1926,626,1925,25],"class_list":{"0":"post-573034","1":"post","2":"type-post","3":"status-publish","4":"format-standard","5":"has-post-thumbnail","7":"category-paris","8":"tag-actu","9":"tag-actu-paris","10":"tag-actualites","11":"tag-actualites-paris","12":"tag-eu","13":"tag-europe","14":"tag-fr","15":"tag-france","16":"tag-news","17":"tag-news-paris","18":"tag-paris","19":"tag-paris-news","20":"tag-republique-francaise"},"share_on_mastodon":{"url":"https:\/\/pubeurope.com\/@fr\/115649796276237819","error":""},"_links":{"self":[{"href":"https:\/\/www.europesays.com\/fr\/wp-json\/wp\/v2\/posts\/573034","targetHints":{"allow":["GET"]}}],"collection":[{"href":"https:\/\/www.europesays.com\/fr\/wp-json\/wp\/v2\/posts"}],"about":[{"href":"https:\/\/www.europesays.com\/fr\/wp-json\/wp\/v2\/types\/post"}],"author":[{"embeddable":true,"href":"https:\/\/www.europesays.com\/fr\/wp-json\/wp\/v2\/users\/2"}],"replies":[{"embeddable":true,"href":"https:\/\/www.europesays.com\/fr\/wp-json\/wp\/v2\/comments?post=573034"}],"version-history":[{"count":0,"href":"https:\/\/www.europesays.com\/fr\/wp-json\/wp\/v2\/posts\/573034\/revisions"}],"wp:featuredmedia":[{"embeddable":true,"href":"https:\/\/www.europesays.com\/fr\/wp-json\/wp\/v2\/media\/573035"}],"wp:attachment":[{"href":"https:\/\/www.europesays.com\/fr\/wp-json\/wp\/v2\/media?parent=573034"}],"wp:term":[{"taxonomy":"category","embeddable":true,"href":"https:\/\/www.europesays.com\/fr\/wp-json\/wp\/v2\/categories?post=573034"},{"taxonomy":"post_tag","embeddable":true,"href":"https:\/\/www.europesays.com\/fr\/wp-json\/wp\/v2\/tags?post=573034"}],"curies":[{"name":"wp","href":"https:\/\/api.w.org\/{rel}","templated":true}]}}