{"id":573041,"date":"2025-12-02T11:46:12","date_gmt":"2025-12-02T11:46:12","guid":{"rendered":"https:\/\/www.europesays.com\/fr\/573041\/"},"modified":"2025-12-02T11:46:12","modified_gmt":"2025-12-02T11:46:12","slug":"lemissaire-americain-witkoff-va-rencontrer-poutine-a-moscou","status":"publish","type":"post","link":"https:\/\/www.europesays.com\/fr\/573041\/","title":{"rendered":"l&rsquo;\u00e9missaire am\u00e9ricain Witkoff va rencontrer Poutine \u00e0 Moscou"},"content":{"rendered":"\n<p>Les yeux sont riv\u00e9s mardi sur Moscou, o\u00f9 l&rsquo;\u00e9missaire am\u00e9ricain Steve Witkoff et le gendre de Donald Trump doivent rencontrer Vladimir Poutine pour des pourparlers sur l&rsquo;Ukraine, vis\u00e9e en novembre par une hausse de bombardements russes.<\/p>\n<p>La veille, Washington s&rsquo;est dit \u00ab\u00a0tr\u00e8s optimiste\u00a0\u00bb malgr\u00e9 l&rsquo;intransigeance persistante du dirigeant russe, presque quatre ans apr\u00e8s le lancement de l&rsquo;offensive russe.<\/p>\n<p>Le pr\u00e9sident am\u00e9ricain et son \u00e9quipe \u00ab\u00a0ont travaill\u00e9 tr\u00e8s dur sur ce dossier et souhaitent tous sinc\u00e8rement voir cette guerre prendre fin\u00a0\u00bb, a assur\u00e9 la porte-parole de la Maison Blanche, Karoline Leavitt.<\/p>\n<p>Le gendre de Donald Trump, Jared Kushner, participera \u00e0 la r\u00e9union entre MM. Poutine et Witkoff, a dit le Kremlin qui a pr\u00e9cis\u00e9 que la rencontre d\u00e9buterait \u00ab\u00a0apr\u00e8s 17h00 (14h00 GMT, ndlr)\u00a0\u00bb.<\/p>\n<p>De son c\u00f4t\u00e9, le pr\u00e9sident ukrainien Volodymyr Zelensky, sous forte pression politique et diplomatique, a accus\u00e9 la Russie d&rsquo;utiliser les pourparlers actuels pour tenter \u00ab\u00a0d&rsquo;affaiblir les sanctions\u00a0\u00bb visant Moscou.<\/p>\n<p>Le dirigeant ukrainien a re\u00e7u la veille un soutien appuy\u00e9 de son homologue fran\u00e7ais Emmanuel Macron, qui a r\u00e9affirm\u00e9 la mobilisation des Europ\u00e9ens pour obtenir \u00ab\u00a0une paix juste et durable\u00a0\u00bb.<\/p>\n<p>S&rsquo;il a salu\u00e9 \u00ab\u00a0l&rsquo;effort de m\u00e9diation\u00a0\u00bb des Etats-Unis, M. Macron a estim\u00e9 qu&rsquo;il n&rsquo;y avait \u00ab\u00a0pas aujourd&rsquo;hui \u00e0 proprement parler un plan qui soit finalis\u00e9\u00a0\u00bb.<\/p>\n<p>Le plan avanc\u00e9 par Washington \u00ab\u00a0ne peut \u00eatre finalis\u00e9 qu&rsquo;avec les Europ\u00e9ens autour de la table\u00a0\u00bb, a-t-il martel\u00e9 lors d&rsquo;une conf\u00e9rence de presse au c\u00f4t\u00e9 de M. Zelensky.<\/p>\n<p>A l&rsquo;issue de ces \u00e9changes, M. Macron s&rsquo;est entretenu au t\u00e9l\u00e9phone avec Donald Trump sur \u00ab\u00a0la dimension centrale des garanties de s\u00e9curit\u00e9 n\u00e9cessaires pour l&rsquo;Ukraine\u00a0\u00bb, selon la pr\u00e9sidence fran\u00e7aise.<\/p>\n<p>Volodymyr Zelensky, lui, est mardi en Irlande, o\u00f9 le Premier ministre Micheal Martin a assur\u00e9 ce dernier du \u00ab\u00a0soutien ind\u00e9fectible\u00a0\u00bb irlandais, dans un message sur X.<\/p>\n<p>  hausse des attaques russes<\/p>\n<p>Les Europ\u00e9ens esp\u00e8rent que l&rsquo;administration Trump, soup\u00e7onn\u00e9e de complaisance vis-\u00e0-vis de Vladimir Poutine, ne sacrifiera pas l&rsquo;Ukraine, consid\u00e9r\u00e9e comme un rempart face \u00e0 la Russie.<\/p>\n<p>Selon une conversation t\u00e9l\u00e9phonique r\u00e9v\u00e9l\u00e9e fin novembre par Bloomberg, Steve Witkoff a donn\u00e9 des conseils \u00e0 Iouri Ouchakov, conseiller diplomatique du pr\u00e9sident russe, sur la mani\u00e8re d&rsquo;introduire aupr\u00e8s du pr\u00e9sident am\u00e9ricain un plan de r\u00e8glement du conflit en Ukraine.<\/p>\n<p>Le pr\u00e9sident ukrainien a affirm\u00e9 lundi s&rsquo;attendre \u00e0 pr\u00e9sent \u00ab\u00a0\u00e0 une discussion avec le pr\u00e9sident des Etats-Unis sur des questions cl\u00e9s\u00a0\u00bb, apr\u00e8s que le n\u00e9gociateur ukrainien Roustem Oumerov a fait \u00e9tat de \u00ab\u00a0progr\u00e8s significatifs\u00a0\u00bb sur le projet de plan am\u00e9ricain, bien que des \u00ab\u00a0ajustements\u00a0\u00bb soient encore n\u00e9cessaires.<\/p>\n<p>Ces discussions se sont d\u00e9roul\u00e9es alors que les forces russes ont r\u00e9alis\u00e9 en novembre leur plus grosse progression sur le front en Ukraine depuis un an, selon l&rsquo;analyse par l&rsquo;AFP des donn\u00e9es fournies par l&rsquo;Institut am\u00e9ricain pour l&rsquo;\u00e9tude de la guerre (ISW), qui travaille avec le Critical Threats Project (CTP).<\/p>\n<p>En un mois, la Russie a pris 701 km2 aux Ukrainiens, la deuxi\u00e8me avanc\u00e9e la plus importante apr\u00e8s celle de novembre 2024 (725 km2), en dehors des premiers mois de guerre au printemps 2022.<\/p>\n<p>La Russie a revendiqu\u00e9 lundi la prise de la ville de Pokrovsk dans l&rsquo;est de l&rsquo;Ukraine, un n?ud logistique cl\u00e9 pour Kiev, ainsi que celle de Vovtchansk, dans le nord-est. Mais l&rsquo;Ukraine a affirm\u00e9 mardi que les combats \u00e0 Pokrovsk se poursuivaient.<\/p>\n<p>En novembre, la Russie a tir\u00e9 plus de missiles et de drones lors de ses attaques nocturnes sur l&rsquo;Ukraine que durant le mois pr\u00e9c\u00e9dent, soit un total de 5.660 missiles et drones longue port\u00e9e (+2%).<\/p>\n<p>En interne, le pr\u00e9sident ukrainien est affaibli par un vaste scandale de corruption qui a contraint son puissant chef de cabinet, Andri\u00ef Iermak, \u00e0 la d\u00e9mission vendredi.<\/p>\n<p>  Semaine \u00ab\u00a0cruciale\u00a0\u00bb pour Kiev<\/p>\n<p>La semaine s&rsquo;annonce \u00ab\u00a0cruciale\u00a0\u00bb pour l&rsquo;Ukraine, a estim\u00e9 la cheffe de la diplomatie de l&rsquo;Union europ\u00e9enne Kaja Kallas, qui dit \u00ab\u00a0craindre que toute la pression soit exerc\u00e9e sur le c\u00f4t\u00e9 le plus faible, car la reddition de l&rsquo;Ukraine, c&rsquo;est la mani\u00e8re la plus facile de mettre fin \u00e0 cette guerre\u00a0\u00bb.<\/p>\n<tr>\n<td>\n          <img decoding=\"async\" src=\"https:\/\/www.courrierinternational.com\/focus\/2025\/12\/02\/b7e5040c0e8118824ab37943066103febf75b3e0.jpg\" title=\"Photo prise par le service de presse de la 24e brigade m\u00e9canis\u00e9e des forces arm\u00e9es ukrainiennes, le 28 novembre 2025 et publi\u00e9e le 1er d\u00e9cembre 2025, montre des b\u00e2timents r\u00e9sidentiels d\u00e9truits dans la ville de Kostiantynivka, dans la r\u00e9gion de Donetsk - 24th Mechanized Brigade of Ukrainian Armed Forces\/AFP\" alt=\"24th Mechanized Brigade of Ukrainian Armed Forces\/AFP\" onerror=\"this.style.display='none'\"\/>\n        <\/td>\n<td>\n<p class=\"copyright\">\u00a9 24th Mechanized Brigade of Ukrainian Armed Forces\/AFP<\/p>\n<p class=\"caption\">Photo prise par le service de presse de la 24e brigade m\u00e9canis\u00e9e des forces arm\u00e9es ukrainiennes, le 28 novembre 2025 et publi\u00e9e le 1er d\u00e9cembre 2025, montre des b\u00e2timents r\u00e9sidentiels d\u00e9truits dans la ville de Kostiantynivka, dans la r\u00e9gion de Donetsk<\/p>\n<\/td>\n<\/tr>\n<p>Les Etats-Unis ont pr\u00e9sent\u00e9 il y a dix jours un premier projet en 28 points tr\u00e8s favorable \u00e0 Moscou, r\u00e9dig\u00e9 sans les alli\u00e9s europ\u00e9ens de Kiev et cens\u00e9 mettre fin au conflit d\u00e9clench\u00e9 par l&rsquo;offensive russe contre l&rsquo;Ukraine en f\u00e9vrier 2022.<\/p>\n<p>Washington a ensuite amend\u00e9 ce projet avec Ukrainiens et Europ\u00e9ens, avant de le retravailler en bilat\u00e9ral avec les Ukrainiens dimanche en Floride.<\/p>\n<p>Les discussions am\u00e9ricano-ukrainiennes ont \u00e9t\u00e9 jug\u00e9es \u00ab\u00a0productives\u00a0\u00bb par les deux parties, mais le secr\u00e9taire d&rsquo;Etat Marco Rubio a pr\u00e9venu qu'\u00a0\u00bbil restait encore du travail\u00a0\u00bb.<\/p>\n<p>burs\/blb\/clr<\/p>\n","protected":false},"excerpt":{"rendered":"Les yeux sont riv\u00e9s mardi sur Moscou, o\u00f9 l&rsquo;\u00e9missaire am\u00e9ricain Steve Witkoff et le gendre de Donald Trump&hellip;\n","protected":false},"author":2,"featured_media":573042,"comment_status":"","ping_status":"","sticky":false,"template":"","format":"standard","meta":{"footnotes":""},"categories":[1590],"tags":[11,1777,674,12,220],"class_list":{"0":"post-573041","1":"post","2":"type-post","3":"status-publish","4":"format-standard","5":"has-post-thumbnail","7":"category-ukraine","8":"tag-actualites","9":"tag-eu","10":"tag-europe","11":"tag-news","12":"tag-ukraine"},"share_on_mastodon":{"url":"https:\/\/pubeurope.com\/@fr\/115649812651085182","error":""},"_links":{"self":[{"href":"https:\/\/www.europesays.com\/fr\/wp-json\/wp\/v2\/posts\/573041","targetHints":{"allow":["GET"]}}],"collection":[{"href":"https:\/\/www.europesays.com\/fr\/wp-json\/wp\/v2\/posts"}],"about":[{"href":"https:\/\/www.europesays.com\/fr\/wp-json\/wp\/v2\/types\/post"}],"author":[{"embeddable":true,"href":"https:\/\/www.europesays.com\/fr\/wp-json\/wp\/v2\/users\/2"}],"replies":[{"embeddable":true,"href":"https:\/\/www.europesays.com\/fr\/wp-json\/wp\/v2\/comments?post=573041"}],"version-history":[{"count":0,"href":"https:\/\/www.europesays.com\/fr\/wp-json\/wp\/v2\/posts\/573041\/revisions"}],"wp:featuredmedia":[{"embeddable":true,"href":"https:\/\/www.europesays.com\/fr\/wp-json\/wp\/v2\/media\/573042"}],"wp:attachment":[{"href":"https:\/\/www.europesays.com\/fr\/wp-json\/wp\/v2\/media?parent=573041"}],"wp:term":[{"taxonomy":"category","embeddable":true,"href":"https:\/\/www.europesays.com\/fr\/wp-json\/wp\/v2\/categories?post=573041"},{"taxonomy":"post_tag","embeddable":true,"href":"https:\/\/www.europesays.com\/fr\/wp-json\/wp\/v2\/tags?post=573041"}],"curies":[{"name":"wp","href":"https:\/\/api.w.org\/{rel}","templated":true}]}}