{"id":573047,"date":"2025-12-02T11:49:12","date_gmt":"2025-12-02T11:49:12","guid":{"rendered":"https:\/\/www.europesays.com\/fr\/573047\/"},"modified":"2025-12-02T11:49:12","modified_gmt":"2025-12-02T11:49:12","slug":"un-parc-asterix-va-ouvrir-en-allemagne-voici-comment-sappelleront-les-irreductibles-gaulois-chez-nos-voisins","status":"publish","type":"post","link":"https:\/\/www.europesays.com\/fr\/573047\/","title":{"rendered":"Un parc Ast\u00e9rix va ouvrir en Allemagne\u00a0: voici comment s\u2019appelleront les irr\u00e9ductibles Gaulois chez nos voisins"},"content":{"rendered":"<p>\n                                                                    l&rsquo;essentiel<br \/>\n                                                                Le parc Belantis en Allemagne va \u00eatre transform\u00e9 en parc Ast\u00e9rix d\u2019ici les cinq prochaines ann\u00e9es. Une premi\u00e8re hors de France qui s\u2019accompagnera de quelques changements.\n                            <\/p>\n<p>Le village des\u00a0irr\u00e9ductibles Gaulois\u00a0d\u00e9barque en Allemagne\u00a0: la Compagnie des Alpes a annonc\u00e9 ce mardi 2\u00a0d\u00e9cembre\u00a0la transformation du parc allemand Belantis, acquis en avril, en un parc Ast\u00e9rix, le premier hors de France, \u00e0 \u00ab\u00a0horizon 2030-2031\u00a0\u00bb.\u00a0D\u00e9cid\u00e9e \u00ab\u00a0en accord avec les \u00e9ditions Albert Ren\u00e9\u00a0\u00bb, la mutation du parc Belantis en parc Ast\u00e9rix \u00ab\u00a0se fera graduellement\u00a0\u00bb et \u00ab\u00a0la premi\u00e8re zone d\u00e9di\u00e9e \u00e0 Id\u00e9fix (le chien d\u2019Ob\u00e9lix, NDLR) sera inaugur\u00e9e d\u00e8s le printemps 2026\u00a0\u00bb, a indiqu\u00e9 le groupe fran\u00e7ais.<\/p>\n<p>L\u2019ouverture de cette zone Id\u00e9fix se fera \u00ab\u00a0en mars\u00a02026\u00a0\u00bb, a pr\u00e9cis\u00e9 le directeur g\u00e9n\u00e9ral de la Compagnie des Alpes, Dominique Thillaud, lors d\u2019une conf\u00e9rence de pr\u00e9sentation des r\u00e9sultats de l\u2019entreprise.\u00a0\u00ab\u00a0En Allemagne, le chien Id\u00e9fix est la star d\u2019Ast\u00e9rix. On commence par Id\u00e9fix avec une zone pour les petits, les familles\u00a0\u00bb, a-t-il ajout\u00e9.<\/p>\n<p>Panoramix devient Miraculix<\/p>\n<p>En nombre de <a href=\"https:\/\/www.ladepeche.fr\/2025\/09\/15\/asterix-en-lusitanie-voici-la-couverture-du-prochain-album-qui-sortira-le-23-octobre-12931221.php\" target=\"_blank\" rel=\"noopener\">bandes dessin\u00e9es Ast\u00e9rix<\/a> vendues, l\u2019Allemagne est le deuxi\u00e8me march\u00e9 juste derri\u00e8re la France. Si Ast\u00e9rix, Ob\u00e9lix et Id\u00e9fix gardent leurs noms dans la version allemande, le chef du village Abraracourcix devient Majestix, son \u00e9pouse Bonemine est \u00ab\u00a0Gutemine\u00a0\u00bb, le doyen Ag\u00e9canonix est rebaptis\u00e9 \u00ab\u00a0Methusalix\u00a0\u00bb, le druide Panoramix s\u2019appelle \u00ab\u00a0Miraculix\u00a0\u00bb, Assurancetourix se transforme lui en \u00ab\u00a0Troubadix\u00a0\u00bb. Le \u00ab\u00a0gallo-romain\u00a0\u00bb \u00ab\u00a0Aplusb\u00e9galix\u00a0\u00bb qui a os\u00e9 d\u00e9fier Abraracourcix se nomme Augenblix quand \u00ab\u00a0Beaufix\u00a0\u00bb devient Sch\u00f6nefix. \u00ab\u00a0Falbala\u00a0\u00bb et \u00ab\u00a0Hom\u00e9opatix\u00a0\u00bb gardent leur nom. Quant au c\u00e9l\u00e8bre marchand de poissons \u00ab\u00a0Ordralfab\u00e9tix\u00a0\u00bb, il s\u2019appelle \u00ab\u00a0Verleihnix\u00a0\u00bb autre-rhin.<\/p>\n<p class=\"std-elt__inline\">\n        <strong>\u00c0 lire aussi :<\/strong><br \/>\n        <a href=\"https:\/\/www.ladepeche.fr\/2024\/11\/18\/le-parc-asterix-reelu-meilleur-parc-dattractions-de-france-pour-la-troisieme-annee-consecutive-12330685.php\" target=\"_blank\" rel=\"noopener\">Le Parc Ast\u00e9rix r\u00e9\u00e9lu meilleur parc d\u2019attractions de France pour la troisi\u00e8me ann\u00e9e cons\u00e9cutive<\/a>\n    <\/p>\n<p>L\u2019Allemagne est aussi le deuxi\u00e8me march\u00e9 europ\u00e9en des parcs de loisirs.\u00a0Selon la Compagnie des Alpes, le parc Belantis, \u00ab\u00a0un des plus grands parcs d\u2019attractions dans l\u2019est de l\u2019Allemagne\u00a0\u00bb, \u00ab\u00a0poss\u00e8de de solides atouts\u00a0\u00bb comme son acc\u00e8s direct via l\u2019autoroute depuis Leipzig et sa proximit\u00e9 avec Dresde et Berlin. Il b\u00e9n\u00e9ficie \u00e9galement d\u2019une \u00e9tendue de \u00ab\u00a0plus de 80 hectares d\u00e9tenus en pleine propri\u00e9t\u00e9 (comprenant une r\u00e9serve de 41 hectares disponibles pour des d\u00e9veloppements futurs)\u00a0\u00bb. La Compagnie des Alpes estime que \u00ab\u00a0ce parc a le potentiel pour accueillir, \u00e0 terme, pr\u00e8s de 900.000 visiteurs par an\u00a0\u00bb.<\/p>\n<p>Pr\u00e8s de 3\u00a0millions de visiteurs en France<\/p>\n<p>En France,<a href=\"https:\/\/www.ladepeche.fr\/2024\/11\/18\/le-parc-asterix-reelu-meilleur-parc-dattractions-de-france-pour-la-troisieme-annee-consecutive-12330685.php\" target=\"_blank\" rel=\"noopener\"> le parc Ast\u00e9rix<\/a>, ouvert depuis 1989, a pr\u00e9sent\u00e9 en octobre un plan d\u2019investissement de 250\u00a0millions d\u2019euros d\u2019ici 2030 pour se d\u00e9velopper, avec pour ambition d\u2019entrer dans le top 5 des parcs d\u2019attractions europ\u00e9ens.\u00a0Actuellement au deuxi\u00e8me rang des parcs d\u2019attractions les plus visit\u00e9s en France derri\u00e8re Disneyland Paris, le parc Ast\u00e9rix a accueilli 2,9\u00a0millions de visiteurs au cours de la saison 2024-2025. Il se situe aujourd\u2019hui \u00e0 la 8e place au niveau europ\u00e9en.<\/p>\n<p class=\"std-elt__inline\">\n        <strong>\u00c0 lire aussi :<\/strong><br \/>\n        <a href=\"https:\/\/www.ladepeche.fr\/2025\/11\/09\/ca-netait-jamais-arrive-le-parc-asterix-ouvre-en-retard-apres-un-debrayage-des-salaries-13042944.php\" target=\"_blank\" rel=\"noopener\">\u00ab\u00a0\u00c7a n\u2019\u00e9tait jamais arriv\u00e9\u00a0\u00bb\u00a0: le parc Ast\u00e9rix ouvre en retard apr\u00e8s un d\u00e9brayage des salari\u00e9s<\/a>\n    <\/p>\n<p>L\u2019annonce de l\u2019ouverture d\u2019un parc Ast\u00e9rix en Allemagne a \u00e9t\u00e9 faite en marge de la pr\u00e9sentation par le groupe de nouveaux r\u00e9sultats annuels \u00ab\u00a0record\u00a0\u00bb pour son exercice annuel 2024-2025.\u00a0Du 1er\u00a0octobre 2024 \u00e0 la fin septembre\u00a02025, la Compagnie des Alpes a ainsi d\u00e9gag\u00e9 un b\u00e9n\u00e9fice net en hausse de 15,8\u00a0%, \u00e0 107\u00a0millions d\u2019euros, port\u00e9 par la bonne tenue de son activit\u00e9.\u00a0Le chiffre d\u2019affaires a progress\u00e9 de 12,8\u00a0%, \u00e0 1,4\u00a0milliard d\u2019euros. L\u2019exc\u00e9dent brut op\u00e9rationnel (EBO), indicateur de rentabilit\u00e9, a grimp\u00e9 de 16,7\u00a0%, \u00e0 409\u00a0millions d\u2019euros.<\/p>\n","protected":false},"excerpt":{"rendered":"l&rsquo;essentiel Le parc Belantis en Allemagne va \u00eatre transform\u00e9 en parc Ast\u00e9rix d\u2019ici les cinq prochaines ann\u00e9es. Une&hellip;\n","protected":false},"author":2,"featured_media":573048,"comment_status":"","ping_status":"","sticky":false,"template":"","format":"standard","meta":{"footnotes":""},"categories":[1587],"tags":[11,672,1804,1805,1803,1777,674,1801,12,1802],"class_list":{"0":"post-573047","1":"post","2":"type-post","3":"status-publish","4":"format-standard","5":"has-post-thumbnail","7":"category-allemagne","8":"tag-actualites","9":"tag-allemagne","10":"tag-bundesrepublik-deutschland","11":"tag-de","12":"tag-deutschland","13":"tag-eu","14":"tag-europe","15":"tag-germany","16":"tag-news","17":"tag-republique-federale-dallemagne"},"share_on_mastodon":{"url":"https:\/\/pubeurope.com\/@fr\/115649823633786889","error":""},"_links":{"self":[{"href":"https:\/\/www.europesays.com\/fr\/wp-json\/wp\/v2\/posts\/573047","targetHints":{"allow":["GET"]}}],"collection":[{"href":"https:\/\/www.europesays.com\/fr\/wp-json\/wp\/v2\/posts"}],"about":[{"href":"https:\/\/www.europesays.com\/fr\/wp-json\/wp\/v2\/types\/post"}],"author":[{"embeddable":true,"href":"https:\/\/www.europesays.com\/fr\/wp-json\/wp\/v2\/users\/2"}],"replies":[{"embeddable":true,"href":"https:\/\/www.europesays.com\/fr\/wp-json\/wp\/v2\/comments?post=573047"}],"version-history":[{"count":0,"href":"https:\/\/www.europesays.com\/fr\/wp-json\/wp\/v2\/posts\/573047\/revisions"}],"wp:featuredmedia":[{"embeddable":true,"href":"https:\/\/www.europesays.com\/fr\/wp-json\/wp\/v2\/media\/573048"}],"wp:attachment":[{"href":"https:\/\/www.europesays.com\/fr\/wp-json\/wp\/v2\/media?parent=573047"}],"wp:term":[{"taxonomy":"category","embeddable":true,"href":"https:\/\/www.europesays.com\/fr\/wp-json\/wp\/v2\/categories?post=573047"},{"taxonomy":"post_tag","embeddable":true,"href":"https:\/\/www.europesays.com\/fr\/wp-json\/wp\/v2\/tags?post=573047"}],"curies":[{"name":"wp","href":"https:\/\/api.w.org\/{rel}","templated":true}]}}