{"id":573051,"date":"2025-12-02T11:51:21","date_gmt":"2025-12-02T11:51:21","guid":{"rendered":"https:\/\/www.europesays.com\/fr\/573051\/"},"modified":"2025-12-02T11:51:21","modified_gmt":"2025-12-02T11:51:21","slug":"lue-a-besoin-de-son-propre-plan-pour-mettre-fin-a-la-guerre-en-ukraine-selon-le-commissaire-europeen-a-la-defense","status":"publish","type":"post","link":"https:\/\/www.europesays.com\/fr\/573051\/","title":{"rendered":"\u00ab\u00a0L&rsquo;UE a besoin de son propre plan pour mettre fin \u00e0 la guerre en Ukraine\u00a0\u00bb, selon le commissaire europ\u00e9en \u00e0 la D\u00e9fense"},"content":{"rendered":"<p>\n         Publi\u00e9 le<br \/>\n            02\/12\/2025 &#8211; 12:30 UTC+1\n            <\/p>\n<p>\u00ab\u00a0Les Europ\u00e9ens doivent avoir leur propre plan de paix pour l&rsquo;Ukraine et cesser d&rsquo;attendre que les Am\u00e9ricains prennent toutes les initiatives\u00a0\u00bb, a d\u00e9clar\u00e9 le commissaire europ\u00e9en \u00e0 la D\u00e9fense, Andrius Kubilius, lors de l&rsquo;\u00e9mission Europe Today d&rsquo;Euronews mardi. \u00ab\u00a0Nous devons peut-\u00eatre surmonter certains de nos probl\u00e8mes mentaux qui font que nous attendons g\u00e9n\u00e9ralement que des plans viennent de Washington. Il serait bon que nous ayons notre propre plan et que nous le comparions avec le plan am\u00e9ricain pour voir ce qui est bon et ce dont nous voulons discuter\u00a0\u00bb, a-t-il ajout\u00e9. \u00ab\u00a0Je pense que nous avan\u00e7ons dans cette direction. Puisque vraiment cette approche selon laquelle nous devons \u00eatre plus ind\u00e9pendants \u00e0 la fois dans nos capacit\u00e9s de d\u00e9fense mais aussi dans notre position g\u00e9opolitique est en train de se mettre en place.\u00a0\u00bb<\/p>\n<p>L&rsquo;envoy\u00e9 sp\u00e9cial de Washington, Steve Witkoff, et le gendre de Donald Trump, Jared Kushner, doivent rencontrer le pr\u00e9sident russe Vladimir Poutine \u00e0 Moscou mardi apr\u00e8s-midi pour poursuivre les discussions sur la fin de la guerre en Ukraine. Cette visite intervient apr\u00e8s qu&rsquo;une nouvelle proposition de plan de paix \u00e9labor\u00e9e entre Washington et Moscou a fait l&rsquo;objet d&rsquo;une fuite la semaine derni\u00e8re, effrayant les Ukrainiens et les Europ\u00e9ens, car elle penchait fortement en faveur de la Russie.<\/p>\n<p>Selon ce plan de paix, dont le contenu a en partie fuit\u00e9 dans la presse le 20 novembre dernier, l&rsquo;Ukraine devrait c\u00e9der l&rsquo;ensemble de la r\u00e9gion du Donbas \u00e0 la Russie, limiter la taille de son arm\u00e9e et renoncer \u00e0 son aspiration \u00e0 rejoindre l&rsquo;alliance de l&rsquo;OTAN. Les Europ\u00e9ens ont pr\u00e9sent\u00e9 des contre-propositions qui ont conduit Washington et Kyiv \u00e0 cr\u00e9er un \u00ab\u00a0cadre de paix actualis\u00e9 et affin\u00e9\u00a0\u00bb lors d&rsquo;une r\u00e9union qui s&rsquo;est tenue \u00e0 Gen\u00e8ve le week-end dernier. Ce cadre servira de base aux discussions entre les \u00c9tats-Unis et la Russie mardi.<\/p>\n<p>Mais cette d\u00e9b\u00e2cle a une fois de plus mis en \u00e9vidence la difficult\u00e9 pour l&rsquo;Europe d&rsquo;obtenir un si\u00e8ge \u00e0 la table des n\u00e9gociations, malgr\u00e9 le fait qu&rsquo;elle soit le plus grand donateur de soutien militaire et financier au pays d\u00e9chir\u00e9 par la guerre, et qu&rsquo;elle ait accept\u00e9 de prendre en charge la plupart des garanties de s\u00e9curit\u00e9 dont l&rsquo;Ukraine aura besoin si un accord de paix est conclu.<\/p>\n<p>Le pr\u00e9sident fran\u00e7ais Emmanuel Macron a soulign\u00e9 lundi apr\u00e8s-midi, apr\u00e8s avoir rencontr\u00e9 son homologue ukrainien Volodymyr Zelensky, qu&rsquo;aucun accord n&rsquo;avancerait sans la participation de l&rsquo;Europe, insistant sur le fait que le processus ne pouvait progresser qu&rsquo;avec les Europ\u00e9ens \u00ab\u00a0autour de la table\u00a0\u00bb. Emmanuel Macron a ajout\u00e9 qu&rsquo;aucune d\u00e9cision n&rsquo;avait encore \u00e9t\u00e9 prise et que les Europ\u00e9ens continueraient \u00e0 discuter des garanties de s\u00e9curit\u00e9 dans les jours \u00e0 venir.<\/p>\n<p><strong>L&rsquo;UE a besoin de son propre plan de paix pour l&rsquo;Ukraine, selon le chef de la D\u00e9fense europ\u00e9enne<\/strong><\/p>\n<p>Andrius Kubilius a d\u00e9clar\u00e9 \u00e0 Euronews que \u00ab\u00a0c&rsquo;est une bonne chose\u00a0\u00bb que Donald Trump \u00ab\u00a0prenne l&rsquo;initiative\u00a0\u00bb et \u00ab\u00a0essaie d&rsquo;apporter la paix\u00a0\u00bb : \u00ab\u00a0la question est de savoir si l&rsquo;on sait que la paix, telle qu&rsquo;elle est propos\u00e9e dans ce plan, sera une paix juste et \u00e0 long terme. C&rsquo;est ce qui doit nous pr\u00e9occuper et nous nous tenons aux c\u00f4t\u00e9s de l&rsquo;Ukraine. L&rsquo;Ukraine veut la paix, vous savez, et nous voulons tous la paix.\u00a0\u00bb<\/p>\n<p>\u00ab\u00a0Un mauvais accord serait mauvais non seulement pour l&rsquo;Ukraine, mais aussi pour l&rsquo;ensemble de l&rsquo;Europe, car nous devons comprendre et prendre au s\u00e9rieux ce que disent nos services de renseignement, \u00e0 savoir qu&rsquo;au cours des prochaines ann\u00e9es, la Russie pourrait \u00eatre pr\u00eate \u00e0 tester l&rsquo;article 5\u00a0\u00bb, a-t-il \u00e9galement d\u00e9clar\u00e9.<\/p>\n<p>Tout comme la Haute repr\u00e9sentante Kaja Kallas ce lundi, Andrius Kubilius a soutenu la cr\u00e9ation d&rsquo;un pr\u00eat de r\u00e9paration qui permettrait aux Europ\u00e9ens d&rsquo;utiliser pr\u00e8s de 200 milliards d&rsquo;euros d&rsquo;actifs de la Banque centrale russe gel\u00e9s dans leur juridiction pour fournir une assistance financi\u00e8re \u00e0 l&rsquo;Ukraine au cours des deux prochaines ann\u00e9es.<\/p>\n<p>La proposition est toutefois bloqu\u00e9e par la Belgique, o\u00f9 la majeure partie des actifs est d\u00e9tenue, qui r\u00e9clame un meilleur partage des risques et des charges en raison d&rsquo;\u00e9ventuelles repr\u00e9sailles de la part de Moscou. Andrius Kubilius a toutefois d\u00e9clar\u00e9 que le pr\u00eat \u00ab\u00a0serait \u00e9galement tr\u00e8s important parce qu&rsquo;un tel soutien financier pourrait peut-\u00eatre convaincre Vladimir Poutine qu&rsquo;il n&rsquo;arrivera \u00e0 rien.\u00a0\u00bb Les dirigeants de l&rsquo;UE devraient prendre une d\u00e9cision finale sur la mise en \u0153uvre du plan lors de leur r\u00e9union du 18 d\u00e9cembre.<\/p>\n","protected":false},"excerpt":{"rendered":"Publi\u00e9 le 02\/12\/2025 &#8211; 12:30 UTC+1 \u00ab\u00a0Les Europ\u00e9ens doivent avoir leur propre plan de paix pour l&rsquo;Ukraine et&hellip;\n","protected":false},"author":2,"featured_media":573052,"comment_status":"","ping_status":"","sticky":false,"template":"","format":"standard","meta":{"footnotes":""},"categories":[1586],"tags":[11,42412,554,1777,674,1779,1011,27,12,25,1778,220,364],"class_list":{"0":"post-573051","1":"post","2":"type-post","3":"status-publish","4":"format-standard","5":"has-post-thumbnail","7":"category-europe","8":"tag-actualites","9":"tag-andrius-kubilius","10":"tag-defense","11":"tag-eu","12":"tag-europe","13":"tag-european-union","14":"tag-fr","15":"tag-france","16":"tag-news","17":"tag-republique-francaise","18":"tag-ue","19":"tag-ukraine","20":"tag-union-europeenne"},"share_on_mastodon":{"url":"https:\/\/pubeurope.com\/@fr\/115649831655303977","error":""},"_links":{"self":[{"href":"https:\/\/www.europesays.com\/fr\/wp-json\/wp\/v2\/posts\/573051","targetHints":{"allow":["GET"]}}],"collection":[{"href":"https:\/\/www.europesays.com\/fr\/wp-json\/wp\/v2\/posts"}],"about":[{"href":"https:\/\/www.europesays.com\/fr\/wp-json\/wp\/v2\/types\/post"}],"author":[{"embeddable":true,"href":"https:\/\/www.europesays.com\/fr\/wp-json\/wp\/v2\/users\/2"}],"replies":[{"embeddable":true,"href":"https:\/\/www.europesays.com\/fr\/wp-json\/wp\/v2\/comments?post=573051"}],"version-history":[{"count":0,"href":"https:\/\/www.europesays.com\/fr\/wp-json\/wp\/v2\/posts\/573051\/revisions"}],"wp:featuredmedia":[{"embeddable":true,"href":"https:\/\/www.europesays.com\/fr\/wp-json\/wp\/v2\/media\/573052"}],"wp:attachment":[{"href":"https:\/\/www.europesays.com\/fr\/wp-json\/wp\/v2\/media?parent=573051"}],"wp:term":[{"taxonomy":"category","embeddable":true,"href":"https:\/\/www.europesays.com\/fr\/wp-json\/wp\/v2\/categories?post=573051"},{"taxonomy":"post_tag","embeddable":true,"href":"https:\/\/www.europesays.com\/fr\/wp-json\/wp\/v2\/tags?post=573051"}],"curies":[{"name":"wp","href":"https:\/\/api.w.org\/{rel}","templated":true}]}}