{"id":573054,"date":"2025-12-02T11:53:15","date_gmt":"2025-12-02T11:53:15","guid":{"rendered":"https:\/\/www.europesays.com\/fr\/573054\/"},"modified":"2025-12-02T11:53:15","modified_gmt":"2025-12-02T11:53:15","slug":"passe-darmes-entre-pascal-praud-et-lelysee-sur-fond-de-lutte-contre-la-desinformation-liberation","status":"publish","type":"post","link":"https:\/\/www.europesays.com\/fr\/573054\/","title":{"rendered":"Passe d\u2019armes entre Pascal Praud et l\u2019Elys\u00e9e sur fond de lutte contre la d\u00e9sinformation \u2013 Lib\u00e9ration"},"content":{"rendered":"<p class=\"sc-cPiKLX AiZTS text-element\">Le label sur les m\u00e9dias, projet cher \u00e0 Emmanuel Macron, n\u2019est pas du go\u00fbt de l\u2019animateur phare de <a href=\"https:\/\/www.liberation.fr\/economie\/medias\/pluralisme-sur-les-chaines-dinfo-en-continu-cnews-est-la-seule-chaine-a-tricher-de-maniere-manifeste-20251126_SKS2TVXGORD5DOGUL3UV5EHKLQ\/\" target=\"_blank\" rel=\"noopener\" title=\"https:\/\/www.liberation.fr\/economie\/medias\/pluralisme-sur-les-chaines-dinfo-en-continu-cnews-est-la-seule-chaine-a-tricher-de-maniere-manifeste-20251126_SKS2TVXGORD5DOGUL3UV5EHKLQ\/\">CNews<\/a>. Dans son \u00e9dito matinal ce lundi 1er\u00a0d\u00e9cembre, <a href=\"https:\/\/www.liberation.fr\/economie\/medias\/comptes-trumpistes-ou-mileistes-fake-news-conspirationnistes-pascal-praud-un-animateur-feru-de-x-20251121_7QEE5CHSDJHRNPC765LBUXO52Q\/\" target=\"_blank\" rel=\"noopener\" title=\"https:\/\/www.liberation.fr\/economie\/medias\/comptes-trumpistes-ou-mileistes-fake-news-conspirationnistes-pascal-praud-un-animateur-feru-de-x-20251121_7QEE5CHSDJHRNPC765LBUXO52Q\/\">Pascal Praud<\/a> a fustig\u00e9 la volont\u00e9 d\u2019instaurer un tel tampon, taclant \u00abla tentation autoritaire du pr\u00e9sident\u00bb.<\/p>\n<p class=\"sc-cPiKLX AiZTS text-element\">De quoi lancer le d\u00e9bat, pour s\u00fbr. Pas certain cependant que l\u2019animateur r\u00e9actionnaire s\u2019attendait \u00e0 une r\u00e9ponse de la part de l\u2019Elys\u00e9e. Via une vid\u00e9o publi\u00e9e ce lundi dans la soir\u00e9e sur le compte X de la pr\u00e9sidence de la R\u00e9publique et rep\u00e9r\u00e9e par <a href=\"https:\/\/www.leparisien.fr\/politique\/la-tentation-autoritaire-passe-darmes-entre-pascal-praud-et-lelysee-au-sujet-du-label-contre-la-desinformation-dans-les-medias-01-12-2025-ZQR2TVRWZFABBDZ5FDUJY4PPOM.php\" target=\"_blank\" rel=\"noopener\" title=\"https:\/\/www.leparisien.fr\/politique\/la-tentation-autoritaire-passe-darmes-entre-pascal-praud-et-lelysee-au-sujet-du-label-contre-la-desinformation-dans-les-medias-01-12-2025-ZQR2TVRWZFABBDZ5FDUJY4PPOM.php\">le Parisien<\/a>, les services de l\u2019Elys\u00e9e ont repris l\u2019\u00e9dito matinal de Praud. \u00abPravda\u00a0? Minist\u00e8re de la v\u00e9rit\u00e9\u00a0? Quand parler de lutte contre la d\u00e9sinformation suscite la d\u00e9sinformation\u00bb, lance ainsi l\u2019Elys\u00e9e aux \u00e9quipes de CNews.<\/p>\n<p class=\"sc-cPiKLX AiZTS text-element\">Le montage de l\u2019Elys\u00e9e d\u00e9marre par une compilation des propos tenus \u00e0 l\u2019antenne, avec en lettres capitales surplombant l\u2019extrait, la mention \u00abAttention fausse information\u00bb.<\/p>\n<p class=\"sc-cPiKLX AiZTS text-element\">Une capture d\u2019\u00e9cran d\u2019un tweet de Jordan Bardella qui s\u2019inqui\u00e9tait de ce projet de labellisation, fait alors suite aux captations des \u00e9missions de Pascal Praud. Invit\u00e9 sur <a href=\"https:\/\/www.liberation.fr\/economie\/medias\/pluralisme-sur-les-chaines-dinfo-en-continu-cnews-est-la-seule-chaine-a-tricher-de-maniere-manifeste-20251126_SKS2TVXGORD5DOGUL3UV5EHKLQ\/\" target=\"_blank\" rel=\"noopener\" title=\"https:\/\/www.liberation.fr\/economie\/medias\/pluralisme-sur-les-chaines-dinfo-en-continu-cnews-est-la-seule-chaine-a-tricher-de-maniere-manifeste-20251126_SKS2TVXGORD5DOGUL3UV5EHKLQ\/\">le plateau de l\u2019Heure des pros<\/a> dimanche 30\u00a0novembre, le pr\u00e9sident du Rassemblement national a fustig\u00e9 le projet de Macron, allant jusqu\u2019\u00e0 dire que \u00abcette p\u00e9riode qu\u2019on est en train de vivre me rappelle <a href=\"https:\/\/www.liberation.fr\/forums\/fake-news-manipulations-ideologies-retour-vers-le-1984-dorwell-20251119_3IXJA7C7VBAN3JRVAV2Z2BWXA4\/\" target=\"_blank\" rel=\"noopener\" title=\"https:\/\/www.liberation.fr\/forums\/fake-news-manipulations-ideologies-retour-vers-le-1984-dorwell-20251119_3IXJA7C7VBAN3JRVAV2Z2BWXA4\/\">le minist\u00e8re de la v\u00e9rit\u00e9 [d\u2019Orwell]<\/a> qui \u00e9tait charg\u00e9, non seulement d\u2019effacer la m\u00e9moire, mais de r\u00e9\u00e9crire l\u2019Histoire\u00bb, \u00e9voquant le r\u00e9cit dystopique de son \u0153uvre 1984.<\/p>\n<p class=\"sc-cPiKLX AiZTS text-element\">Chez d\u2019autres politiques, de droite, la mesure envisag\u00e9e indigne autant et on r\u00e8gle ses pas dans les pas du probable candidat RN \u00e0 la pr\u00e9sidentielle. Ainsi de l\u2019ancien ministre de l\u2019Int\u00e9rieur <a href=\"https:\/\/www.liberation.fr\/politique\/olivier-faure-decide-sebastien-lecornu-lui-sexecute-assene-le-patron-des-lr-bruno-retailleau-20251122_74NDMP2ZM5HSFH6NWFMUNB2YT4\/\" target=\"_blank\" rel=\"noopener\" title=\"https:\/\/www.liberation.fr\/politique\/olivier-faure-decide-sebastien-lecornu-lui-sexecute-assene-le-patron-des-lr-bruno-retailleau-20251122_74NDMP2ZM5HSFH6NWFMUNB2YT4\/\">Bruno Retailleau<\/a>, l\u2019ancien ministre de l\u2019Int\u00e9rieur et patron des LR, a d\u00e9nonc\u00e9 \u00abune d\u00e9rive inqui\u00e9tante\u00bb dans un post sur X. Pour <a href=\"https:\/\/www.liberation.fr\/tags\/david-lisnard\/\" target=\"_blank\" rel=\"noopener\" title=\"https:\/\/www.liberation.fr\/tags\/david-lisnard\/\">David Lisnard<\/a>, maire de Cannes et pr\u00e9sident de l\u2019Association des maires de France, partisan, comme l\u2019\u00e9ditorialiste de CNews, d\u2019une union des droites pour la pr\u00e9sidentielle, ce projet n\u2019est rien d\u2019autre qu\u2019une \u00abd\u00e9rive liberticide particuli\u00e8rement grave\u00bb. Une campagne m\u00e9diatique comme sait les orchestrer CNews et que l\u2019Elys\u00e9e range dans la cat\u00e9gorie \u00abfake news\u00bb. Mardi matin, Marine Le Pen, y est \u00e9galement all\u00e9e de sa d\u00e9fiance, voyant dans la d\u00e9claration pr\u00e9sidentielle une volont\u00e9 \u00abde ma\u00eetriser l\u2019information\u00bb.<\/p>\n<p class=\"sc-cPiKLX AiZTS text-element\">Mais qu\u2019a dit le Pr\u00e9sident en v\u00e9rit\u00e9\u00a0? Lors d\u2019un d\u00e9placement \u00e0 Arras mercredi 26\u00a0novembre, Emmanuel Macron avait salu\u00e9 l\u2019initiative JTI, un label imagin\u00e9 en\u00a02018 par RSF pour am\u00e9liorer la lutte contre la d\u00e9sinformation et <a href=\"https:\/\/www.radiofrance.fr\/franceinter\/podcasts\/l-edito-politique\/l-edito-politique-du-mardi-02-decembre-2025-7697788\" target=\"_blank\" rel=\"noreferrer noopener\" title=\"https:\/\/www.radiofrance.fr\/franceinter\/podcasts\/l-edito-politique\/l-edito-politique-du-mardi-02-decembre-2025-7697788\">auquel ont adh\u00e9r\u00e9 115 m\u00e9dias fran\u00e7ais<\/a>. Une \u00ablabellisation faite par des professionnels\u00bb des m\u00e9dias et non directement par l\u2019Elys\u00e9e, comme le rappelle enfin la vid\u00e9o partag\u00e9e ce soir par ses services.<\/p>\n<p class=\"sc-cPiKLX AiZTS text-element\">L\u2019\u00e9quipe de communication du Pr\u00e9sident n\u2019a pas oubli\u00e9 de faire figurer en fin d\u2019extrait les propos exacts tenus par le chef de l\u2019Etat lors de son d\u00e9placement dans le Nord. \u00abCe n\u2019est pas l\u2019Etat qui doit v\u00e9rifier. Si c\u2019est l\u2019Etat qui doit v\u00e9rifier, l\u00e0 \u00e7a devient une dictature\u00bb, y pr\u00e9cisait justement Emmanuel Macron.<\/p>\n<p class=\"sc-cPiKLX AiZTS text-element\">Ce n\u2019est pas la premi\u00e8re fois que les services de la pr\u00e9sidence de la R\u00e9publique utilisent les r\u00e9seaux sociaux pour faire la chasse aux fausses informations visant des d\u00e9clarations du chef de l\u2019Etat. Mi-mai, des m\u00e9dias proches du <a href=\"https:\/\/www.liberation.fr\/idees-et-debats\/tribunes\/russie-etats-unis-ue-ukraine-qui-veut-craint-et-refuse-quoi-par-bernard-guetta-20251201_77ACHAIBRFB27BIZYJ3YUW2GZE\/\" target=\"_blank\" rel=\"noopener\" title=\"https:\/\/www.liberation.fr\/idees-et-debats\/tribunes\/russie-etats-unis-ue-ukraine-qui-veut-craint-et-refuse-quoi-par-bernard-guetta-20251201_77ACHAIBRFB27BIZYJ3YUW2GZE\/\">Kremlin<\/a> avaient assur\u00e9 que le mouchoir blanc pris par Emmanuel Macron lors d\u2019un trajet en train pour Kyiv \u00e9tait en v\u00e9rit\u00e9<a href=\"https:\/\/www.liberation.fr\/societe\/sante\/on-prend-de-la-cocaine-pour-tenir-le-coup-et-resister-a-la-fatigue-la-stupefiante-banalisation-de-la-poudre-blanche-en-france-20250119_CTBOLDLMJRDY5MDUMA6FJ6JHXE\/\" target=\"_blank\" rel=\"noopener\" title=\"https:\/\/www.liberation.fr\/societe\/sante\/on-prend-de-la-cocaine-pour-tenir-le-coup-et-resister-a-la-fatigue-la-stupefiante-banalisation-de-la-poudre-blanche-en-france-20250119_CTBOLDLMJRDY5MDUMA6FJ6JHXE\/\"> un sachet de coca\u00efne<\/a>. De quoi motiver la com\u2019de l\u2019Elys\u00e9e \u00e0 partager une vid\u00e9o en guise de d\u00e9menti. Quelques jours plus tard, l\u2019affaire de la <a href=\"https:\/\/www.liberation.fr\/politique\/images-de-macron-agresse-par-sa-femme-brigitte-a-la-descente-davion-au-vietnam-lelysee-dement-formellement-20250526_E6FLIH7BN5HDDK52YTCU3BXZKM\/\" target=\"_blank\" rel=\"noopener\" title=\"https:\/\/www.liberation.fr\/politique\/images-de-macron-agresse-par-sa-femme-brigitte-a-la-descente-davion-au-vietnam-lelysee-dement-formellement-20250526_E6FLIH7BN5HDDK52YTCU3BXZKM\/\">\u00abgifle\u00bb<\/a> assen\u00e9e par Brigitte Macron \u00e0 son mari lors d\u2019une visite au Vietnam fait \u00e9galement l\u2019objet d\u2019un d\u00e9menti par le compte X de l\u2019Elys\u00e9e.<\/p>\n<p class=\"sc-cPiKLX AiZTS text-element\">Apr\u00e8s la multiplication des sorties \u00e0 droite et \u00e0 l\u2019extr\u00eame droite, le gouvernement a \u00e9galement r\u00e9agi par la voix de sa porte-parole Maud Bregeon. En conf\u00e9rence de presse ce mardi matin, cette derni\u00e8re a assur\u00e9 que le Pr\u00e9sident n\u2019avait \u00abjamais\u00bb \u00e9voqu\u00e9 de \u00ablabel d\u2019Etat\u00bb ni de \u00abminist\u00e8re de la V\u00e9rit\u00e9\u00bb.<\/p>\n<p class=\"sc-cPiKLX AiZTS text-element\"><b>Mise \u00e0 jour \u00e0 11h26 <\/b>avec des pr\u00e9cisions sur le label, la r\u00e9action de Marine Le Pen et celle du gouvernement.<\/p>\n","protected":false},"excerpt":{"rendered":"Le label sur les m\u00e9dias, projet cher \u00e0 Emmanuel Macron, n\u2019est pas du go\u00fbt de l\u2019animateur phare de&hellip;\n","protected":false},"author":2,"featured_media":573055,"comment_status":"","ping_status":"","sticky":false,"template":"","format":"standard","meta":{"footnotes":""},"categories":[2],"tags":[11,1013,9722,1073,1011,27,1077,12,10160,25],"class_list":{"0":"post-573054","1":"post","2":"type-post","3":"status-publish","4":"format-standard","5":"has-post-thumbnail","7":"category-actualites","8":"tag-actualites","9":"tag-bruno-retailleau","10":"tag-cnews","11":"tag-emmanuel-macron","12":"tag-fr","13":"tag-france","14":"tag-jordan-bardella","15":"tag-news","16":"tag-pascal-praud","17":"tag-republique-francaise"},"share_on_mastodon":{"url":"https:\/\/pubeurope.com\/@fr\/115649839469811059","error":""},"_links":{"self":[{"href":"https:\/\/www.europesays.com\/fr\/wp-json\/wp\/v2\/posts\/573054","targetHints":{"allow":["GET"]}}],"collection":[{"href":"https:\/\/www.europesays.com\/fr\/wp-json\/wp\/v2\/posts"}],"about":[{"href":"https:\/\/www.europesays.com\/fr\/wp-json\/wp\/v2\/types\/post"}],"author":[{"embeddable":true,"href":"https:\/\/www.europesays.com\/fr\/wp-json\/wp\/v2\/users\/2"}],"replies":[{"embeddable":true,"href":"https:\/\/www.europesays.com\/fr\/wp-json\/wp\/v2\/comments?post=573054"}],"version-history":[{"count":0,"href":"https:\/\/www.europesays.com\/fr\/wp-json\/wp\/v2\/posts\/573054\/revisions"}],"wp:featuredmedia":[{"embeddable":true,"href":"https:\/\/www.europesays.com\/fr\/wp-json\/wp\/v2\/media\/573055"}],"wp:attachment":[{"href":"https:\/\/www.europesays.com\/fr\/wp-json\/wp\/v2\/media?parent=573054"}],"wp:term":[{"taxonomy":"category","embeddable":true,"href":"https:\/\/www.europesays.com\/fr\/wp-json\/wp\/v2\/categories?post=573054"},{"taxonomy":"post_tag","embeddable":true,"href":"https:\/\/www.europesays.com\/fr\/wp-json\/wp\/v2\/tags?post=573054"}],"curies":[{"name":"wp","href":"https:\/\/api.w.org\/{rel}","templated":true}]}}