{"id":573056,"date":"2025-12-02T11:54:14","date_gmt":"2025-12-02T11:54:14","guid":{"rendered":"https:\/\/www.europesays.com\/fr\/573056\/"},"modified":"2025-12-02T11:54:14","modified_gmt":"2025-12-02T11:54:14","slug":"3-voyages-a-gagner-pour-les-agents-de-voyages","status":"publish","type":"post","link":"https:\/\/www.europesays.com\/fr\/573056\/","title":{"rendered":"3 voyages \u00e0 gagner pour les agents de voyages"},"content":{"rendered":"<p>\t\t\t\t\t <a class=\"liens\" href=\"https:\/\/www.tourmag.com\/tags\/tui+france\/\" target=\"_blank\" rel=\"noopener\">TUI France<\/a> lance un calendrier de l&rsquo;Avent pour les agents de voyages.<\/p>\n<p>Du 1er au 24 d\u00e9cembre 2025, le voyagiste propose du lundi au vendredi sur son site B2B une question quotidienne qui permettra aux agents de voyages de remporter des cadeaux. &#13;\t\t\t\t\t <\/p>\n<p>Chaque jour ouvr\u00e9, un cadeau est \u00e0 gagner parmi une s\u00e9lection : Wonderbox, cartes cadeaux de 200\u20ac, bons cadeaux TUI de 300\u20ac ou l\u2019un des trois voyages inoubliables de cette \u00e9dition :&#13;\t\t\t\t\t <\/p>\n<p><b>&#8211; 7 nuits au Club Marmara Les Jardins d\u2019Agadir, &#13;\t\t\t\t\t <\/b><\/p>\n<p>&#8211; 4 nuits pour un city-trip Nouvelles Fronti\u00e8res \u00e0 Montr\u00e9al, &#13;\t\t\t\t\t <\/p>\n<p>&#8211; 7 nuits \u00e0 l\u2019h\u00f4tel TUI S\u00e9lection Constantinou Bros Athena Beach Hotel 4* \u00e0 Chypre.\n\t\t\t\t <\/p>\n","protected":false},"excerpt":{"rendered":"TUI France lance un calendrier de l&rsquo;Avent pour les agents de voyages. Du 1er au 24 d\u00e9cembre 2025,&hellip;\n","protected":false},"author":2,"featured_media":573057,"comment_status":"","ping_status":"","sticky":false,"template":"","format":"standard","meta":{"footnotes":""},"categories":[4],"tags":[11,1011,27,12,25,29926],"class_list":{"0":"post-573056","1":"post","2":"type-post","3":"status-publish","4":"format-standard","5":"has-post-thumbnail","7":"category-france","8":"tag-actualites","9":"tag-fr","10":"tag-france","11":"tag-news","12":"tag-republique-francaise","13":"tag-tui-france"},"share_on_mastodon":{"url":"https:\/\/pubeurope.com\/@fr\/115649843240247957","error":""},"_links":{"self":[{"href":"https:\/\/www.europesays.com\/fr\/wp-json\/wp\/v2\/posts\/573056","targetHints":{"allow":["GET"]}}],"collection":[{"href":"https:\/\/www.europesays.com\/fr\/wp-json\/wp\/v2\/posts"}],"about":[{"href":"https:\/\/www.europesays.com\/fr\/wp-json\/wp\/v2\/types\/post"}],"author":[{"embeddable":true,"href":"https:\/\/www.europesays.com\/fr\/wp-json\/wp\/v2\/users\/2"}],"replies":[{"embeddable":true,"href":"https:\/\/www.europesays.com\/fr\/wp-json\/wp\/v2\/comments?post=573056"}],"version-history":[{"count":0,"href":"https:\/\/www.europesays.com\/fr\/wp-json\/wp\/v2\/posts\/573056\/revisions"}],"wp:featuredmedia":[{"embeddable":true,"href":"https:\/\/www.europesays.com\/fr\/wp-json\/wp\/v2\/media\/573057"}],"wp:attachment":[{"href":"https:\/\/www.europesays.com\/fr\/wp-json\/wp\/v2\/media?parent=573056"}],"wp:term":[{"taxonomy":"category","embeddable":true,"href":"https:\/\/www.europesays.com\/fr\/wp-json\/wp\/v2\/categories?post=573056"},{"taxonomy":"post_tag","embeddable":true,"href":"https:\/\/www.europesays.com\/fr\/wp-json\/wp\/v2\/tags?post=573056"}],"curies":[{"name":"wp","href":"https:\/\/api.w.org\/{rel}","templated":true}]}}