{"id":573064,"date":"2025-12-02T12:02:23","date_gmt":"2025-12-02T12:02:23","guid":{"rendered":"https:\/\/www.europesays.com\/fr\/573064\/"},"modified":"2025-12-02T12:02:23","modified_gmt":"2025-12-02T12:02:23","slug":"cest-un-pur-crossman-ce-serait-un-bel-ambassadeur-pourquoi-tony-periou-mise-sur-louis-tanguy-lors-des-championnats-de-bretagne-de-cyclo-cross","status":"publish","type":"post","link":"https:\/\/www.europesays.com\/fr\/573064\/","title":{"rendered":"\u00ab\u00a0C\u2019est un pur crossman, ce serait un bel ambassadeur\u00a0\u00bb\u00a0: pourquoi Tony P\u00e9riou mise sur Louis Tanguy lors des championnats de Bretagne de cyclo-cross"},"content":{"rendered":"<p>Championnat de Bretagne de cyclo-cross, dimanche \u00e0 Ch\u00e2telaudren (22)Vous serez pr\u00e9sent en spectateur, dimanche, \u00e0 Ch\u00e2telaudren o\u00f9 vous avez d\u00e9croch\u00e9 votre deuxi\u00e8me titre. Avec un pincement au c\u0153ur ?<\/p>\n<p>Forc\u00e9ment, \u00e7a me fait quelque chose. Lors de <a href=\"https:\/\/www.letelegramme.fr\/sports\/cyclisme\/cyclo-cross\/direct-suivez-la-deuxieme-journee-du-cyclo-cross-de-quelneuc-6927966.php\" target=\"_blank\" rel=\"noopener\">la Coupe de France de Quelneuc<\/a> (o\u00f9 il assistait les jeunes du VCP Loud\u00e9ac, son ancien club), je n\u2019\u00e9tais pas rest\u00e9 regarder la course \u00e9lites le dimanche. \u00c7a ne m\u2019int\u00e9ressait pas plus que cela. Ce que j\u2019aurais aim\u00e9, c\u2019est courir avec eux.<\/p>\n<p>Est-ce \u00e0 dire que vous regrettez d\u2019avoir tourn\u00e9 la page cyclo-cross ?<\/p>\n<p>Ah non, pas du tout. Je n\u2019ai aucun regret. <a href=\"https:\/\/www.letelegramme.fr\/sports\/cyclisme\/cyclo-cross\/il-y-a-des-priorites-dans-la-vie-ce-nest-pas-le-velo-pourquoi-tony-periou-arrete-le-cyclo-cross-6743557.php\" target=\"_blank\" rel=\"noopener\">Je pense que j\u2019ai arr\u00eat\u00e9 au bon moment<\/a>. Si j\u2019avais continu\u00e9, \u00e7a aurait \u00e9t\u00e9 la saison de trop, je n\u2019aurais \u00e9t\u00e9 aussi comp\u00e9titif. Ma petite a commenc\u00e9 l\u2019\u00e9cole, je vais bient\u00f4t \u00eatre papa pour la deuxi\u00e8me fois, mes priorit\u00e9s sont ailleurs. Et puis, je n\u2019ai plus le temps de m\u2019entra\u00eener. Quand je vois ce mauvais temps, j\u2019appr\u00e9cie d\u2019autant plus la sieste.<\/p>\n<p>Cela ne vous d\u00e9mange pas, parfois ?<\/p>\n<p>On me pose souvent la question. Mais sinc\u00e8rement, je n\u2019y pense pas. Je continue de rouler, j\u2019ai quelques objectifs sur la route et en gravel pour 2026. J\u2019aimerais disputer la manche de Coupe du monde de gravel de Millau (24 mai) avec les copains du club de Briec et \u00eatre en forme pour les championnats de Bretagne route \u00e0 Kernou\u00ebs (7 juin). Mais le cyclo-cross, normalement, c\u2019est termin\u00e9. Bon, je sais qu\u2019il ne faut jamais dire jamais\u2026<\/p>\n<p>Continuez-vous de suivre l\u2019actualit\u00e9 du cyclo-cross breton ?<\/p>\n<p>Bien s\u00fbr. J\u2019entra\u00eene un petit jeune de Bourg-Blanc (Lilian Aveline) et je suis les r\u00e9sultats de pr\u00e8s. \u00c0 Ch\u00e2telaudren, sur un circuit qui est physique et technique \u00e0 la fois, je pense d\u2019ailleurs que l\u2019on va assister \u00e0 une tr\u00e8s belle bagarre.<\/p>\n<\/p>\n<p>Qui voyez-vous vous succ\u00e9der ?<\/p>\n<p>\u00c0 mon avis, \u00e7a va se jouer entre <a href=\"https:\/\/www.letelegramme.fr\/sports\/cyclisme\/cyclo-cross\/qui-est-louis-tanguy-le-grand-espoir-breton-du-cyclo-cross-6727130.php\" target=\"_blank\" rel=\"noopener\">Louis Tanguy<\/a> et <a href=\"https:\/\/www.letelegramme.fr\/sports\/cyclisme\/cyclo-cross\/paul-francois-jutel-sacre-champion-dille-et-vilaine-de-cyclo-cross-en-mode-preparation-6938372.php\" target=\"_blank\" rel=\"noopener\">Paul-Fran\u00e7ois Jutel<\/a> (2e et 3e, l\u2018an dernier \u00e0 Quimper). Personnellement, je mets une pi\u00e8ce sur Louis. C\u2019est un gars avec qui j\u2019ai pas mal d\u2019affinit\u00e9s, je lui donne quelques petits conseils. C\u2019est un pur crossman, ce serait un bel ambassadeur. Allez, disons que c\u2019est du 55-45. Aucun d\u2019entre eux n\u2019a jamais gagn\u00e9 un titre \u00e9lite, aucun n\u2019aura envie de l\u00e2cher l\u2019affaire. Pour la troisi\u00e8me place, \u00e7a devrait se jouer entre Matt\u00e9o Garnier (VCP Loud\u00e9ac), <a href=\"https:\/\/www.letelegramme.fr\/sports\/cyclisme\/cyclo-cross\/cyclo-cross-victor-dreano-sacre-champion-du-morbihan-a-seglien-6938368.php\" target=\"_blank\" rel=\"noopener\">Victor Dr\u00e9ano<\/a> (VCP Loud\u00e9ac) ou <a href=\"https:\/\/www.letelegramme.fr\/sports\/cyclisme\/cyclo-cross\/nicolas-david-simpose-pour-la-11e-fois-et-devient-champion-du-finistere-de-cyclo-cross-a-une-semaine-du-championnat-de-bretagne-6938378.php\" target=\"_blank\" rel=\"noopener\">Nicolas David<\/a> (CC Ergu\u00e9-Gab\u00e9ric) qu\u2019il ne faut jamais n\u00e9gliger.<\/p>\n<p>La semaine d\u2019avant championnat de Bretagne, c\u2019est toujours une semaine particuli\u00e8re ?<\/p>\n<p>Lors des mes premiers championnats, je me mettais beaucoup la pression. Au fil des ann\u00e9es, \u00e7a devenait juste une course qui donnait \u00e9norm\u00e9ment envie. C\u2019est toujours une \u00e9preuve qui me tenait \u00e0 c\u0153ur, que j\u2019arrivais \u00e0 partager avec le public. L\u2019atmosph\u00e8re d\u2019un championnat de Bretagne, c\u2019est quelque chose.<\/p>\n<p>Parmi vos quatre titres, lequel est le plus beau ?<\/p>\n<p>Sans doute le premier, \u00e0 Camors (en 2018). Parce que c\u2019\u00e9tait le premier et parce que j\u2019avais battu Matthieu (Boulo, le champion sortant). Il m\u2019avait l\u00e2ch\u00e9, j\u2019\u00e9tais l\u00e2ch\u00e9 et j\u2019\u00e9tais revenu dans le dernier tour avant de gagner. C\u2019\u00e9tait un gros chantier, il pleuvait. Les trois autres fois (\u00e0 Ch\u00e2telaudren, Cruguel et Quimper), \u00e7a avait \u00e9t\u00e9 un peu plus simple.<\/p>\n","protected":false},"excerpt":{"rendered":"Championnat de Bretagne de cyclo-cross, dimanche \u00e0 Ch\u00e2telaudren (22)Vous serez pr\u00e9sent en spectateur, dimanche, \u00e0 Ch\u00e2telaudren o\u00f9 vous&hellip;\n","protected":false},"author":2,"featured_media":573065,"comment_status":"","ping_status":"","sticky":false,"template":"","format":"standard","meta":{"footnotes":""},"categories":[1411],"tags":[11,45437,1154,207,59294,3166,1011,27,7978,60],"class_list":{"0":"post-573064","1":"post","2":"type-post","3":"status-publish","4":"format-standard","5":"has-post-thumbnail","7":"category-cyclisme","8":"tag-actualites","9":"tag-chatelaudren-plouagat","10":"tag-cycling","11":"tag-cyclisme","12":"tag-cyclo-cross","13":"tag-en-continu-sports","14":"tag-fr","15":"tag-france","16":"tag-plouigneau","17":"tag-sports"},"share_on_mastodon":{"url":"https:\/\/pubeurope.com\/@fr\/115649874653331501","error":""},"_links":{"self":[{"href":"https:\/\/www.europesays.com\/fr\/wp-json\/wp\/v2\/posts\/573064","targetHints":{"allow":["GET"]}}],"collection":[{"href":"https:\/\/www.europesays.com\/fr\/wp-json\/wp\/v2\/posts"}],"about":[{"href":"https:\/\/www.europesays.com\/fr\/wp-json\/wp\/v2\/types\/post"}],"author":[{"embeddable":true,"href":"https:\/\/www.europesays.com\/fr\/wp-json\/wp\/v2\/users\/2"}],"replies":[{"embeddable":true,"href":"https:\/\/www.europesays.com\/fr\/wp-json\/wp\/v2\/comments?post=573064"}],"version-history":[{"count":0,"href":"https:\/\/www.europesays.com\/fr\/wp-json\/wp\/v2\/posts\/573064\/revisions"}],"wp:featuredmedia":[{"embeddable":true,"href":"https:\/\/www.europesays.com\/fr\/wp-json\/wp\/v2\/media\/573065"}],"wp:attachment":[{"href":"https:\/\/www.europesays.com\/fr\/wp-json\/wp\/v2\/media?parent=573064"}],"wp:term":[{"taxonomy":"category","embeddable":true,"href":"https:\/\/www.europesays.com\/fr\/wp-json\/wp\/v2\/categories?post=573064"},{"taxonomy":"post_tag","embeddable":true,"href":"https:\/\/www.europesays.com\/fr\/wp-json\/wp\/v2\/tags?post=573064"}],"curies":[{"name":"wp","href":"https:\/\/api.w.org\/{rel}","templated":true}]}}