{"id":573066,"date":"2025-12-02T12:04:16","date_gmt":"2025-12-02T12:04:16","guid":{"rendered":"https:\/\/www.europesays.com\/fr\/573066\/"},"modified":"2025-12-02T12:04:16","modified_gmt":"2025-12-02T12:04:16","slug":"mercato-psg-beraldo-propose-a-deux-clubs-pour-cet-hiver","status":"publish","type":"post","link":"https:\/\/www.europesays.com\/fr\/573066\/","title":{"rendered":"Mercato PSG &#8211; Beraldo propos\u00e9 \u00e0 deux clubs pour cet hiver !"},"content":{"rendered":"<p><strong>Lucas Beraldo, d\u00e9fenseur de 22 ans du Br\u00e9sil, a su faire se faire une place, mais sans totalement s\u2019imposer comme un titulaire rassurant des grands soirs depuis son arriv\u00e9e au Paris Saint-Germain en janvier 2024 (contrat jusqu\u2019en 2028). TV Espirito de Perco, via son journaliste Diego Firmino indique que des interm\u00e9diaires ont propos\u00e9 le joueur \u00e0 Palmeiras et Flamengo pour un possible retour au Br\u00e9sil.<\/strong><\/p>\n<p><img loading=\"lazy\" decoding=\"async\" class=\"size-full wp-image-888853 aligncenter lazyload\" alt=\"\" width=\"881\" height=\"705\" data-eio=\"p\" src=\"https:\/\/www.europesays.com\/fr\/wp-content\/uploads\/2025\/12\/beraldo.jpg\"  data- data-eio-rwidth=\"881\" data-eio-rheight=\"705\"\/><\/p>\n<blockquote>\n<p>\u00ab\u00a0Le nom de Lucas Beraldo, ancien joueur de S\u00e3o Paulo et actuellement au PSG, a \u00e9t\u00e9 transmis \u00e0 Palmeiras par des interm\u00e9diaires.<\/p>\n<p>Palmeiras appr\u00e9cie le joueur mais n\u2019a pas encore donn\u00e9 suite.<\/p>\n<p>Son nom a \u00e9galement \u00e9t\u00e9 propos\u00e9 \u00e0 Flamengo.\u00a0\u00bb<\/p>\n<\/blockquote>\n<p>Rien d\u2019impossible, Beraldo s\u2019est distingu\u00e9 au Br\u00e9sil et un nouveau passage dans son pays natal n\u2019est pas insens\u00e9 afin de retrouver un maximum de temps de jeu. Et il peut int\u00e9resser ces clubs, avec peut-\u00eatre un renfort peu co\u00fbteux (un pr\u00eat ?. Cependant, il n\u2019y a rien de concret. Alors, on ne peut que rester tr\u00e8s prudent.<\/p>\n<p>Les m\u00e9dias continuent avec la rumeur d\u2019un d\u00e9part, mais le joueur a d\u00e9menti il y a peu tr\u00e8s clairement cette option. Il faudrait aussi avoir en t\u00eate qu\u2019un joueur ne joue pas forc\u00e9ment tout le temps. Il peut tout de m\u00eame progresser et appr\u00e9cier de participer \u00e0 un immense projet. Beraldo est loin d\u2019\u00eatre oubli\u00e9 par le coach Luis Enrique et l\u2019effectif du PSG n\u2019est pas large. Un d\u00e9part est loin d\u2019\u00eatre une \u00e9vidence.<\/p>\n<p>\t\t\t\t\t\t\t\t\t\t\t\t\t\t\t\t\t\t\t\t\t\t\t<img loading=\"lazy\" src=\"https:\/\/www.europesays.com\/fr\/wp-content\/uploads\/2025\/04\/ParisFans_Logo.png\" decoding=\"async\" class=\"lazyload\" width=\"240\" height=\"54\" data-eio-rwidth=\"240\" data-eio-rheight=\"54\"\/><\/p>\n","protected":false},"excerpt":{"rendered":"Lucas Beraldo, d\u00e9fenseur de 22 ans du Br\u00e9sil, a su faire se faire une place, mais sans totalement&hellip;\n","protected":false},"author":2,"featured_media":573067,"comment_status":"","ping_status":"","sticky":false,"template":"","format":"standard","meta":{"footnotes":""},"categories":[1410],"tags":[63,1011,27,790,60,96],"class_list":{"0":"post-573066","1":"post","2":"type-post","3":"status-publish","4":"format-standard","5":"has-post-thumbnail","7":"category-football","8":"tag-football","9":"tag-fr","10":"tag-france","11":"tag-lucas-beraldo","12":"tag-sports","13":"tag-une"},"share_on_mastodon":{"url":"https:\/\/pubeurope.com\/@fr\/115649883434925507","error":""},"_links":{"self":[{"href":"https:\/\/www.europesays.com\/fr\/wp-json\/wp\/v2\/posts\/573066","targetHints":{"allow":["GET"]}}],"collection":[{"href":"https:\/\/www.europesays.com\/fr\/wp-json\/wp\/v2\/posts"}],"about":[{"href":"https:\/\/www.europesays.com\/fr\/wp-json\/wp\/v2\/types\/post"}],"author":[{"embeddable":true,"href":"https:\/\/www.europesays.com\/fr\/wp-json\/wp\/v2\/users\/2"}],"replies":[{"embeddable":true,"href":"https:\/\/www.europesays.com\/fr\/wp-json\/wp\/v2\/comments?post=573066"}],"version-history":[{"count":0,"href":"https:\/\/www.europesays.com\/fr\/wp-json\/wp\/v2\/posts\/573066\/revisions"}],"wp:featuredmedia":[{"embeddable":true,"href":"https:\/\/www.europesays.com\/fr\/wp-json\/wp\/v2\/media\/573067"}],"wp:attachment":[{"href":"https:\/\/www.europesays.com\/fr\/wp-json\/wp\/v2\/media?parent=573066"}],"wp:term":[{"taxonomy":"category","embeddable":true,"href":"https:\/\/www.europesays.com\/fr\/wp-json\/wp\/v2\/categories?post=573066"},{"taxonomy":"post_tag","embeddable":true,"href":"https:\/\/www.europesays.com\/fr\/wp-json\/wp\/v2\/tags?post=573066"}],"curies":[{"name":"wp","href":"https:\/\/api.w.org\/{rel}","templated":true}]}}