{"id":573068,"date":"2025-12-02T12:05:21","date_gmt":"2025-12-02T12:05:21","guid":{"rendered":"https:\/\/www.europesays.com\/fr\/573068\/"},"modified":"2025-12-02T12:05:21","modified_gmt":"2025-12-02T12:05:21","slug":"cate-blanchett-sharon-stone-lila-grace-moss-le-style-en-majeste-sur-le-tapis-bleu-nuit-des-british-fashion-awards-a-londres","status":"publish","type":"post","link":"https:\/\/www.europesays.com\/fr\/573068\/","title":{"rendered":"Cate Blanchett, Sharon Stone, Lila Grace Moss&#8230; le style en majest\u00e9 sur le tapis bleu nuit des British Fashion Awards \u00e0 Londres"},"content":{"rendered":"<p>\n    Actrices de renom, grands directeurs artistiques et supermodels \u00e9taient pr\u00e9sents sur le tapis rouge de la c\u00e9r\u00e9monie britannique la plus mode de l\u2019ann\u00e9e, ce 1er d\u00e9cembre \u00e0 Londres.<\/p>\n<p class=\"fig-paragraph\">C\u2019est une soir\u00e9e que les gens de la mode ne vont pas oublier de sit\u00f4t. Lundi 1er d\u00e9cembre, au Royal Albert Hall de Londres, de nombreuses c\u00e9l\u00e9brit\u00e9s se sont donn\u00e9 rendez-vous sur le tapis rouge (ou bleu marine plus exactement) des\u00a0<a href=\"http:\/\/madame.lefigaro.fr\/beaute\/alerte-au-naturel-pamela-anderson-s-affiche-sans-maquillage-aux-british-fashion-awards-20231205\" target=\"_blank\" data-fig-type=\"Article\" rel=\"noopener\" data-gtm-custom-categorie=\"navigation\" data-gtm-custom-action=\"crossclick\" data-gtm-custom-label=\"Contextuel\" data-gtm-event=\"customEventSPE\" data-fig-domain=\"MADAME\">British Fashion Awards<\/a>, cette c\u00e9r\u00e9monie anglaise qui r\u00e9compense chaque ann\u00e9e depuis 1989 le meilleur de la mode. Un \u00e9v\u00e9nement qui a marqu\u00e9 les esprits \u00e0 plusieurs reprises, notamment en r\u00e9compensant\u00a0<a href=\"https:\/\/madame.lefigaro.fr\/tag\/jonathan-anderson\" target=\"_blank\" data-fig-type=\"Keyword\" rel=\"sponsored noopener\" data-gtm-custom-categorie=\"navigation\" data-gtm-custom-action=\"crossclick\" data-gtm-custom-label=\"Contextuel\" data-gtm-event=\"customEventSPE\" data-fig-domain=\"MADAME\">Jonathan Anderson<\/a>. Ce soir-l\u00e0, le directeur artistique de la maison Dior a \u00e9t\u00e9 couronn\u00e9 \u00abcr\u00e9ateur de l\u2019ann\u00e9e\u00bb pour la troisi\u00e8me ann\u00e9e cons\u00e9cutive.<\/p>\n<p class=\"fig-paragraph\">De son c\u00f4t\u00e9, le mannequin Anok Yai a re\u00e7u le titre prestigieux de \u00abmannequin de l\u2019ann\u00e9e\u00bb. \u00ab\u00catre nomm\u00e9e mannequin de l\u2019ann\u00e9e est un immense honneur\u00bb, a-t-elle d\u00e9clar\u00e9 dans un communiqu\u00e9. Et de poursuivre\u00a0: \u00abMon parcours, de l\u2019\u00c9gypte au Soudan du Sud jusqu\u2019aux \u00c9tats-Unis, est une histoire de r\u00e9silience et de solidarit\u00e9. Cette reconnaissance est pour tous ceux qui se sont reconnus dans mon histoire. Merci de nous c\u00e9l\u00e9brer.\u00bb En 2024, ce prix avait \u00e9t\u00e9 d\u00e9cern\u00e9 \u00e0\u00a0<a href=\"http:\/\/madame.lefigaro.fr\/style\/news\/alex-consani-le-mannequin-transgenre-a-l-humour-decapant-qui-fait-chavirer-la-mode-20241114\" target=\"_blank\" data-fig-type=\"Article\" rel=\"noopener\" data-gtm-custom-categorie=\"navigation\" data-gtm-custom-action=\"crossclick\" data-gtm-custom-label=\"Contextuel\" data-gtm-event=\"customEventSPE\" data-fig-domain=\"MADAME\">Alex Consani<\/a>, premier mannequin transgenre de l\u2019histoire \u00e0 d\u00e9crocher ce titre. Une d\u00e9cision jug\u00e9e injuste selon beaucoup de fans d\u2019Anok Yai qui avaient \u00e9t\u00e9 nombreux \u00e0 exprimer leur m\u00e9contentement sur TikTok. \u00abCe qu\u2019Alex a fait, personne ne l\u2019avait fait auparavant dans ce milieu,\u00a0<a href=\"https:\/\/people.com\/anok-yai-calls-out-boring-bitches-addresses-alex-consani-feud-11815259\" target=\"_blank\" rel=\"sponsored noopener\" data-gtm-custom-categorie=\"navigation\" data-gtm-custom-action=\"crossclick\" data-gtm-custom-label=\"Contextuel\" data-gtm-event=\"customEventSPE\">avait alors pr\u00e9cis\u00e9 Anok Yai pour calmer les tensions<\/a>. Elle est la premi\u00e8re mannequin transgenre \u00e0 \u00eatre vraiment reconnue, et elle le m\u00e9rite amplement. Ce qui m\u2019a d\u00e9plu, ce sont les attaques contre Alex parce qu\u2019elle est transgenre.\u00bb<\/p>\n<p>    Anok Yai, mannequin de l\u2019ann\u00e9e 2025, en robe Dilara Findikoglu. (Londres, le 1er d\u00e9cembre 2025.)<br \/>\n                PA Photos\/ABACA<\/p>\n<p>                                                                <a class=\"fig-a11y-skip\" href=\"#fig-a11y-skip-main-inarticle\" data-module=\"a11y-skip\" data-context=\"was @visible\"><br \/>\n    Passer la publicit\u00e9<br \/>\n<\/a>            <\/p>\n<p>                                                                Une premi\u00e8re historique pour les costumes de cin\u00e9ma<\/p>\n<p class=\"fig-paragraph\">Pour la premi\u00e8re fois \u00e9galement, un prix sp\u00e9cial, celui de \u00abdesigner de costumes de l\u2019ann\u00e9e\u00bb, a \u00e9t\u00e9 attribu\u00e9 \u00e0 la costumi\u00e8re Kate Hawley. Une fa\u00e7on pour le British Fashion Council de remercier la N\u00e9o-Z\u00e9landaise pour son travail titanesque r\u00e9alis\u00e9\u00a0<a href=\"http:\/\/madame.lefigaro.fr\/style\/news\/pourquoi-les-costumes-victoriens-de-mia-goth-dans-frankenstein-engendrent-des-millions-de-vues-sur-tiktok-20251113\" target=\"_blank\" data-fig-type=\"Article\" rel=\"noopener\" data-gtm-custom-categorie=\"navigation\" data-gtm-custom-action=\"crossclick\" data-gtm-custom-label=\"Contextuel\" data-gtm-event=\"customEventSPE\" data-fig-domain=\"MADAME\">sur le film Frankenstein de Guillermo Del Toro<\/a>, mais aussi pour sa capacit\u00e9 \u00e0 mettre en lumi\u00e8re \u00able savoir-faire, la cr\u00e9ativit\u00e9 et l\u2019art de la mode qui donnent vie \u00e0 la narration cin\u00e9matographique\u00bb.<\/p>\n<p class=\"fig-body-link&#10;    \">\n            \u00c0 lire aussi<br \/>\n        <a class=\"fig-body-link__link\" href=\"http:\/\/madame.lefigaro.fr\/style\/news\/anok-yai-cette-mannequin-qui-s-est-mise-a-pleurer-en-plein-defile-lors-de-la-fashion-week-de-paris-20251004\" target=\"_blank\" data-fig-type=\"Article\" rel=\"noopener\" data-gtm-custom-categorie=\"navigation\" data-gtm-custom-action=\"crossclick\" data-gtm-custom-label=\"Contextuel\" data-gtm-event=\"customEventSPE\" data-fig-domain=\"MADAME\"><br \/>\n        Anok Yai, cette mannequin qui s\u2019est mise \u00e0 pleurer en plein d\u00e9fil\u00e9 lors de la Fashion Week de Paris<\/a>\n<\/p>\n<p class=\"fig-paragraph\">Si\u00a0<a href=\"http:\/\/madame.lefigaro.fr\/style\/news\/les-5-raisons-pour-lesquelles-sarah-burton-est-la-meilleure-chose-qui-puisse-arriver-a-givenchy-20240909\" target=\"_blank\" data-fig-type=\"Article\" rel=\"noopener\" data-gtm-custom-categorie=\"navigation\" data-gtm-custom-action=\"crossclick\" data-gtm-custom-label=\"Contextuel\" data-gtm-event=\"customEventSPE\" data-fig-domain=\"MADAME\">Sarah Burton<\/a>, directrice artistique de Givenchy, est repartie avec le prix de \u00abdesigner de mode femme de l\u2019ann\u00e9e\u00bb, quand\u00a0<a href=\"http:\/\/madame.lefigaro.fr\/style\/news\/qui-est-grace-wales-bonner-la-nouvelle-signature-de-l-homme-hermes-20251021\" target=\"_blank\" data-fig-type=\"Article\" rel=\"noopener\" data-gtm-custom-categorie=\"navigation\" data-gtm-custom-action=\"crossclick\" data-gtm-custom-label=\"Contextuel\" data-gtm-event=\"customEventSPE\" data-fig-domain=\"MADAME\">Grace Wales Bonner<\/a>\u00a0\u00e9tait distingu\u00e9e pour son travail en mode homme, la soir\u00e9e a aussi \u00e9t\u00e9 marqu\u00e9e par la pr\u00e9sence de grands noms du cin\u00e9ma et de la musique. Cate Blanchett a par exemple brill\u00e9 dans une robe Givenchy, tandis que Lily Allen n\u2019a laiss\u00e9 personne indiff\u00e9rent sur le photocall dans un total look romantique sign\u00e9 Valentino par Alessandro Michele. Pile dans le th\u00e8me glamour de ce rendez-vous mode incontournable.<\/p>\n","protected":false},"excerpt":{"rendered":"Actrices de renom, grands directeurs artistiques et supermodels \u00e9taient pr\u00e9sents sur le tapis rouge de la c\u00e9r\u00e9monie britannique&hellip;\n","protected":false},"author":2,"featured_media":573069,"comment_status":"","ping_status":"","sticky":false,"template":"","format":"standard","meta":{"footnotes":""},"categories":[1359],"tags":[58,59,1011,27,34917,4534,973,1969,20995,34711],"class_list":{"0":"post-573068","1":"post","2":"type-post","3":"status-publish","4":"format-standard","5":"has-post-thumbnail","7":"category-people","8":"tag-divertissement","9":"tag-entertainment","10":"tag-fr","11":"tag-france","12":"tag-jonathan-anderson","13":"tag-londres","14":"tag-people","15":"tag-style","16":"tag-tapis-rouge","17":"tag-valentino"},"share_on_mastodon":{"url":"https:\/\/pubeurope.com\/@fr\/115649886606708410","error":""},"_links":{"self":[{"href":"https:\/\/www.europesays.com\/fr\/wp-json\/wp\/v2\/posts\/573068","targetHints":{"allow":["GET"]}}],"collection":[{"href":"https:\/\/www.europesays.com\/fr\/wp-json\/wp\/v2\/posts"}],"about":[{"href":"https:\/\/www.europesays.com\/fr\/wp-json\/wp\/v2\/types\/post"}],"author":[{"embeddable":true,"href":"https:\/\/www.europesays.com\/fr\/wp-json\/wp\/v2\/users\/2"}],"replies":[{"embeddable":true,"href":"https:\/\/www.europesays.com\/fr\/wp-json\/wp\/v2\/comments?post=573068"}],"version-history":[{"count":0,"href":"https:\/\/www.europesays.com\/fr\/wp-json\/wp\/v2\/posts\/573068\/revisions"}],"wp:featuredmedia":[{"embeddable":true,"href":"https:\/\/www.europesays.com\/fr\/wp-json\/wp\/v2\/media\/573069"}],"wp:attachment":[{"href":"https:\/\/www.europesays.com\/fr\/wp-json\/wp\/v2\/media?parent=573068"}],"wp:term":[{"taxonomy":"category","embeddable":true,"href":"https:\/\/www.europesays.com\/fr\/wp-json\/wp\/v2\/categories?post=573068"},{"taxonomy":"post_tag","embeddable":true,"href":"https:\/\/www.europesays.com\/fr\/wp-json\/wp\/v2\/tags?post=573068"}],"curies":[{"name":"wp","href":"https:\/\/api.w.org\/{rel}","templated":true}]}}