{"id":57307,"date":"2025-04-27T17:23:10","date_gmt":"2025-04-27T17:23:10","guid":{"rendered":"https:\/\/www.europesays.com\/fr\/57307\/"},"modified":"2025-04-27T17:23:10","modified_gmt":"2025-04-27T17:23:10","slug":"le-proces-du-retentissant-braquage-parisien-de-la-star-kim-kardashian-souvre-lundi-a-paris","status":"publish","type":"post","link":"https:\/\/www.europesays.com\/fr\/57307\/","title":{"rendered":"Le proc\u00e8s du retentissant braquage parisien de la star Kim Kardashian s\u2019ouvre lundi \u00e0 Paris"},"content":{"rendered":"<p>La reine des influenceuses face aux \u00ab\u00a0papys braqueurs\u00a0\u00bb. Le proc\u00e8s du sensationnel braquage de <a target=\"_self\" href=\"https:\/\/www.lanouvellerepublique.fr\/a-la-une\/pourquoi-plusieurs-personalites-americaines-boycottent-facebook-et-instagram\" rel=\"nofollow noopener\">Kim Kardashian<\/a>, \u00e0 qui de vieux malfrats arriv\u00e9s \u00e0 v\u00e9lo et d\u00e9guis\u00e9s en policiers ont d\u00e9rob\u00e9 neuf millions d\u2019euros de bijoux dans sa chambre d\u2019h\u00f4tel en pleine <a target=\"_self\" href=\"https:\/\/www.lanouvellerepublique.fr\/a-la-une\/un-intrus-vetu-d-un-sac-poubelle-defile-a-la-fashion-week-de-new-york\" rel=\"nofollow noopener\">Fashion week<\/a>, s\u2019ouvre ce lundi 28\u00a0avril 2025 \u00e0 Paris.<\/p>\n<p>Les faits s\u2019\u00e9taient d\u00e9roul\u00e9s dans la nuit du 2 au 3\u00a0octobre 2016. Vers 3\u00a0h, deux hommes encagoul\u00e9s font irruption avec une arme au poing dans la chambre de la star am\u00e9ricaine. Elle se trouve en peignoir et s\u2019appr\u00eate \u00e0 aller se coucher. Elle hurle. Eux, avec un fort accent fran\u00e7ais dira-t-elle, lui r\u00e9clament son \u00ab\u00a0ring\u00a0\u00bb.<\/p>\n<p>Une affaire \u00ab\u00a0facile\u00a0\u00bb<\/p>\n<p>Le \u00ab\u00a0ring\u00a0\u00bb, c\u2019est sa bague de fian\u00e7ailles offerte par <a target=\"_self\" href=\"https:\/\/www.lanouvellerepublique.fr\/a-la-une\/reseaux-sociaux-elon-musk-suspend-kanye-de-west-de-twitter-apres-des-propos-antisemites\" rel=\"nofollow noopener\">le rappeur Kanye West<\/a>, \u00e9valu\u00e9e \u00e0 quatre millions de dollars (3,5\u00a0millions d\u2019euros), que Kim Kardashian, alors 35\u00a0ans, exhibe sur les r\u00e9seaux sociaux. Un \u00e9norme diamant, une c\u00e9l\u00e9brit\u00e9 qui descend toujours au m\u00eame h\u00f4tel discret mais peu s\u00e9curis\u00e9 et d\u00e9voile en temps r\u00e9el o\u00f9 elle se trouve\u00a0: la tentation \u00e9tait trop forte pour les \u00ab\u00a0papys braqueurs\u00a0\u00bb, comme la presse les a surnomm\u00e9s.<\/p>\n<p>\u00ab\u00a0C\u2019\u00e9tait\u00a0pas un gros vol \u00e0 main arm\u00e9e\u00a0\u00bb mais une affaire \u00ab\u00a0facile\u00a0\u00bb, dira le principal mis en cause, Aomar A\u00eft Khedache, identifi\u00e9 par son ADN. Il a reconnu avoir ligot\u00e9 Kim Kardashian, mais conteste ce r\u00f4le central que lui pr\u00eatent les enqu\u00eateurs.\u00a0Il dit avoir \u00e9t\u00e9 approch\u00e9 par un \u00ab\u00a0commanditaire\u00a0\u00bb qu\u2019il ne nomme pas. Il lui aurait propos\u00e9 ce \u00ab\u00a0coup\u00a0\u00bb mont\u00e9 gr\u00e2ce \u00e0 un \u00ab\u00a0informateur\u00a0\u00bb tr\u00e8s proche de la star, pouvant leur donner le feu vert. En l\u2019occurrence, cette nuit-l\u00e0, o\u00f9 elle \u00e9tait seule, son garde du corps ayant accompagn\u00e9 sa s\u0153ur Kourtney en discoth\u00e8que.<\/p>\n<p>\u00ab\u00a0Femme du rappeur\u00a0\u00bb<\/p>\n<p>Le braquage dure une dizaine de minutes. Montant du butin\u00a0: 10\u00a0millions de dollars de bijoux (neuf millions d\u2019euros, depuis rembours\u00e9s \u00e0 la star), soit le plus gros vol d\u2019un particulier depuis vingt\u00a0ans en France. Seul un collier perdu dans la rue lors de la fuite des braqueurs a \u00e9t\u00e9 retrouv\u00e9. L\u2019or aurait \u00e9t\u00e9 fondu et les enqu\u00eateurs, qui ont tout de m\u00eame saisi des centaines de milliers d\u2019euros chez les suspects arr\u00eat\u00e9s trois mois apr\u00e8s le braquage, pensent qu\u2019une grande partie du butin a \u00e9t\u00e9 \u00e9coul\u00e9e en Belgique.<\/p>\n<p>Star de t\u00e9l\u00e9-r\u00e9alit\u00e9 gr\u00e2ce au show L\u2019incroyable famille Kardashian, devenue femme d\u2019affaires et influenceuse avant l\u2019heure, Kim Kardashian \u00e9tait d\u00e9j\u00e0 suivie par quelque 84\u00a0millions de personnes sur Instagram en 2016. Elles sont aujourd\u2019hui 357\u00a0millions. Pas par ses braqueurs, visiblement\u00a0: au r\u00e9ceptionniste de l\u2019h\u00f4tel menac\u00e9, ils avaient demand\u00e9 \u00ab\u00a0la femme du rappeur\u00a0\u00bb.<\/p>\n<p>\u00ab\u00a0Emballement m\u00e9diatique\u00a0\u00bb<\/p>\n<p>Le d\u00e9calage est criant entre les deux mondes qui vont se faire face dans la salle d\u2019audience parisienne, o\u00f9 Kim Kardashian a fait savoir qu\u2019elle viendrait t\u00e9moigner le 13\u00a0mai. La moyenne d\u2019\u00e2ge de ces \u00ab\u00a0truands \u00e0 l\u2019ancienne\u00a0\u00bb dixit les enqu\u00eateurs (seuls deux ont reconnu leur participation) tournait \u00e0 l\u2019\u00e9poque autour de 60\u00a0ans.<\/p>\n<p>D\u00e9j\u00e0 condamn\u00e9s pour braquages ou trafic de stup\u00e9fiants, Aomar A\u00eft Khedache, son comparse Didier Dubreucq et huit autres compara\u00eetront libres dans un palais de justice qui va \u00eatre investi par 400 journalistes dont un quart d\u2019\u00e9trangers accr\u00e9dit\u00e9s.<\/p>\n<p>Les juges devront d\u00e9terminer qui a fait quoi et surtout comment les malfrats ont pu \u00eatre si bien inform\u00e9s. L\u2019enqu\u00eate d\u00e9signe Gary Madar, le fr\u00e8re du chauffeur de Kim Kardashian, qui nie cat\u00e9goriquement. Neuf ans apr\u00e8s les faits, les d\u00e9bats risquent d\u2019\u00eatre compliqu\u00e9s, avec ces accus\u00e9s \u00e2g\u00e9s et malades pour certains. L\u2019un est d\u00e9c\u00e9d\u00e9 en mars et le cas du doyen, Pierre Bouaianere, 80\u00a0ans, sera disjoint, n\u2019\u00e9tant pas en \u00e9tat d\u2019\u00eatre jug\u00e9. Aomar A\u00eft Khedache, 68\u00a0ans, n\u2019entend plus et ne peut s\u2019exprimer que par \u00e9crit, explique l\u2019une de ses avocates Chlo\u00e9 Arnoux.<\/p>\n<p>Kim Kardashian, qui avait cru son heure venue, n\u2019a pas remis les pieds \u00e0 Paris pendant longtemps et a arr\u00eat\u00e9 d\u2019exposer sa vie \u2013 en temps r\u00e9el du moins \u2013 sur les r\u00e9seaux. \u00ab\u00a0J\u2019\u00e9tais vraiment mat\u00e9rialiste\u00a0\u00bb mais \u00ab\u00a0ces trucs-l\u00e0 ne m\u2019int\u00e9ressent plus aujourd\u2019hui, je suis une bien meilleure personne\u00a0\u00bb, avait-elle dit en interview.<\/p>\n<p>Le verdict est attendu le 23\u00a0mai.<\/p>\n","protected":false},"excerpt":{"rendered":"La reine des influenceuses face aux \u00ab\u00a0papys braqueurs\u00a0\u00bb. Le proc\u00e8s du sensationnel braquage de Kim Kardashian, \u00e0 qui&hellip;\n","protected":false},"author":2,"featured_media":57308,"comment_status":"","ping_status":"","sticky":false,"template":"","format":"standard","meta":{"footnotes":""},"categories":[1888],"tags":[328,11,1777,674,274,1011,27,329,12,626,973,25],"class_list":{"0":"post-57307","1":"post","2":"type-post","3":"status-publish","4":"format-standard","5":"has-post-thumbnail","7":"category-paris","8":"tag-a-la-une","9":"tag-actualites","10":"tag-eu","11":"tag-europe","12":"tag-faits-divers-justice","13":"tag-fr","14":"tag-france","15":"tag-france-monde","16":"tag-news","17":"tag-paris","18":"tag-people","19":"tag-republique-francaise"},"share_on_mastodon":{"url":"https:\/\/pubeurope.com\/@fr\/114411091022021782","error":""},"_links":{"self":[{"href":"https:\/\/www.europesays.com\/fr\/wp-json\/wp\/v2\/posts\/57307","targetHints":{"allow":["GET"]}}],"collection":[{"href":"https:\/\/www.europesays.com\/fr\/wp-json\/wp\/v2\/posts"}],"about":[{"href":"https:\/\/www.europesays.com\/fr\/wp-json\/wp\/v2\/types\/post"}],"author":[{"embeddable":true,"href":"https:\/\/www.europesays.com\/fr\/wp-json\/wp\/v2\/users\/2"}],"replies":[{"embeddable":true,"href":"https:\/\/www.europesays.com\/fr\/wp-json\/wp\/v2\/comments?post=57307"}],"version-history":[{"count":0,"href":"https:\/\/www.europesays.com\/fr\/wp-json\/wp\/v2\/posts\/57307\/revisions"}],"wp:featuredmedia":[{"embeddable":true,"href":"https:\/\/www.europesays.com\/fr\/wp-json\/wp\/v2\/media\/57308"}],"wp:attachment":[{"href":"https:\/\/www.europesays.com\/fr\/wp-json\/wp\/v2\/media?parent=57307"}],"wp:term":[{"taxonomy":"category","embeddable":true,"href":"https:\/\/www.europesays.com\/fr\/wp-json\/wp\/v2\/categories?post=57307"},{"taxonomy":"post_tag","embeddable":true,"href":"https:\/\/www.europesays.com\/fr\/wp-json\/wp\/v2\/tags?post=57307"}],"curies":[{"name":"wp","href":"https:\/\/api.w.org\/{rel}","templated":true}]}}