{"id":573070,"date":"2025-12-02T12:06:15","date_gmt":"2025-12-02T12:06:15","guid":{"rendered":"https:\/\/www.europesays.com\/fr\/573070\/"},"modified":"2025-12-02T12:06:15","modified_gmt":"2025-12-02T12:06:15","slug":"nathalie-bonnet-expose-ses-oeuvres-une-artiste-libre-inspiree-par-la-nature-et-la-tempete-de-2023","status":"publish","type":"post","link":"https:\/\/www.europesays.com\/fr\/573070\/","title":{"rendered":"Nathalie Bonnet expose ses \u0153uvres\u00a0: une artiste libre inspir\u00e9e par la nature et la temp\u00eate de 2023"},"content":{"rendered":"<p>\n                                                                    l&rsquo;essentiel<br \/>\n                                                                L\u2019exposition de Nathalie Bonnet \u00e0 L\u2019Aubade met en lumi\u00e8re des \u0153uvres inspir\u00e9es par la nature. Ses tableaux, entre abstraction et figuration, captivent par leur richesse chromatique. \u00c0 d\u00e9couvrir jusqu\u2019\u00e0 fin janvier.\n                            <\/p>\n<p>L\u2019Aubade, rue des Droits de l\u2019Homme, a accroch\u00e9 \u00e0 ses cimaises les \u0153uvres, fortement inspir\u00e9es de futaies et for\u00eats diverses, sign\u00e9es Nathalie Bonnet. Une profusion de couleurs \u00e0 savourer sans retenue avant de passer commande au chef Pascal Piotrowski.<\/p>\n<p>        <img decoding=\"async\" class=\"std-img__img responsive-img\" src=\"https:\/\/www.europesays.com\/fr\/wp-content\/uploads\/2025\/12\/1764677174_570_image.jpg\" alt=\"Triptyque en hommage \u00e0 Dame nature.\"\/><\/p>\n<p>                Triptyque en hommage \u00e0 Dame nature.<br \/>\n                                    DDM &#8211; Richard Bohan<\/p>\n<p>C\u2019est une artiste totalement libre qui livre son travail \u00e0 la vue de la client\u00e8le du restaurant\u00a0: \u00ab\u00a0Je suis professeur d\u2019arts plastiques et j\u2019avais, en parall\u00e8le, besoin de cr\u00e9er, de peindre pour m\u2019exprimer\u00a0\u00bb, explique la plasticienne qui s\u2019est prise de passion \u00e9galement pour la harpe.<\/p>\n<p>Entre abstraction et figuration<\/p>\n<p>Nathalie Bonnet ne veut se fixer aucun arbitraire\u00a0: \u00ab\u00a0J\u2019alterne entre les toiles totalement abstraites et celles o\u00f9 l\u2019on peut retrouver quelques \u00e9l\u00e9ments figuratifs\u00a0\u00bb, explique-t-elle. Formes famili\u00e8res, ici des troncs d\u2019arbres et leurs branches tr\u00e8s calligraphiques, qui ne sont que des pr\u00e9textes \u00e0 marier des formes et des masses color\u00e9es. Il y a, en effet, de la mati\u00e8re en abondance dans ces \u0153uvres.<br \/>Georges Mathieu, Pollock, mais aussi Kandinsky et Zao Wou-Ki sont les r\u00e9f\u00e9rences picturales d\u2019une passionn\u00e9e d\u2019arts sous toutes les formes, forte de plusieurs expositions remarqu\u00e9es, notamment au sein de salons parisiens.<\/p>\n<p>Inspir\u00e9e par la nature<\/p>\n<p>\u00ab\u00a0J\u2019habite \u00e0 la campagne, aux abords du village de Saint-Vincent-de-Lamontjoie. En 2023, \u00e0 la suite d\u2019une temp\u00eate, beaucoup d\u2019arbres ont \u00e9t\u00e9 d\u00e9racin\u00e9s ou d\u00e9charn\u00e9s. Ces images sont \u00e0 l\u2019origine de cette exposition.\u00a0\u00bb Ces tableaux, parfois tortueux, n\u2019ont pourtant rien de tortur\u00e9\u00a0: hauts en couleurs, ils sont pleins de vie et flattent l\u2019\u0153il.<\/p>\n<p>        <img decoding=\"async\" class=\"std-img__img responsive-img\" src=\"https:\/\/www.europesays.com\/fr\/wp-content\/uploads\/2025\/12\/1764677175_46_image.jpg\" alt=\"\u0152uvre vigoureuse reflet d\u2019un temp\u00e9rament affirm\u00e9.\"\/><\/p>\n<p>                \u0152uvre vigoureuse reflet d\u2019un temp\u00e9rament affirm\u00e9.<br \/>\n                                    DDM &#8211; Richard Bohan<\/p>\n<p>Nombreux sont les Agenais qui connaissent l\u2019artiste, \u00e9galement autrice de bandes dessin\u00e9es, et seront heureux de retrouver ses derni\u00e8res cr\u00e9ations en exposition jusqu\u2019\u00e0 la fin janvier.<\/p>\n","protected":false},"excerpt":{"rendered":"l&rsquo;essentiel L\u2019exposition de Nathalie Bonnet \u00e0 L\u2019Aubade met en lumi\u00e8re des \u0153uvres inspir\u00e9es par la nature. Ses tableaux,&hellip;\n","protected":false},"author":2,"featured_media":573071,"comment_status":"","ping_status":"","sticky":false,"template":"","format":"standard","meta":{"footnotes":""},"categories":[1358],"tags":[1348,1384,1385,1386,58,59,1011,27],"class_list":{"0":"post-573070","1":"post","2":"type-post","3":"status-publish","4":"format-standard","5":"has-post-thumbnail","7":"category-arts-et-design","8":"tag-arts","9":"tag-arts-and-design","10":"tag-arts-et-design","11":"tag-design","12":"tag-divertissement","13":"tag-entertainment","14":"tag-fr","15":"tag-france"},"share_on_mastodon":{"url":"https:\/\/pubeurope.com\/@fr\/115649890740838241","error":""},"_links":{"self":[{"href":"https:\/\/www.europesays.com\/fr\/wp-json\/wp\/v2\/posts\/573070","targetHints":{"allow":["GET"]}}],"collection":[{"href":"https:\/\/www.europesays.com\/fr\/wp-json\/wp\/v2\/posts"}],"about":[{"href":"https:\/\/www.europesays.com\/fr\/wp-json\/wp\/v2\/types\/post"}],"author":[{"embeddable":true,"href":"https:\/\/www.europesays.com\/fr\/wp-json\/wp\/v2\/users\/2"}],"replies":[{"embeddable":true,"href":"https:\/\/www.europesays.com\/fr\/wp-json\/wp\/v2\/comments?post=573070"}],"version-history":[{"count":0,"href":"https:\/\/www.europesays.com\/fr\/wp-json\/wp\/v2\/posts\/573070\/revisions"}],"wp:featuredmedia":[{"embeddable":true,"href":"https:\/\/www.europesays.com\/fr\/wp-json\/wp\/v2\/media\/573071"}],"wp:attachment":[{"href":"https:\/\/www.europesays.com\/fr\/wp-json\/wp\/v2\/media?parent=573070"}],"wp:term":[{"taxonomy":"category","embeddable":true,"href":"https:\/\/www.europesays.com\/fr\/wp-json\/wp\/v2\/categories?post=573070"},{"taxonomy":"post_tag","embeddable":true,"href":"https:\/\/www.europesays.com\/fr\/wp-json\/wp\/v2\/tags?post=573070"}],"curies":[{"name":"wp","href":"https:\/\/api.w.org\/{rel}","templated":true}]}}