{"id":573072,"date":"2025-12-02T12:08:14","date_gmt":"2025-12-02T12:08:14","guid":{"rendered":"https:\/\/www.europesays.com\/fr\/573072\/"},"modified":"2025-12-02T12:08:14","modified_gmt":"2025-12-02T12:08:14","slug":"le-rachat-de-la-chaine-bsmart-par-ficade-tourne-au-vinaigre","status":"publish","type":"post","link":"https:\/\/www.europesays.com\/fr\/573072\/","title":{"rendered":"Le rachat de la cha\u00eene BSmart par Ficade tourne au vinaigre"},"content":{"rendered":"\n<p>Souvenez-vous. Mi-2020, en plein Covid, St\u00e9phane Soumier lan\u00e7ait une nouvelle cha\u00eene d\u2019information \u00e9conomique, BSmart. L\u2019ex-pr\u00e9sentateur vedette de BFM Business avait lev\u00e9 3\u00a0millions d\u2019euros aupr\u00e8s de CMI France contre 51\u00a0% du capital de la jeune pousse. Il se partageait le solde avec deux anciens coll\u00e8gues, le directeur g\u00e9n\u00e9ral de BFM Business Pierre Fraidenraich et la directrice marketing de la r\u00e9gie de BFM RMC Val\u00e9rie Bruschini. Mais l\u2019aventure entrepreneuriale a tourn\u00e9 court. Quatre ans plus tard, la cha\u00eene a \u00e9t\u00e9 rachet\u00e9e par Ficade, un \u00e9diteur de presse professionnelle (D\u00e9cideurs, Gestion de fortune, l\u2019Informaticien\u2026).<\/p>\n","protected":false},"excerpt":{"rendered":"Souvenez-vous. Mi-2020, en plein Covid, St\u00e9phane Soumier lan\u00e7ait une nouvelle cha\u00eene d\u2019information \u00e9conomique, BSmart. L\u2019ex-pr\u00e9sentateur vedette de BFM&hellip;\n","protected":false},"author":2,"featured_media":573073,"comment_status":"","ping_status":"","sticky":false,"template":"","format":"standard","meta":{"footnotes":""},"categories":[1356],"tags":[68754,59288,58,59,1011,27,252,1364],"class_list":{"0":"post-573072","1":"post","2":"type-post","3":"status-publish","4":"format-standard","5":"has-post-thumbnail","7":"category-television","8":"tag-cmi","9":"tag-daniel-kretinsky","10":"tag-divertissement","11":"tag-entertainment","12":"tag-fr","13":"tag-france","14":"tag-television","15":"tag-tv"},"share_on_mastodon":{"url":"https:\/\/pubeurope.com\/@fr\/115649898666111284","error":""},"_links":{"self":[{"href":"https:\/\/www.europesays.com\/fr\/wp-json\/wp\/v2\/posts\/573072","targetHints":{"allow":["GET"]}}],"collection":[{"href":"https:\/\/www.europesays.com\/fr\/wp-json\/wp\/v2\/posts"}],"about":[{"href":"https:\/\/www.europesays.com\/fr\/wp-json\/wp\/v2\/types\/post"}],"author":[{"embeddable":true,"href":"https:\/\/www.europesays.com\/fr\/wp-json\/wp\/v2\/users\/2"}],"replies":[{"embeddable":true,"href":"https:\/\/www.europesays.com\/fr\/wp-json\/wp\/v2\/comments?post=573072"}],"version-history":[{"count":0,"href":"https:\/\/www.europesays.com\/fr\/wp-json\/wp\/v2\/posts\/573072\/revisions"}],"wp:featuredmedia":[{"embeddable":true,"href":"https:\/\/www.europesays.com\/fr\/wp-json\/wp\/v2\/media\/573073"}],"wp:attachment":[{"href":"https:\/\/www.europesays.com\/fr\/wp-json\/wp\/v2\/media?parent=573072"}],"wp:term":[{"taxonomy":"category","embeddable":true,"href":"https:\/\/www.europesays.com\/fr\/wp-json\/wp\/v2\/categories?post=573072"},{"taxonomy":"post_tag","embeddable":true,"href":"https:\/\/www.europesays.com\/fr\/wp-json\/wp\/v2\/tags?post=573072"}],"curies":[{"name":"wp","href":"https:\/\/api.w.org\/{rel}","templated":true}]}}