{"id":573074,"date":"2025-12-02T12:09:13","date_gmt":"2025-12-02T12:09:13","guid":{"rendered":"https:\/\/www.europesays.com\/fr\/573074\/"},"modified":"2025-12-02T12:09:13","modified_gmt":"2025-12-02T12:09:13","slug":"mon-combat-cest-detre-dans-la-douceur-disiz-livre-un-quatorzieme-album-travaille-par-le-spleen","status":"publish","type":"post","link":"https:\/\/www.europesays.com\/fr\/573074\/","title":{"rendered":"\u00ab\u00a0Mon combat, c\u2019est d\u2019\u00eatre dans la douceur\u00a0\u00bb\u2026 disiz livre un quatorzi\u00e8me album travaill\u00e9 par le spleen"},"content":{"rendered":"<p>D\u00e9sormais, disiz souhaite que son pseudonyme s\u2019\u00e9crive int\u00e9gralement en minuscules. Nulle coquetterie typographique l\u00e0-dedans\u00a0: il s\u2019inspire de la d\u00e9marche de <a href=\"https:\/\/www.20minutes.fr\/arts-stars\/culture\/3199415-20211216-autrice-feministe-bell-hooks-decedee-age-69-ans\" class=\"c-link c-link--is-underlined\" target=\"_blank\" rel=\"noopener\">l\u2019intellectuelle f\u00e9ministe \u00e9tats-unienne bell hooks<\/a> qui refusait les majuscules pour s\u2019effacer symboliquement et faire ainsi passer ses textes et id\u00e9es au premier plan.<\/p>\n<p>\u00ab\u00a0Ce qui est important pour moi dans ce projet, c\u2019est d\u2019\u00eatre au second plan et de mettre en avant le fait qu\u2019il est une \u0153uvre collective, con\u00e7ue avec mon entourage et les musiciens, et souligner cet esprit de groupe.\u00a0\u00bb Ainsi disiz nous parle-t-il de son nouvel (et quatorzi\u00e8me) album, on s\u2019en rappellera pas, qui s\u2019est class\u00e9 \u00e0 la deuxi\u00e8me place des ventes d\u00e8s la semaine de sa sortie fin novembre. Un disque tr\u00e8s r\u00e9ussi, travers\u00e9 par le spleen (Baudelaire, confie-t-il, est l\u2019une des plumes qui stimule le plus le grand lecteur qu\u2019il est).<\/p>\n<p>L\u2019artiste, qui a commenc\u00e9 par le rap en\u00a02000, poursuit son incursion sur des sentiers pop et vari\u00e9t\u00e9 entam\u00e9e avec <a href=\"https:\/\/www.20minutes.fr\/culture\/4011513-20221125-rap-comme-ex-garde-relations-saines-explique-disiz\" class=\"c-link c-link--is-underlined\" target=\"_blank\" rel=\"noopener\">L\u2019Amour, son pr\u00e9c\u00e9dent opus, paru en\u00a02022<\/a> et certifi\u00e9 disque d\u2019or. On y entend aussi des sonorit\u00e9s shoegaze ou electro. L\u2019ensemble ne souffre pas de cette dispersion et trouve m\u00eame une coh\u00e9rence dans ces contrastes m\u00e9lodiques. Autre paradoxe\u00a0: alors que l\u2019album est travaill\u00e9 par la m\u00e9moire faillible et l\u2019\u00e9vanescence, nombre de morceaux, qui impr\u00e8gnent instantan\u00e9ment et durablement l\u2019esprit, semblent loin d\u2019\u00eatre condamn\u00e9s \u00e0 l\u2019oubli.<\/p>\n<p>Le titre de l\u2019album est aussi celui d\u2019un des morceaux qui y figure. La chanson \u00ab\u00a0on s\u2019en rappellera pas\u00a0\u00bb est la cl\u00e9 pour comprendre le disque\u00a0?<\/p>\n<p>Exactement. Si je devais d\u00e9finir une th\u00e9matique principale, ce serait le rapport au temps. J\u2019ai vingt-cinq ans de carri\u00e8re, j\u2019ai eu un premier succ\u00e8s \u00e0 19 ans [<a href=\"https:\/\/www.youtube.com\/watch?v=3wafM4bzLmY\" rel=\"nofollow noopener\" target=\"_blank\" class=\"c-link c-link--is-underlined\">J\u2019p\u00e8te les plombs<\/a>], quelques autres par la suite et l\u00e0, ces quatre derni\u00e8res ann\u00e9es, j\u2019ai eu de francs succ\u00e8s. Ce disque parle de \u00e7a, de l\u2019intensit\u00e9 de toutes ces ann\u00e9es, de ma trajectoire, mais aussi de celui de ma m\u00e8re, et \u00e9galement de nous, de l\u2019humanit\u00e9\u2026<\/p>\n<p>C\u2019est-\u00e0-dire\u00a0?<\/p>\n<p>Je suis n\u00e9 en\u00a01978, j\u2019ai 47 ans, j\u2019observe la soci\u00e9t\u00e9. Le changement du monde, je l\u2019ai v\u00e9cu. Je suis d\u2019une g\u00e9n\u00e9ration qui sait ce que c\u2019est de grandir sans les t\u00e9l\u00e9phones portables. <a href=\"https:\/\/www.20minutes.fr\/societe\/4188550-20251128-telephones-portables-interdits-lycee-rentree-annonce-emmanuel-macron\" class=\"c-link c-link--is-underlined\" target=\"_blank\" rel=\"noopener\">Aujourd\u2019hui, ils sont partout<\/a>, au restaurant, aux repas de famille, tout le monde a le nez dessus. C\u2019est un discours de boomer, mais j\u2019ai l\u2019\u00e2ge. Je vois ce que l\u2019humanit\u00e9 perd, et peut-\u00eatre pas ce qu\u2019elle gagne. Le rapport \u00e0 la m\u00e9moire aussi a chang\u00e9. Quand j\u2019\u00e9tais au coll\u00e8ge, au lyc\u00e9e, on \u00e9tudiait les atrocit\u00e9s de la Seconde Guerre mondiale, donc je suis au courant de ce que l\u2019humanit\u00e9, dans ses plus abyssales profondeurs, a pu faire. Jamais je n\u2019aurais pens\u00e9 qu\u2019\u00e0 mon \u00e2ge, je vivrais \u00e0 une \u00e9poque o\u00f9 l\u2019humanit\u00e9 retomberait dans ces travers et ferait que certaines parties du monde sont \u00e0 feu et \u00e0 sang. \u00ab\u00a0<a href=\"https:\/\/www.youtube.com\/watch?v=NmTx-IBQS2w\" rel=\"nofollow noopener\" target=\"_blank\" class=\"c-link c-link--is-underlined\">On s\u2019en rappellera pas<\/a>\u00a0\u00bb, c\u2019est aussi une mani\u00e8re de dire qu\u2019on ne se rappelle pas des le\u00e7ons de l\u2019histoire.<\/p>\n<p>D\u2019o\u00f9 un d\u00e9sarroi\u00a0?<\/p>\n<p>C\u2019est plus qu\u2019un d\u00e9sarroi, c\u2019est une d\u00e9ch\u00e9ance. Ce n\u2019est plus le m\u00eame paradigme. Et \u00e7a m\u2019impacte. Le disque est p\u00e9tri de la violence que j\u2019ai v\u00e9cue venant du milieu d\u2019o\u00f9 je viens, mais aussi plus largement celle de la guerre, des rapports de pr\u00e9dation, de domination, et les \u00e9chappatoires que sont l\u2019ivresse ou l\u2019anesth\u00e9sie dans le consum\u00e9risme, par exemple.<\/p>\n<p>Vous vous sentez une responsabilit\u00e9\u00a0? Celle de porter certains propos au d\u00e9tour d\u2019un texte\u00a0? Par exemple en \u00e9voquant Adama Traor\u00e9 dans le vers d\u2019une chanson\u2026<\/p>\n<p>Quand j\u2019\u00e9tais plus jeune et que je rappais, il y avait ce souci un peu parfois caricatural de \u00ab\u00a0repr\u00e9senter\u00a0\u00bb, mais je ne suis le porte-voix de personne. Je suis papa, je m\u2019occupe de ma famille. A c\u00f4t\u00e9 de \u00e7a, je suis en alerte, je suis sensible. Dans mon art, je ne transige pas avec les choses qui me traversent et ce n\u2019est pas pour me d\u00e9fausser que je ne veux pas en parler en dehors. C\u2019est juste que, participer au brouhaha, j\u2019ai pass\u00e9 l\u2019\u00e2ge. Mon combat, dans cette p\u00e9riode de mont\u00e9e des tensions, c\u2019est d\u2019\u00eatre dans la douceur, la bienveillance, le respect, les Bisounours. Je pense que c\u2019est le choix le plus courageux.<\/p>\n<p class=\"mb-m@xs text-l@xs\">En cliquant sur\u00ab J\u2019accepte \u00bb, vous acceptez le d\u00e9p\u00f4t de cookies par des services externes et aurez ainsi acc\u00e8s aux contenus de nos partenaires.<\/p>\n<p class=\"mb-xl@xs text-s@xs\">Plus d\u2019informations sur la page<a href=\"https:\/\/www.20minutes.fr\/gestion-cookies\" class=\"mx-xxs@xs color-ultramarine\" target=\"_blank\" rel=\"noopener\">Politique de gestion des cookies<\/a><\/p>\n<p>J\u2019accepteAvez-vous une m\u00e9thode de cr\u00e9ation pr\u00e9cise\u00a0?<\/p>\n<p>Ma d\u00e9marche pour concevoir ma musique est m\u00e9ticuleuse. C\u2019est comme en peinture\u00a0: j\u2019ai une base, un croquis, il y a un bout de rythmique qui me pla\u00eet ou quelques accords pos\u00e9s, et \u00e7a me suffit \u00e0 \u00e9crire une chanson. Apr\u00e8s, je demande l\u2019avis de plusieurs personnes, je propose telle rythmique, tels accords. Cela fait comme plusieurs couches, j\u2019ai peut-\u00eatre soixante ou soixante-dix pistes. Ensuite, avec mes comparses, j\u2019entre dans le d\u00e9tail, je choisis, j\u2019enl\u00e8ve, je trouve, j\u2019arrange, c\u2019est un travail d\u2019orf\u00e8vre.<\/p>\n<p>Sur l\u2019album, vous avez invit\u00e9 Kid Cudi, Th\u00e9odora, Iliona, ou Prinzly pour des feats. Le duo avec Laurent Voulzy sur la chanson \u00ab\u00a0surfeur\u00a0\u00bb, est en revanche une collaboration plut\u00f4t inattendue\u2026<\/p>\n<p>C\u2019\u00e9tait un de mes r\u00eaves de faire un duo avec lui. Dans ma m\u00e9moire musicale, il a une province \u00e0 lui. En \u00e9coutant C\u0153ur grenadine, Belle-\u00cele-en-Mer, Marie-Galante ou Mes nuits avec Kim Wilde\u2026 je convoque une esth\u00e9tique, des sensations, c\u2019est comme enfiler des chaussons. Ces chansons passaient \u00e0 la radio quand j\u2019\u00e9tais enfant\u2026 Laurent Voulzy est doux. Il est comme un rep\u00e8re. Il est m\u00e9tis comme moi. C\u2019est pour \u00e7a que je suis all\u00e9 le chercher.<\/p>\n<p>Cette chanson, est une sorte de conte moral. C\u2019est l\u2019histoire d\u2019un homme qui se met au surf pour s\u00e9duire une femme qui ne s\u2019int\u00e9resse qu\u2019aux surfeurs. Puis elle s\u2019\u00e9prend d\u2019un ma\u00eetre nageur et le malheureux se console en se disant qu\u2019au moins, maintenant, il sait surfer. C\u2019est peut-\u00eatre le morceau le plus l\u00e9ger de l\u2019album\u2026<\/p>\n<p>Cette chanson arrive sur l\u2019album juste apr\u00e8s <a href=\"https:\/\/www.youtube.com\/watch?v=yS0NlRTPSoc\" rel=\"nofollow noopener\" target=\"_blank\" class=\"c-link c-link--is-underlined\">paroboy<\/a> dans laquelle je chante \u00ab\u00a0Tu pleures sur Laurent Voulzy\u00a0\u00bb alors que j\u2019\u00e9voque mon adolescence dans les quartiers \u00e0 \u00c9vry, un quotidien et un environnement parfois anxiog\u00e8nes. Puis je parle d\u2019une fille rencontr\u00e9e en vacances, qui est issue d\u2019un autre milieu social que moi et qu\u2019en quelque sorte je m\u2019interdisais d\u2019aimer. Ensuite, <a href=\"https:\/\/www.youtube.com\/watch?v=BHYq05xC2sk\" rel=\"nofollow noopener\" target=\"_blank\" class=\"c-link c-link--is-underlined\">surfeur<\/a> parle de la m\u00eame \u00e9poque. C\u2019est une m\u00e9taphore de la France, d\u2019une soci\u00e9t\u00e9 et d\u2019un pays auxquels tu essayes de plaire. Et tu as beau op\u00e9rer des changements, entrer dans les conventions, dans tous les cas, on te rejette parce que tu ne corresponds pas \u00e0 ce qu\u2019on attend de toi, physiquement ou par rapport au milieu d\u2019o\u00f9 tu viens. Je comprends qu\u2019on puisse aborder cette chanson du c\u00f4t\u00e9 l\u00e9ger. Cependant, la chanter avec Laurent Voulzy, m\u00e9tis qui lui aussi a connu le racisme, \u00e7a faisait sens.<\/p>\n","protected":false},"excerpt":{"rendered":"D\u00e9sormais, disiz souhaite que son pseudonyme s\u2019\u00e9crive int\u00e9gralement en minuscules. Nulle coquetterie typographique l\u00e0-dedans\u00a0: il s\u2019inspire de la&hellip;\n","protected":false},"author":2,"featured_media":573075,"comment_status":"","ping_status":"","sticky":false,"template":"","format":"standard","meta":{"footnotes":""},"categories":[1355],"tags":[1695,5551,251,58,59,1011,27,1361,873,3616],"class_list":{"0":"post-573074","1":"post","2":"type-post","3":"status-publish","4":"format-standard","5":"has-post-thumbnail","7":"category-musique","8":"tag-chanson","9":"tag-chanson-francaise","10":"tag-culture","11":"tag-divertissement","12":"tag-entertainment","13":"tag-fr","14":"tag-france","15":"tag-music","16":"tag-musique","17":"tag-rap"},"share_on_mastodon":{"url":"https:\/\/pubeurope.com\/@fr\/115649902396180267","error":""},"_links":{"self":[{"href":"https:\/\/www.europesays.com\/fr\/wp-json\/wp\/v2\/posts\/573074","targetHints":{"allow":["GET"]}}],"collection":[{"href":"https:\/\/www.europesays.com\/fr\/wp-json\/wp\/v2\/posts"}],"about":[{"href":"https:\/\/www.europesays.com\/fr\/wp-json\/wp\/v2\/types\/post"}],"author":[{"embeddable":true,"href":"https:\/\/www.europesays.com\/fr\/wp-json\/wp\/v2\/users\/2"}],"replies":[{"embeddable":true,"href":"https:\/\/www.europesays.com\/fr\/wp-json\/wp\/v2\/comments?post=573074"}],"version-history":[{"count":0,"href":"https:\/\/www.europesays.com\/fr\/wp-json\/wp\/v2\/posts\/573074\/revisions"}],"wp:featuredmedia":[{"embeddable":true,"href":"https:\/\/www.europesays.com\/fr\/wp-json\/wp\/v2\/media\/573075"}],"wp:attachment":[{"href":"https:\/\/www.europesays.com\/fr\/wp-json\/wp\/v2\/media?parent=573074"}],"wp:term":[{"taxonomy":"category","embeddable":true,"href":"https:\/\/www.europesays.com\/fr\/wp-json\/wp\/v2\/categories?post=573074"},{"taxonomy":"post_tag","embeddable":true,"href":"https:\/\/www.europesays.com\/fr\/wp-json\/wp\/v2\/tags?post=573074"}],"curies":[{"name":"wp","href":"https:\/\/api.w.org\/{rel}","templated":true}]}}