{"id":573099,"date":"2025-12-02T12:22:13","date_gmt":"2025-12-02T12:22:13","guid":{"rendered":"https:\/\/www.europesays.com\/fr\/573099\/"},"modified":"2025-12-02T12:22:13","modified_gmt":"2025-12-02T12:22:13","slug":"des-voyageurs-sncf-evacues-apres-un-depart-de-feu-sur-un-train","status":"publish","type":"post","link":"https:\/\/www.europesays.com\/fr\/573099\/","title":{"rendered":"des voyageurs SNCF \u00e9vacu\u00e9s apr\u00e8s un d\u00e9part de feu sur un train"},"content":{"rendered":"<p>                    Par<br \/>\n        <strong><br \/>\n            <a href=\"https:\/\/actu.fr\/auteur\/pierre-emile-bouchy-actu-fr\" title=\"Consulter tous les articles de Paul-Emile Bouchy\" target=\"_blank\" rel=\"noopener\">Paul-Emile Bouchy<\/a><br \/>\n                    <\/strong><\/p>\n<p>        Publi\u00e9 le<\/p>\n<p>            2 d\u00e9c. 2025 \u00e0 12h34        <\/p>\n<p>Mardi 2\u00a0d\u00e9cembre, vers 9h, les <a href=\"https:\/\/actu.fr\/tag\/pompiers\" target=\"_blank\" rel=\"noopener\">pompiers<\/a> ont \u00e9t\u00e9 alert\u00e9s pour <strong>un d\u00e9part de feu dans un TER reliant Pont-Saint-Vincent et Nancy<\/strong>, en <a href=\"https:\/\/actu.fr\/grand-est\/meurthe-et-moselle_54\" target=\"_blank\" rel=\"noopener\">Meurthe-et-Moselle<\/a>.<\/p>\n<p class=\" wall-content\"><strong>L\u2019incident n\u2019a pas fait de bless\u00e9s<\/strong> et la vingtaine de passagers \u00e0 bord a pu \u00eatre \u00e9vacu\u00e9e.<\/p>\n<p>Les voyageurs achemin\u00e9s en bus jusqu\u2019\u00e0 Nancy<\/p>\n<p class=\" wall-content\">D\u2019apr\u00e8s la <a href=\"https:\/\/actu.fr\/tag\/sncf\" target=\"_blank\" rel=\"noopener\">SNCF<\/a> contact\u00e9e par nos soins,<strong> le feu s\u2019est d\u00e9clench\u00e9 dans la motrice du TER \u00e0 cause d\u2019un probl\u00e8me technique<\/strong>. \u00ab\u2009Le train \u00e9tait \u00e0 l\u2019arr\u00eat en gare de Messein quand l\u2019incident s\u2019est produit. Les passagers ont donc \u00e9t\u00e9 mis rapidement en s\u00e9curit\u00e9\u2009\u00bb, pr\u00e9cise-t-elle.<\/p>\n<p class=\" wall-content\">L\u2019<a href=\"https:\/\/actu.fr\/tag\/incendie\" target=\"_blank\" rel=\"noopener\">incendie<\/a> a \u00e9t\u00e9 rapidement ma\u00eetris\u00e9 par les pompiers et le trafic a pu reprendre sur la ligne.<\/p>\n<p class=\" wall-content\"><strong>Un bus a \u00e9t\u00e9 affr\u00e9t\u00e9 par la SNCF<\/strong> pour que les voyageurs puissent rejoindre la gare de Nancy.<\/p>\n<p class=\" wall-content\">Personnalisez votre actualit\u00e9 en ajoutant vos villes et m\u00e9dias en favori avec <a href=\"https:\/\/moncompte.actu.fr\" title=\"D\u00e9couvez Mon Actu\" rel=\"nofollow noopener\" data-trk=\"{&quot;cta&quot;:{&quot;action&quot;:&quot;https:\\\/\\\/moncompte.actu.fr&quot;,&quot;category&quot;:&quot;mon compte&quot;,&quot;from&quot;:&quot;article footer&quot;,&quot;name&quot;:&quot;Mon actu&quot;,&quot;type&quot;:&quot;cta&quot;}}\" target=\"_blank\">Mon Actu<\/a>.<\/p>\n","protected":false},"excerpt":{"rendered":"Par Paul-Emile Bouchy Publi\u00e9 le 2 d\u00e9c. 2025 \u00e0 12h34 Mardi 2\u00a0d\u00e9cembre, vers 9h, les pompiers ont \u00e9t\u00e9&hellip;\n","protected":false},"author":2,"featured_media":573100,"comment_status":"","ping_status":"","sticky":false,"template":"","format":"standard","meta":{"footnotes":""},"categories":[9635],"tags":[1111,11,1777,674,118,1011,27,775,1702,12,1311,25,2215],"class_list":{"0":"post-573099","1":"post","2":"type-post","3":"status-publish","4":"format-standard","5":"has-post-thumbnail","7":"category-nancy","8":"tag-actu","9":"tag-actualites","10":"tag-eu","11":"tag-europe","12":"tag-faits-divers","13":"tag-fr","14":"tag-france","15":"tag-grand-est","16":"tag-nancy","17":"tag-news","18":"tag-pompiers","19":"tag-republique-francaise","20":"tag-sncf"},"share_on_mastodon":{"url":"https:\/\/pubeurope.com\/@fr\/115649953473300722","error":""},"_links":{"self":[{"href":"https:\/\/www.europesays.com\/fr\/wp-json\/wp\/v2\/posts\/573099","targetHints":{"allow":["GET"]}}],"collection":[{"href":"https:\/\/www.europesays.com\/fr\/wp-json\/wp\/v2\/posts"}],"about":[{"href":"https:\/\/www.europesays.com\/fr\/wp-json\/wp\/v2\/types\/post"}],"author":[{"embeddable":true,"href":"https:\/\/www.europesays.com\/fr\/wp-json\/wp\/v2\/users\/2"}],"replies":[{"embeddable":true,"href":"https:\/\/www.europesays.com\/fr\/wp-json\/wp\/v2\/comments?post=573099"}],"version-history":[{"count":0,"href":"https:\/\/www.europesays.com\/fr\/wp-json\/wp\/v2\/posts\/573099\/revisions"}],"wp:featuredmedia":[{"embeddable":true,"href":"https:\/\/www.europesays.com\/fr\/wp-json\/wp\/v2\/media\/573100"}],"wp:attachment":[{"href":"https:\/\/www.europesays.com\/fr\/wp-json\/wp\/v2\/media?parent=573099"}],"wp:term":[{"taxonomy":"category","embeddable":true,"href":"https:\/\/www.europesays.com\/fr\/wp-json\/wp\/v2\/categories?post=573099"},{"taxonomy":"post_tag","embeddable":true,"href":"https:\/\/www.europesays.com\/fr\/wp-json\/wp\/v2\/tags?post=573099"}],"curies":[{"name":"wp","href":"https:\/\/api.w.org\/{rel}","templated":true}]}}