{"id":573101,"date":"2025-12-02T12:23:12","date_gmt":"2025-12-02T12:23:12","guid":{"rendered":"https:\/\/www.europesays.com\/fr\/573101\/"},"modified":"2025-12-02T12:23:12","modified_gmt":"2025-12-02T12:23:12","slug":"un-couple-immature-condamne-pour-un-guet-apens-tendu-a-un-ex-petit-ami-a-toulon","status":"publish","type":"post","link":"https:\/\/www.europesays.com\/fr\/573101\/","title":{"rendered":"Un couple \u00ab immature \u00bb condamn\u00e9 pour un guet-apens tendu \u00e0 un ex-petit ami \u00e0 Toulon"},"content":{"rendered":"<p class=\"fs-5 \">C\u2019est une affaire \u00ab de grande immaturit\u00e9 \u00bb, r\u00e9sume le repr\u00e9sentant du minist\u00e8re public, Thibault Appert. Un couple a \u00e9t\u00e9 condamn\u00e9 ce lundi par le tribunal correctionnel pour avoir tendu un guet-apens \u00e0 un jeune homme \u00e0 Toulon dans la soir\u00e9e du 11 septembre 2025. Celui-ci a \u00e9t\u00e9 rou\u00e9 de coups dans le parc des Lices puis dans le snack dans lequel il s\u2019\u00e9tait r\u00e9fugi\u00e9 pr\u00e8s de la gare SNCF.<\/p>\n<p class=\"fs-5 \">Son tort ? Avoir \u00e9t\u00e9 le petit ami de Lorie (1), condamn\u00e9e \u00e0 six mois de prison avec sursis pour l\u2019avoir entra\u00een\u00e9 dans ce pi\u00e8ge. \u00ab J\u2019avais la haine contre Tom, il m\u2019avait tromp\u00e9e je voulais qu\u2019il paie pour ce qu\u2019il m\u2019a fait \u00bb, a-t-elle reconnu devant les policiers. \u00c0 la barre du tribunal, elle est rest\u00e9e mutique.<\/p>\n<p class=\"fs-5 \">Ce jour-l\u00e0, Tom, 22 ans, avait crois\u00e9 son ex du c\u00f4t\u00e9 de la place de la Libert\u00e9, dans le centre-ville. Le jeune Corse, de passage dans le chef-lieu du Var, se trouvait dans un caf\u00e9 avec des membres de la famille de Lorie avec lesquels il a conserv\u00e9 de bonnes relations.<\/p>\n<p>                                                                                Rendez-vous \u00e0 21 heures<\/p>\n<p class=\"fs-5 \">La jeune femme s\u2019en \u00e9tait \u00e9mue dans la foul\u00e9e aupr\u00e8s de K\u00e9vin, son nouveau compagnon en train de consommer de l\u2019alcool avec des copains dans un square. Ce dernier a consid\u00e9r\u00e9 que le vingtenaire lui avait \u00ab manqu\u00e9 de respect \u00bb en s\u2019approchant de \u00ab sa femme \u00bb&#8230;<\/p>\n<p class=\"fs-5 \">La jeune majeure \u2013 18 ans \u2013 a alors t\u00e9l\u00e9phon\u00e9 \u00e0 Tom pour lui donner rendez-vous \u00e0 21 heures dans le parc des Lices.<\/p>\n<p class=\"fs-5 \">C\u2019est l\u00e0 que la victime a \u00e9t\u00e9 violemment prise \u00e0 partie par K\u00e9vin, 23 ans, et deux individus (non identifi\u00e9s), notamment \u00e0 coups de gaz lacrymog\u00e8ne. Tom est parvenu \u00e0 prendre la fuite en direction de la gare et s\u2019est r\u00e9fugi\u00e9 dans un fast-food.<\/p>\n<p>                                                                                Un g\u00e9rant de snack pas tr\u00e8s coop\u00e9ratif<\/p>\n<p class=\"fs-5 \">Selon le r\u00e9cit de la victime, le g\u00e9rant n\u2019a rien voulu savoir et lui a demand\u00e9 de quitter l\u2019\u00e9tablissement. Deux individus ont fait irruption dans le snack o\u00f9 Tom a re\u00e7u des coups de pied et de poing, selon le t\u00e9moignage du cuisinier qui, lui, s\u2019est interpos\u00e9.<\/p>\n<p class=\"fs-5 \">K\u00e9vin a ni\u00e9 \u00eatre l\u2019un de ces deux agresseurs tout en reconnaissant \u00eatre entr\u00e9 dans le snack. Le responsable de l\u2019\u00e9tablissement n\u2019a pas jug\u00e9 n\u00e9cessaire de donner suite aux sollicitations des enqu\u00eateurs requ\u00e9rant les images de vid\u00e9osurveillance.<\/p>\n<p class=\"fs-5 \">Le pr\u00e9judice corporel (un point de suture sous l\u2019\u0153il droit) de Tom \u2013 qui ne s\u2019est pas constitu\u00e9 partie civile \u2013 a \u00e9t\u00e9 fix\u00e9 \u00e0 cinq jours d\u2019incapacit\u00e9 totale de travail (ITT) par un m\u00e9decin l\u00e9giste. K\u00e9vin a \u00e9t\u00e9 condamn\u00e9 \u00e0 20 mois de prison ferme.<\/p>\n<p>                                                                                Interdiction de contact<\/p>\n<p class=\"fs-5 \">Huit mois de prison ont \u00e9t\u00e9 ajout\u00e9s \u00e0 cette sanction. En effet, K\u00e9vin \u00e9tait jug\u00e9 dans un dossier distinct portant sur des violences au pr\u00e9judice de Lorie. En ao\u00fbt, il n\u2019avait pas appr\u00e9ci\u00e9 que sa petite amie, en fin de soir\u00e9e, danse sur une table en pr\u00e9sence d\u2019un autre homme.<\/p>\n<p class=\"fs-5 \">\u00ab Il n\u2019a pas support\u00e9 qu\u2019elle fasse des choses de son \u00e2ge \u00bb, a fait valoir l\u2019avocat de la jeune femme, Me Louis-Marie La Balme, plaidant une \u00ab ascendance de K\u00e9vin \u00bb sur sa cliente. \u00ab Elle a fait le mauvais choix \u00bb en continuant de le fr\u00e9quenter.<\/p>\n<p class=\"fs-5 \">Le tribunal a condamn\u00e9 les deux jeunes gens \u00e0 une interdiction r\u00e9ciproque de contact pendant deux ans.<\/p>\n<p class=\"fs-5 \">1. Tous les pr\u00e9noms ont \u00e9t\u00e9 modifi\u00e9s.<\/p>\n","protected":false},"excerpt":{"rendered":"C\u2019est une affaire \u00ab de grande immaturit\u00e9 \u00bb, r\u00e9sume le repr\u00e9sentant du minist\u00e8re public, Thibault Appert. Un couple&hellip;\n","protected":false},"author":2,"featured_media":573102,"comment_status":"","ping_status":"","sticky":false,"template":"","format":"standard","meta":{"footnotes":""},"categories":[9619],"tags":[1111,11,1777,674,1011,27,12,882,25,2310],"class_list":{"0":"post-573101","1":"post","2":"type-post","3":"status-publish","4":"format-standard","5":"has-post-thumbnail","7":"category-toulon","8":"tag-actu","9":"tag-actualites","10":"tag-eu","11":"tag-europe","12":"tag-fr","13":"tag-france","14":"tag-news","15":"tag-provence-alpes-cote-dazur","16":"tag-republique-francaise","17":"tag-toulon"},"share_on_mastodon":{"url":"https:\/\/pubeurope.com\/@fr\/115649957395711010","error":""},"_links":{"self":[{"href":"https:\/\/www.europesays.com\/fr\/wp-json\/wp\/v2\/posts\/573101","targetHints":{"allow":["GET"]}}],"collection":[{"href":"https:\/\/www.europesays.com\/fr\/wp-json\/wp\/v2\/posts"}],"about":[{"href":"https:\/\/www.europesays.com\/fr\/wp-json\/wp\/v2\/types\/post"}],"author":[{"embeddable":true,"href":"https:\/\/www.europesays.com\/fr\/wp-json\/wp\/v2\/users\/2"}],"replies":[{"embeddable":true,"href":"https:\/\/www.europesays.com\/fr\/wp-json\/wp\/v2\/comments?post=573101"}],"version-history":[{"count":0,"href":"https:\/\/www.europesays.com\/fr\/wp-json\/wp\/v2\/posts\/573101\/revisions"}],"wp:featuredmedia":[{"embeddable":true,"href":"https:\/\/www.europesays.com\/fr\/wp-json\/wp\/v2\/media\/573102"}],"wp:attachment":[{"href":"https:\/\/www.europesays.com\/fr\/wp-json\/wp\/v2\/media?parent=573101"}],"wp:term":[{"taxonomy":"category","embeddable":true,"href":"https:\/\/www.europesays.com\/fr\/wp-json\/wp\/v2\/categories?post=573101"},{"taxonomy":"post_tag","embeddable":true,"href":"https:\/\/www.europesays.com\/fr\/wp-json\/wp\/v2\/tags?post=573101"}],"curies":[{"name":"wp","href":"https:\/\/api.w.org\/{rel}","templated":true}]}}