{"id":573103,"date":"2025-12-02T12:24:15","date_gmt":"2025-12-02T12:24:15","guid":{"rendered":"https:\/\/www.europesays.com\/fr\/573103\/"},"modified":"2025-12-02T12:24:15","modified_gmt":"2025-12-02T12:24:15","slug":"le-club-devrait-soffrir-un-international-francais-en-provenance-de-la-rochelle","status":"publish","type":"post","link":"https:\/\/www.europesays.com\/fr\/573103\/","title":{"rendered":"le club devrait s\u2019offrir un international fran\u00e7ais en provenance de La Rochelle"},"content":{"rendered":"<p>Un joli coup en vue pour le Rugby Club Toulonnais\u00a0? Ces derni\u00e8res semaines, les Varois s\u2019activent sur le march\u00e9 des transferts et sondent plusieurs pistes. Alors que Matthis Lebel et Dimitri Delibes, tous deux en fin de contrat avec le Stade Toulousain, seraient dans leur viseur, les dirigeants toulonnais auraient aussi jet\u00e9 leur d\u00e9volu sur un Rochelais.<\/p>\n<p>Cancoriet en approche<\/p>\n<p>Selon les informations de <a href=\"https:\/\/www.lequipe.fr\/Rugby\/Actualites\/Judicael-cancoriet-la-rochelle-evoluera-a-toulon-la-saison-prochaine\/1613895\" target=\"_blank\" rel=\"noopener\">L\u2019Equipe<\/a>, le RCT aurait trouv\u00e9 un accord pour la signature de Judica\u00ebl Cancoriet. L\u2019international fran\u00e7ais arrive lui aussi en fin de contrat avec les Rochelais. Si une prolongation \u00e9tait envisag\u00e9e, elle n\u2019a pas \u00e9t\u00e9 confirm\u00e9e et il a fait le choix de changer d\u2019air.<\/p>\n<p>Il s\u2019agit d\u2019un gros coup pour le RCT tant le troisi\u00e8me-ligne est une valeur s\u00fbre du Top 14. Arriv\u00e9 en 2023 \u00e0 La Rochelle en provenance de Clermont, il va ainsi d\u00e9couvrir un troisi\u00e8me club dans l\u2019\u00e9lite.<\/p>\n<p>Partagez cette info avec vos amis et vos proches en cliquant ici<br \/>Pour r\u00e9sumer<\/p>\n<p>Selon les informations de L\u2019Equipe, le Rugby Club Toulonnais aurait trouv\u00e9 un accord avec un international fran\u00e7ais, en fin de contrat avec le Stade Rochelais. Il devrait rejoindre le Var \u00e0 l\u2019issue de la saison, en juin prochain.<\/p>\n<p> <img decoding=\"async\" width=\"76\" height=\"76\" loading=\"lazy\" src=\"https:\/\/www.europesays.com\/fr\/wp-content\/uploads\/2025\/04\/avatar-quinze.png\" alt=\"Arnaud D\u00e9chelotte\"\/><\/p>\n","protected":false},"excerpt":{"rendered":"Un joli coup en vue pour le Rugby Club Toulonnais\u00a0? Ces derni\u00e8res semaines, les Varois s\u2019activent sur le&hellip;\n","protected":false},"author":2,"featured_media":573104,"comment_status":"","ping_status":"","sticky":false,"template":"","format":"standard","meta":{"footnotes":""},"categories":[9619],"tags":[1111,11,1777,674,1011,27,12,882,25,478,2310],"class_list":{"0":"post-573103","1":"post","2":"type-post","3":"status-publish","4":"format-standard","5":"has-post-thumbnail","7":"category-toulon","8":"tag-actu","9":"tag-actualites","10":"tag-eu","11":"tag-europe","12":"tag-fr","13":"tag-france","14":"tag-news","15":"tag-provence-alpes-cote-dazur","16":"tag-republique-francaise","17":"tag-top-14","18":"tag-toulon"},"share_on_mastodon":{"url":"https:\/\/pubeurope.com\/@fr\/115649961991019404","error":""},"_links":{"self":[{"href":"https:\/\/www.europesays.com\/fr\/wp-json\/wp\/v2\/posts\/573103","targetHints":{"allow":["GET"]}}],"collection":[{"href":"https:\/\/www.europesays.com\/fr\/wp-json\/wp\/v2\/posts"}],"about":[{"href":"https:\/\/www.europesays.com\/fr\/wp-json\/wp\/v2\/types\/post"}],"author":[{"embeddable":true,"href":"https:\/\/www.europesays.com\/fr\/wp-json\/wp\/v2\/users\/2"}],"replies":[{"embeddable":true,"href":"https:\/\/www.europesays.com\/fr\/wp-json\/wp\/v2\/comments?post=573103"}],"version-history":[{"count":0,"href":"https:\/\/www.europesays.com\/fr\/wp-json\/wp\/v2\/posts\/573103\/revisions"}],"wp:featuredmedia":[{"embeddable":true,"href":"https:\/\/www.europesays.com\/fr\/wp-json\/wp\/v2\/media\/573104"}],"wp:attachment":[{"href":"https:\/\/www.europesays.com\/fr\/wp-json\/wp\/v2\/media?parent=573103"}],"wp:term":[{"taxonomy":"category","embeddable":true,"href":"https:\/\/www.europesays.com\/fr\/wp-json\/wp\/v2\/categories?post=573103"},{"taxonomy":"post_tag","embeddable":true,"href":"https:\/\/www.europesays.com\/fr\/wp-json\/wp\/v2\/tags?post=573103"}],"curies":[{"name":"wp","href":"https:\/\/api.w.org\/{rel}","templated":true}]}}