{"id":57311,"date":"2025-04-27T17:25:13","date_gmt":"2025-04-27T17:25:13","guid":{"rendered":"https:\/\/www.europesays.com\/fr\/57311\/"},"modified":"2025-04-27T17:25:13","modified_gmt":"2025-04-27T17:25:13","slug":"un-homme-inculpe-pour-acte-terroriste-apres-la-mort-pres-de-moscou-dun-general-russe-dans-une-voiture-piegee-liberation","status":"publish","type":"post","link":"https:\/\/www.europesays.com\/fr\/57311\/","title":{"rendered":"Un homme inculp\u00e9 pour \u00abacte terroriste\u00bb apr\u00e8s la mort pr\u00e8s de Moscou d\u2019un g\u00e9n\u00e9ral russe dans une voiture pi\u00e9g\u00e9e \u2013 Lib\u00e9ration"},"content":{"rendered":"<p class=\"sc-ksZaOG ehjQrN text-element\">L\u2019homme suspect\u00e9 d\u2019avoir tu\u00e9 un g\u00e9n\u00e9ral russe dans l\u2019explosion d\u2019une voiture pr\u00e8s de Moscou, a \u00e9t\u00e9 inculp\u00e9 pour \u00abacte terroriste\u00bb, a indiqu\u00e9 dimanche le Comit\u00e9 d\u2019enqu\u00eate, charg\u00e9 des principales investigations en Russie. \u00abLe parquet g\u00e9n\u00e9ral russe a inculp\u00e9 Ignat Kouzine pour [\u2026] acte terroriste, trafic illicite et fabrication d\u2019explosifs et d\u2019engins explosifs\u00bb, a pr\u00e9cis\u00e9 le puissant Comit\u00e9 d\u2019enqu\u00eate dans un communiqu\u00e9.<\/p>\n<p class=\"sc-ksZaOG ehjQrN text-element\">Samedi, apr\u00e8s <a href=\"https:\/\/www.liberation.fr\/international\/europe\/russie-un-general-tue-dans-lexplosion-dune-voiture-pres-de-moscou-20250425_UJDTQD7D3ZFI3KRK2Z2VLM26RA\/\" target=\"_blank\" rel=\"nofollow noopener\" title=\"https:\/\/www.liberation.fr\/international\/europe\/russie-un-general-tue-dans-lexplosion-dune-voiture-pres-de-moscou-20250425_UJDTQD7D3ZFI3KRK2Z2VLM26RA\/\">l\u2019arrestation de cet Ukrainien d\u2019une quarantaine d\u2019ann\u00e9es<\/a>, le FSB [services secrets russes, ndlr] avait publi\u00e9 un communiqu\u00e9 accablant le suspect. \u00abL\u2019agent des services sp\u00e9ciaux ukrainiens Ignat Kouzine, n\u00e9 en 1983 et r\u00e9sidant en Ukraine, qui avait plac\u00e9 des explosifs dans une Volkswagen Golf \u00e0 Balashikha, dans la r\u00e9gion de Moscou, tuant le lieutenant-g\u00e9n\u00e9ral Iaroslav Moskalik, a \u00e9t\u00e9 arr\u00eat\u00e9\u00bb, \u00e9tait-il \u00e9crit.<\/p>\n<p class=\"sc-ksZaOG ehjQrN text-element\">Selon le FSB, Ignat Kouzine avait install\u00e9 dans la voiture du g\u00e9n\u00e9ral une bombe artisanale, qu\u2019il avait prise dans une cachette des services sp\u00e9ciaux ukrainiens dans la r\u00e9gion de Moscou. La bombe a ensuite \u00e9t\u00e9 d\u00e9clench\u00e9e par t\u00e9l\u00e9commande depuis l\u2019Ukraine, affirme le FSB.<\/p>\n<p class=\"sc-ksZaOG ehjQrN text-element\">D\u2019apr\u00e8s le Comit\u00e9 d\u2019enqu\u00eate, le suspect \u00aba reconnu sa culpabilit\u00e9\u00bb et a affirm\u00e9 \u00abavoir \u00e9t\u00e9 recrut\u00e9 par des agents des services de s\u00e9curit\u00e9 ukrainiens, qui l\u2019ont contact\u00e9 en lui proposant une r\u00e9compense\u00bb totale de 18 000 dollars (pr\u00e8s de 16 000 euros).<\/p>\n<p class=\"sc-ksZaOG ehjQrN text-element\">Selon son r\u00e9cit, rapport\u00e9 par le Comit\u00e9 d\u2019enqu\u00eate, il est arriv\u00e9 en Russie en septembre 2023 avant de se voir confier la mission d\u2019\u00e9liminer le g\u00e9n\u00e9ral Iaroslav Moskalik, chef adjoint de la Direction g\u00e9n\u00e9rale op\u00e9rationnelle de l\u2019\u00e9tat-major des forces arm\u00e9es russes. Vendredi matin, ce haut responsable de l\u2019arm\u00e9e russe a \u00e9t\u00e9 tu\u00e9 pr\u00e8s de Moscou dans l\u2019explosion d\u2019une voiture.<\/p>\n<p class=\"sc-ksZaOG ehjQrN text-element\">Les autorit\u00e9s russes ont dans la foul\u00e9e d\u00e9nonc\u00e9 \u00abune attaque terroriste\u00bb, imput\u00e9e aux services sp\u00e9ciaux ukrainiens (SBU). L\u2019Ukraine, qui n\u2019a pas r\u00e9agi publiquement \u00e0 ces accusations, a \u00e9t\u00e9 accus\u00e9e \u00e0 plusieurs reprises <a href=\"https:\/\/www.liberation.fr\/international\/europe\/lukraine-revendique-lassassinat-du-lieutenant-general-kirillov-plus-haut-responsable-russe-tue-a-moscou-depuis-le-debut-de-la-guerre-20241217_DIRQBGW3HVFVHCLKJ2SZA6K5XI\/\" target=\"_blank\" rel=\"nofollow noopener\" title=\"https:\/\/www.liberation.fr\/international\/europe\/lukraine-revendique-lassassinat-du-lieutenant-general-kirillov-plus-haut-responsable-russe-tue-a-moscou-depuis-le-debut-de-la-guerre-20241217_DIRQBGW3HVFVHCLKJ2SZA6K5XI\/\">d\u2019attaques cibl\u00e9es<\/a> contre des responsables militaires russes depuis l\u2019offensive du Kremlin en f\u00e9vrier 2022.<\/p>\n","protected":false},"excerpt":{"rendered":"L\u2019homme suspect\u00e9 d\u2019avoir tu\u00e9 un g\u00e9n\u00e9ral russe dans l\u2019explosion d\u2019une voiture pr\u00e8s de Moscou, a \u00e9t\u00e9 inculp\u00e9 pour&hellip;\n","protected":false},"author":2,"featured_media":57312,"comment_status":"","ping_status":"","sticky":false,"template":"","format":"standard","meta":{"footnotes":""},"categories":[1591],"tags":[11,1887,12,1885,1886,132,220,297],"class_list":{"0":"post-57311","1":"post","2":"type-post","3":"status-publish","4":"format-standard","5":"has-post-thumbnail","7":"category-russie","8":"tag-actualites","9":"tag-federation-de-russie","10":"tag-news","11":"tag-russia","12":"tag-russian-federation","13":"tag-russie","14":"tag-ukraine","15":"tag-ukraine-la-crise"},"share_on_mastodon":{"url":"https:\/\/pubeurope.com\/@fr\/114411098861568727","error":""},"_links":{"self":[{"href":"https:\/\/www.europesays.com\/fr\/wp-json\/wp\/v2\/posts\/57311","targetHints":{"allow":["GET"]}}],"collection":[{"href":"https:\/\/www.europesays.com\/fr\/wp-json\/wp\/v2\/posts"}],"about":[{"href":"https:\/\/www.europesays.com\/fr\/wp-json\/wp\/v2\/types\/post"}],"author":[{"embeddable":true,"href":"https:\/\/www.europesays.com\/fr\/wp-json\/wp\/v2\/users\/2"}],"replies":[{"embeddable":true,"href":"https:\/\/www.europesays.com\/fr\/wp-json\/wp\/v2\/comments?post=57311"}],"version-history":[{"count":0,"href":"https:\/\/www.europesays.com\/fr\/wp-json\/wp\/v2\/posts\/57311\/revisions"}],"wp:featuredmedia":[{"embeddable":true,"href":"https:\/\/www.europesays.com\/fr\/wp-json\/wp\/v2\/media\/57312"}],"wp:attachment":[{"href":"https:\/\/www.europesays.com\/fr\/wp-json\/wp\/v2\/media?parent=57311"}],"wp:term":[{"taxonomy":"category","embeddable":true,"href":"https:\/\/www.europesays.com\/fr\/wp-json\/wp\/v2\/categories?post=57311"},{"taxonomy":"post_tag","embeddable":true,"href":"https:\/\/www.europesays.com\/fr\/wp-json\/wp\/v2\/tags?post=57311"}],"curies":[{"name":"wp","href":"https:\/\/api.w.org\/{rel}","templated":true}]}}