{"id":573116,"date":"2025-12-02T12:34:18","date_gmt":"2025-12-02T12:34:18","guid":{"rendered":"https:\/\/www.europesays.com\/fr\/573116\/"},"modified":"2025-12-02T12:34:18","modified_gmt":"2025-12-02T12:34:18","slug":"on-a-alerte-sur-les-dangers-se-defendent-les-entreprises","status":"publish","type":"post","link":"https:\/\/www.europesays.com\/fr\/573116\/","title":{"rendered":"\u00ab\u00a0On a alert\u00e9 sur les dangers\u00a0\u00bb, se d\u00e9fendent les entreprises"},"content":{"rendered":"<p>                    Par<br \/>\n        <strong><br \/>\n            <a href=\"https:\/\/actu.fr\/auteur\/redaction-rennes\" title=\"Consulter tous les articles de R\u00e9daction Rennes\" target=\"_blank\" rel=\"noopener\">R\u00e9daction Rennes<\/a><br \/>\n                    <\/strong><\/p>\n<p>        Publi\u00e9 le<\/p>\n<p>            2 d\u00e9c. 2025 \u00e0 12h26        <\/p>\n<p>Le drame \u00e9tait survenu jeudi 20\u00a0octobre 2022.<a href=\"https:\/\/actu.fr\/bretagne\/acigne_35001\/pres-de-rennes-un-mort-apres-un-terrible-accident-de-chantier_54657000.html\" target=\"_blank\" rel=\"noopener\"> Tennessee, \u00e2g\u00e9 de 28\u00a0ans, \u00e9tait d\u00e9c\u00e9d\u00e9 alors qu\u2019il intervenait sur un chantier dans les locaux de l\u2019entreprise M-Extend<\/a>, sp\u00e9cialis\u00e9e dans la \u00ab\u2009fabrication d\u2019\u00e9quipements de manutention\u2009\u00bb pour les agriculteurs, \u00e0 <a href=\"https:\/\/actu.fr\/bretagne\/acigne_35001\" target=\"_blank\" rel=\"noopener\">Acign\u00e9<\/a>. Une <strong>enqu\u00eate<\/strong> avait \u00e9t\u00e9 ouverte pour d\u00e9terminer les circonstances de l\u2019accident. Lundi 1er\u00a0d\u00e9cembre 2025, <strong>M-Extend<\/strong> comparaissait devant le tribunal correctionnel de Rennes, aux c\u00f4t\u00e9s de la soci\u00e9t\u00e9 <strong>Elitel Energies,<\/strong> bas\u00e9e \u00e0 <a href=\"https:\/\/actu.fr\/pays-de-la-loire\/change_53054\" target=\"_blank\" rel=\"noopener\">Chang\u00e9<\/a> (Mayenne), qui employait le jeune \u00e9lectricien, originaire de Foug\u00e8res.<\/p>\n<p>Des \u00ab\u2009d\u00e9faillances\u2009\u00bb constat\u00e9e<\/p>\n<p class=\" wall-content\">Pour rappel,<strong> la \u00ab\u2009nacelle\u2009\u00bb<\/strong> dans laquelle se trouvait Tennessee \u2013 alors int\u00e9rimaire \u2013 avait en fait \u00e9t\u00e9<strong> \u00ab\u2009percut\u00e9e\u2009\u00bb par une \u00ab\u2009balancelle\u2009\u00bb<\/strong> du \u00ab\u2009convoyeur a\u00e9rien\u2009\u00bb, c\u2019est-\u00e0-dire le syst\u00e8me de transport industriel qui utilise des rails a\u00e9riens pour d\u00e9placer des objets au sein de l\u2019usine.<\/p>\n<p class=\" wall-content\">Le jeune homme s\u2019\u00e9tait pr\u00e9cis\u00e9ment retrouv\u00e9 <strong>\u00ab\u2009coinc\u00e9\u2009\u00bb entre le \u00ab\u2009garde-corps\u2009\u00bb<\/strong> de la nacelle <strong>et la \u00ab\u2009structure m\u00e9tallique\u2009\u00bb du convoyeur,<\/strong> ce qui avait provoqu\u00e9 sa mort par \u00ab\u2009compression thoracique\u2009\u00bb.<\/p>\n<p class=\" wall-content\">L\u2019inspection du travail avait alors constat\u00e9<strong> des \u00ab\u2009d\u00e9faillances\u2009\u00bb dans la \u00ab\u2009pr\u00e9vention\u2009\u00bb<\/strong> des risques d\u2019accident du travail\u2009: le convoyeur a\u00e9rien \u00ab\u2009fonctionnait en permanence\u2009\u00bb m\u00eame lorsque des ouvriers intervenaient \u00e0 proximit\u00e9.\u00a0Aucun \u00ab\u2009balisage\u2009\u00bb des zones de danger n\u2019avait \u00e9t\u00e9 pr\u00e9vu, et les salari\u00e9s n\u2019\u00e9taient pas inform\u00e9s du <strong>\u00ab\u2009risque de collision et d\u2019\u00e9crasement\u2009\u00bb.<\/strong><\/p>\n<p>\u00ab\u2009C\u2019\u00e9tait chaud patate\u2009\u00bb<\/p>\n<p class=\" wall-content\">Face aux \u00ab\u2009arr\u00eats intempestifs\u2009\u00bb du convoyeur a\u00e9rien \u2013 qui se stoppait \u00ab\u2009jusqu\u2019\u00e0 deux ou trois fois par matin\u00e9e\u2009\u00bb \u2013 les employ\u00e9s avaient m\u00eame pris l\u2019habitude de le \u00ab\u2009r\u00e9armer\u2009\u00bb <strong>sans faire appel au service de \u00ab\u2009maintenance\u2009\u00bb<\/strong>\u2026 et sans v\u00e9rifier la cause de l\u2019arr\u00eat.<\/p>\n<p class=\" wall-content\">Tennessee \u2013 qui ne disposait d\u2019ailleurs pas des qualifications n\u00e9cessaires pour conduire une nacelle \u00e0 \u00ab\u2009\u00e9l\u00e9vation verticale\u2009\u00bb \u2013 avait r\u00e9alis\u00e9 <strong>des vid\u00e9os avant son d\u00e9c\u00e8s,<\/strong> dans lesquelles il indiquait \u00eatre \u00ab\u2009pas loin de toucher [le convoyeur, N.D.L.R.]\u2009\u00bb et que \u00ab\u2009c\u2019\u00e9tait chaud patate\u2009\u00bb.<\/p>\n<p>Votre r\u00e9gion, votre actu !<\/p>\n<p>Recevez chaque jour les infos qui comptent pour vous.<\/p>\n<p>\t<a href=\"https:\/\/actu.fr\/newsletter\" class=\"ac-btn ac-btn--corner ac-btn--medium ac-btn--blue800\" target=\"_blank\" rel=\"noopener\">S&rsquo;incrire<\/a><\/p>\n<p class=\" wall-content\">Mais \u00ab\u2009on n\u2019imaginait m\u00eame pas qu\u2019il puisse y avoir une intervention humaine \u00e0 proximit\u00e9 du convoyeur\u2009\u00bb et <strong>\u00ab\u2009si on l\u2019avait su, on aurait arr\u00eat\u00e9 les travaux\u2009\u00bb,<\/strong> a assur\u00e9 \u00e0 la barre du tribunal correctionnel de Rennes le directeur g\u00e9n\u00e9ral de M-Extend.<\/p>\n<p class=\" wall-content\">Des \u00ab\u2009cr\u00e9neaux\u2009\u00bb d\u2019arr\u00eat de la machine \u00e9taient d\u2019ailleurs ponctuellement mis en place pendant le chantier et <strong>les salari\u00e9s \u00e9taient \u00ab\u2009form\u00e9s\u2009\u00bb<\/strong> \u00e0 sa mise en marche, a assur\u00e9 Benjamin Gauchenot.<\/p>\n<p class=\" wall-content\">\u00ab\u2009L\u2019environnement direct\u2009\u00bb du chantier n\u2019a de toute fa\u00e7on \u00ab\u2009pas \u00e9volu\u00e9\u2009\u00bb entre les diff\u00e9rentes phases des travaux, ce qui explique que le plan de pr\u00e9vention n\u2019a pas \u00e9t\u00e9 \u00ab\u2009mis \u00e0 jour\u2009\u00bb, a abond\u00e9 Christophe Ridard, cog\u00e9rant de l\u2019entreprise Elitel Energies.<\/p>\n<p class=\" wall-content\">Reste que les deux entreprises ont une \u00ab\u2009culture de la s\u00e9curit\u00e9\u2009\u00bb et avaient <strong>les \u00ab\u2009outils juridiques et pragmatiques\u2009\u00bb pour \u00e9viter cet accident,<\/strong> a soulign\u00e9 la procureure de la R\u00e9publique.<\/p>\n<p>\u00ab\u2009On n\u2019imagine pas une seule seconde qu\u2019on puisse mourir au travail\u2009\u00bb<\/p>\n<p class=\" wall-content\">Le plan de pr\u00e9vention des risques n\u2019\u00e9tait en d\u00e9finitive \u00ab\u2009pas suffisant\u2009\u00bb et <strong>ne r\u00e9pondait pas aux \u00ab\u2009exigences du Code du travail\u2009\u00bb,<\/strong> a estim\u00e9 la magistrate.<\/p>\n<p class=\" wall-content\">Elle a donc requis la condamnation de <strong>M-Extend<\/strong> \u00e0 une amende de <strong>240\u2009000\u00a0euros<\/strong> et <strong>Elitel Energies<\/strong> \u00e0 une amende de <strong>270\u2009000\u00a0euros,<\/strong> notamment pour <strong>\u00ab\u2009homicide involontaire\u2009\u00bb.<\/strong><\/p>\n<p class=\" wall-content\">\u00ab\u2009Cela semble \u00e9vident pour tout le monde qu\u2019il aurait fallu que ce convoyeur soit interrompu\u2009\u00bb, a appuy\u00e9 Me Quentin Blanchet-Magon, l\u2019avocat de la m\u00e8re et des s\u0153urs de Tennessee, d\u00e9crit par ses proches comme<strong> un jeune homme \u00ab\u2009serviable\u2009\u00bb, \u00ab\u2009d\u00e9vou\u00e9\u2009\u00bb et \u00ab\u2009travailleur\u2009\u00bb.<\/strong><\/p>\n<p class=\" wall-content\">\u00ab\u2009Tous autant qu\u2019on est, on n\u2019imagine pas une seule seconde qu\u2019on puisse <strong>mourir au travail<\/strong>\u2009\u00bb, a insist\u00e9 l\u2019avocat.<\/p>\n<p>Verdict mi-d\u00e9cembre<\/p>\n<p class=\" wall-content\">Ce dernier a donc r\u00e9clam\u00e9 la <strong>condamnation solidaire des deux entreprises<\/strong> \u00e0 verser \u00e0 ses clientes une premi\u00e8re \u00ab\u2009provision\u2009\u00bb de 20\u2009000\u00a0euros pour leur \u00ab\u2009pr\u00e9judice moral\u2009\u00bb et 800\u00a0euros de frais d\u2019avocat pour chacune des soci\u00e9t\u00e9s.<\/p>\n<p class=\" wall-content\">Il a \u00e9galement demand\u00e9 50\u2009000\u00a0euros de dommages et int\u00e9r\u00eats au titre des \u00ab\u2009souffrances endur\u00e9es\u2009\u00bb de Tennessee de son vivant et <strong>10\u2009000 au titre de son \u00ab\u2009pr\u00e9judice d\u2019angoisse de mort imminente\u2009\u00bb.<\/strong><\/p>\n<p class=\" wall-content\">L\u2019avocat d\u2019Elitel Energies a estim\u00e9 pour sa part que la \u00ab\u2009s\u00e9v\u00e9rit\u00e9\u2009\u00bb des peines requises par le parquet \u00ab\u2009ne va pas r\u00e9former profond\u00e9ment le monde du travail\u2009\u00bb.<\/p>\n<p class=\" wall-content\">Pour Me William Pineau, les dirigeants de l\u2019entreprise n\u2019ont pas \u00ab\u2009laiss\u00e9 glisser des situations scabreuses ou porteuses de danger\u2009\u00bb et n\u2019ont pas \u00ab\u2009d\u00e9cid\u00e9, pour des raisons de rentabilit\u00e9, de passer outre\u2009\u00bb\u2009: ils n\u2019ont<strong> \u00ab\u2009tout simplement pas suffisamment bien vu\u2009\u00bb les risques,<\/strong> alors que l\u2019environnement du travail ne pr\u00e9sentait \u00ab\u2009pas de r\u00e9el danger la plupart du temps\u2009\u00bb.<\/p>\n<p class=\" wall-content\">L\u2019avocate de l\u2019entreprise M-Extend a rappel\u00e9 quant \u00e0 elle \u00ab\u2009tout ce qui a pu \u00eatre d\u00e9ploy\u00e9 tout au long de ces ann\u00e9es de travaux\u2009\u00bb pour \u00ab\u2009faire vivre\u2009\u00bb le plan de pr\u00e9vention des risques professionnels\u2009: des \u00ab\u2009r\u00e9unions de chantier\u2009\u00bb, des \u00ab\u2009\u00e9changes r\u00e9guliers\u2009\u00bb entre entreprises et avec les salari\u00e9s\u2026<\/p>\n<p class=\" wall-content\">\u00ab\u2009On n\u2019a pas oubli\u00e9, <strong>on n\u2019a pas n\u00e9glig\u00e9,<\/strong> on a alert\u00e9 tout un chacun sur les dangers que pr\u00e9sente le travail avec un convoyeur\u2009\u00bb, a conclu Me \u00c9lodie Stierlen.<\/p>\n<p class=\" wall-content\">Le tribunal correctionnel de Rennes, qui a mis sa <strong>d\u00e9cision en d\u00e9lib\u00e9r\u00e9,<\/strong> rendra son jugement dans une dizaine de jours.<\/p>\n<p class=\" wall-content\"><strong>RB et GF (PressPepper)<\/strong><\/p>\n<p class=\" wall-content\">Personnalisez votre actualit\u00e9 en ajoutant vos villes et m\u00e9dias en favori avec <a href=\"https:\/\/moncompte.actu.fr\" title=\"D\u00e9couvez Mon Actu\" rel=\"nofollow noopener\" data-trk=\"{&quot;cta&quot;:{&quot;action&quot;:&quot;https:\\\/\\\/moncompte.actu.fr&quot;,&quot;category&quot;:&quot;mon compte&quot;,&quot;from&quot;:&quot;article footer&quot;,&quot;name&quot;:&quot;Mon actu&quot;,&quot;type&quot;:&quot;cta&quot;}}\" target=\"_blank\">Mon Actu<\/a>.<\/p>\n","protected":false},"excerpt":{"rendered":"Par R\u00e9daction Rennes Publi\u00e9 le 2 d\u00e9c. 2025 \u00e0 12h26 Le drame \u00e9tait survenu jeudi 20\u00a0octobre 2022. Tennessee,&hellip;\n","protected":false},"author":2,"featured_media":573117,"comment_status":"","ping_status":"","sticky":false,"template":"","format":"standard","meta":{"footnotes":""},"categories":[2821],"tags":[119,1111,11,829,1777,674,1011,27,303,12,584,25,104],"class_list":{"0":"post-573116","1":"post","2":"type-post","3":"status-publish","4":"format-standard","5":"has-post-thumbnail","7":"category-rennes","8":"tag-accident","9":"tag-actu","10":"tag-actualites","11":"tag-bretagne","12":"tag-eu","13":"tag-europe","14":"tag-fr","15":"tag-france","16":"tag-justice","17":"tag-news","18":"tag-rennes","19":"tag-republique-francaise","20":"tag-societe"},"share_on_mastodon":{"url":"https:\/\/pubeurope.com\/@fr\/115650000612175067","error":""},"_links":{"self":[{"href":"https:\/\/www.europesays.com\/fr\/wp-json\/wp\/v2\/posts\/573116","targetHints":{"allow":["GET"]}}],"collection":[{"href":"https:\/\/www.europesays.com\/fr\/wp-json\/wp\/v2\/posts"}],"about":[{"href":"https:\/\/www.europesays.com\/fr\/wp-json\/wp\/v2\/types\/post"}],"author":[{"embeddable":true,"href":"https:\/\/www.europesays.com\/fr\/wp-json\/wp\/v2\/users\/2"}],"replies":[{"embeddable":true,"href":"https:\/\/www.europesays.com\/fr\/wp-json\/wp\/v2\/comments?post=573116"}],"version-history":[{"count":0,"href":"https:\/\/www.europesays.com\/fr\/wp-json\/wp\/v2\/posts\/573116\/revisions"}],"wp:featuredmedia":[{"embeddable":true,"href":"https:\/\/www.europesays.com\/fr\/wp-json\/wp\/v2\/media\/573117"}],"wp:attachment":[{"href":"https:\/\/www.europesays.com\/fr\/wp-json\/wp\/v2\/media?parent=573116"}],"wp:term":[{"taxonomy":"category","embeddable":true,"href":"https:\/\/www.europesays.com\/fr\/wp-json\/wp\/v2\/categories?post=573116"},{"taxonomy":"post_tag","embeddable":true,"href":"https:\/\/www.europesays.com\/fr\/wp-json\/wp\/v2\/tags?post=573116"}],"curies":[{"name":"wp","href":"https:\/\/api.w.org\/{rel}","templated":true}]}}