{"id":573120,"date":"2025-12-02T12:36:13","date_gmt":"2025-12-02T12:36:13","guid":{"rendered":"https:\/\/www.europesays.com\/fr\/573120\/"},"modified":"2025-12-02T12:36:13","modified_gmt":"2025-12-02T12:36:13","slug":"ce-candidat-propose-une-mesure-choc-pour-le-marche-de-noel-de-strasbourg-voici-laquelle","status":"publish","type":"post","link":"https:\/\/www.europesays.com\/fr\/573120\/","title":{"rendered":"ce candidat propose une mesure choc pour le march\u00e9 de No\u00ebl de Strasbourg, voici laquelle"},"content":{"rendered":"<p>                    Par<br \/>\n        <strong><br \/>\n            <a href=\"https:\/\/actu.fr\/auteur\/thomas-blanc\" title=\"Consulter tous les articles de Thomas Blanc\" target=\"_blank\" rel=\"noopener\">Thomas Blanc<\/a><br \/>\n                    <\/strong><\/p>\n<p>        Publi\u00e9 le<\/p>\n<p>            2 d\u00e9c. 2025 \u00e0 13h03        <\/p>\n<p>Le <a href=\"https:\/\/actu.fr\/grand-est\/strasbourg_67482\/en-images-chalets-ouverts-sapin-illumine-le-marche-de-noel-de-strasbourg-2025-est-officiellement-lance_63494654.html\" target=\"_blank\" rel=\"noopener\">march\u00e9 de No\u00ebl de Strasbourg<\/a> a accueilli <a href=\"https:\/\/actu.fr\/grand-est\/strasbourg_67482\/marche-de-noel-a-strasbourg-le-record-de-frequentation-a-ete-battu-en-2024_62164740.html\" target=\"_blank\" rel=\"noopener\">3,4\u00a0millions de visiteurs<\/a> en 2024. Les projections pour l\u2019ann\u00e9e 2025 tablent sur une affluence similaire. Pour contrer ce ph\u00e9nom\u00e8ne qualifi\u00e9 de <strong>surtourisme<\/strong> par certains, un candidat \u00e0 l\u2019<a href=\"https:\/\/actu.fr\/tag\/municipales-2026\" target=\"_blank\" rel=\"noopener\">\u00e9lection municipale 2026<\/a> propose <strong>une mesure choc<\/strong>.<\/p>\n<p>L\u2019entr\u00e9e du march\u00e9 de No\u00ebl payante du vendredi au dimanche pour les non-r\u00e9sidents de la m\u00e9tropole<\/p>\n<p class=\" wall-content\"><a href=\"https:\/\/actu.fr\/grand-est\/strasbourg_67482\/municipales-2026-la-france-insoumise-envoie-florian-kobryn-pour-briguer-le-mandat-de-maire-a-strasbourg_63268221.html\" target=\"_blank\" rel=\"noopener\">Florian Kobryn, candidat La France insoumise (LFI)<\/a> aux \u00e9lections municipales 2026, pointe du doigt \u00ab\u2009le paradoxe du march\u00e9 de No\u00ebl de Strasbourg qui accueille des millions de touristes pendant que l\u2019on <strong>ne loge pas nos enfants \u00e0 la rue<\/strong>\u2009\u00bb.<\/p>\n<p class=\" wall-content\">Pour faire face \u00e0 cela, le candidat de gauche entend rendre <strong>payante l\u2019entr\u00e9e au march\u00e9 de No\u00ebl<\/strong> du vendredi 17h au dimanche soir pour tous les visiteurs<strong> ne r\u00e9sidant pas dans l\u2019Eurom\u00e9tropole de Strasbourg<\/strong>. Pour 10 euros, un visiteur non eurom\u00e9tropolitain pourra acc\u00e9der tous les week-ends \u00e0 l\u2019\u00e9v\u00e9nement.<\/p>\n<p>Les recettes de cette mesure red\u00e9ploy\u00e9es pour l\u2019h\u00e9bergement d\u2019urgence<\/p>\n<p class=\" wall-content\">Le but de cette mesure, qu\u2019il compte appliquer <strong>d\u00e8s 2027<\/strong> s\u2019il est \u00e9lu, est de \u00ab\u00a0rendre cet \u00e9v\u00e9nement \u00e9videmment tr\u00e8s touristique aux Strasbourgeois et aux Strasbourgeoises\u2009\u00bb. Le nombre de visiteurs ayant significativement augment\u00e9 ces derni\u00e8res ann\u00e9es, \u00ab\u2009est-ce que l\u2019on continue comme \u00e7a ou <strong>on agit avant qu\u2019il ne soit trop tard\u2009?<\/strong>\u2009\u00bb, questionne M. Kobryn aupr\u00e8s d\u2019Actu Strasbourg.<\/p>\n<p class=\" wall-content\">Un autre bienfait de cette mesure selon lui serait <strong>\u00ab\u2009le report des flux<\/strong> sur les autres jours de la semaine\u2009\u00bb. \u00ab\u2009L\u2019<a href=\"https:\/\/actu.fr\/tag\/argent\" target=\"_blank\" rel=\"noopener\">argent<\/a> que cela rapportera sera allou\u00e9 <strong>\u00e0 l\u2019h\u00e9bergement d\u2019urgence<\/strong> dans notre ville\u2009\u00bb, conclut la t\u00eate de liste LFI.<\/p>\n<p class=\" wall-content\">Personnalisez votre actualit\u00e9 en ajoutant vos villes et m\u00e9dias en favori avec <a href=\"https:\/\/moncompte.actu.fr\" title=\"D\u00e9couvez Mon Actu\" rel=\"nofollow noopener\" data-trk=\"{&quot;cta&quot;:{&quot;action&quot;:&quot;https:\\\/\\\/moncompte.actu.fr&quot;,&quot;category&quot;:&quot;mon compte&quot;,&quot;from&quot;:&quot;article footer&quot;,&quot;name&quot;:&quot;Mon actu&quot;,&quot;type&quot;:&quot;cta&quot;}}\" target=\"_blank\">Mon Actu<\/a>.<\/p>\n","protected":false},"excerpt":{"rendered":"Par Thomas Blanc Publi\u00e9 le 2 d\u00e9c. 2025 \u00e0 13h03 Le march\u00e9 de No\u00ebl de Strasbourg a accueilli&hellip;\n","protected":false},"author":2,"featured_media":573121,"comment_status":"","ping_status":"","sticky":false,"template":"","format":"standard","meta":{"footnotes":""},"categories":[2820],"tags":[1111,11,1777,674,1011,27,775,56596,3434,12,316,25,640],"class_list":{"0":"post-573120","1":"post","2":"type-post","3":"status-publish","4":"format-standard","5":"has-post-thumbnail","7":"category-strasbourg","8":"tag-actu","9":"tag-actualites","10":"tag-eu","11":"tag-europe","12":"tag-fr","13":"tag-france","14":"tag-grand-est","15":"tag-marche-de-noel-de-strasbourg","16":"tag-municipales-2026","17":"tag-news","18":"tag-politique","19":"tag-republique-francaise","20":"tag-strasbourg"},"share_on_mastodon":{"url":"https:\/\/pubeurope.com\/@fr\/115650008530627831","error":""},"_links":{"self":[{"href":"https:\/\/www.europesays.com\/fr\/wp-json\/wp\/v2\/posts\/573120","targetHints":{"allow":["GET"]}}],"collection":[{"href":"https:\/\/www.europesays.com\/fr\/wp-json\/wp\/v2\/posts"}],"about":[{"href":"https:\/\/www.europesays.com\/fr\/wp-json\/wp\/v2\/types\/post"}],"author":[{"embeddable":true,"href":"https:\/\/www.europesays.com\/fr\/wp-json\/wp\/v2\/users\/2"}],"replies":[{"embeddable":true,"href":"https:\/\/www.europesays.com\/fr\/wp-json\/wp\/v2\/comments?post=573120"}],"version-history":[{"count":0,"href":"https:\/\/www.europesays.com\/fr\/wp-json\/wp\/v2\/posts\/573120\/revisions"}],"wp:featuredmedia":[{"embeddable":true,"href":"https:\/\/www.europesays.com\/fr\/wp-json\/wp\/v2\/media\/573121"}],"wp:attachment":[{"href":"https:\/\/www.europesays.com\/fr\/wp-json\/wp\/v2\/media?parent=573120"}],"wp:term":[{"taxonomy":"category","embeddable":true,"href":"https:\/\/www.europesays.com\/fr\/wp-json\/wp\/v2\/categories?post=573120"},{"taxonomy":"post_tag","embeddable":true,"href":"https:\/\/www.europesays.com\/fr\/wp-json\/wp\/v2\/tags?post=573120"}],"curies":[{"name":"wp","href":"https:\/\/api.w.org\/{rel}","templated":true}]}}