{"id":573135,"date":"2025-12-02T12:44:15","date_gmt":"2025-12-02T12:44:15","guid":{"rendered":"https:\/\/www.europesays.com\/fr\/573135\/"},"modified":"2025-12-02T12:44:15","modified_gmt":"2025-12-02T12:44:15","slug":"pourquoi-des-camions-de-pompiers-etaient-sur-le-chantier-dune-station","status":"publish","type":"post","link":"https:\/\/www.europesays.com\/fr\/573135\/","title":{"rendered":"pourquoi des camions de pompiers \u00e9taient sur le chantier d&rsquo;une station\u00a0?"},"content":{"rendered":"<p>                    Par<br \/>\n        <strong><br \/>\n            <a href=\"https:\/\/actu.fr\/auteur\/lea-afonso\" title=\"Consulter tous les articles de L\u00e9a Afonso\" target=\"_blank\" rel=\"noopener\">L\u00e9a Afonso<\/a><br \/>\n                    <\/strong><\/p>\n<p>        Publi\u00e9 le<\/p>\n<p>            2 d\u00e9c. 2025 \u00e0 12h42        <\/p>\n<p>Voir de la fum\u00e9e s\u2019\u00e9lever dans le ciel peut toujours inqui\u00e9ter, et davantage encore lorsqu\u2019elle provient d\u2019un chantier de station de m\u00e9tro. Pourtant, pas de panique ce mardi 2\u00a0d\u00e9cembre au matin \u00e0<a href=\"https:\/\/actu.fr\/occitanie\/ramonville-saint-agne_31446\" target=\"_blank\" rel=\"noopener\"> Ramonville-Saint-Agne<\/a> au sud de <a href=\"https:\/\/actu.fr\/toulouse\/\" target=\"_blank\" rel=\"noopener\">Toulouse<\/a>. L\u2019\u00e9trange panache visible aux abords de la future <strong>station a\u00e9rienne Parc du Canal et les camions de pompiers<\/strong> avaient une explication toute simple\u2009: il s\u2019agissait d\u2019un <strong>exercice<\/strong>.<\/p>\n<p>Un exercice conjoint Tiss\u00e9o \u2013 SDIS 31<\/p>\n<p class=\" wall-content\">\u00ab\u2009Mardi 2\u00a0d\u00e9cembre 2025 au matin,<strong> Tiss\u00e9o Ing\u00e9nierie<\/strong> organise, avec le service d\u00e9partemental d\u2019incendie et de secours (<strong>SDIS 31<\/strong>), un <strong>exercice de secours au sud de la station a\u00e9rienne Parc du Canal<\/strong>\u2009\u00bb, annon\u00e7ait Tiss\u00e9o d\u00e8s l\u2019aube.<\/p>\n<p class=\" wall-content\">Aucun incendie r\u00e9el donc, mais une op\u00e9ration d\u2019entra\u00eenement parfaitement ma\u00eetris\u00e9e. Les riverains ont ainsi pu apercevoir des v\u00e9hicules de secours mobilis\u00e9s et un important d\u00e9gagement de fum\u00e9e\u2026 enti\u00e8rement simul\u00e9.<\/p>\n<p>    <img   decoding=\"async\" loading=\"lazy\" src=\"https:\/\/www.europesays.com\/fr\/wp-content\/uploads\/2025\/12\/tisseo-1-960x640.jpg\" alt=\"Il s'agissait d'un exercice men\u00e9 par les pompiers et Tiss\u00e9o.\" width=\"960\" height=\"640\"\/><br \/>\n    Il s\u2019agissait d\u2019un exercice men\u00e9 par les pompiers et Tiss\u00e9o. (\u00a9Tiss\u00e9o Ing\u00e9nierie )Une simulation d\u2019incendie pour tester la coordination<\/p>\n<p class=\" wall-content\">Le sc\u00e9nario pr\u00e9voyait<strong> une \u00ab\u2009simulation d\u2019incendie virtuel\u2009\u00bb<\/strong> n\u00e9cessitant l\u2019intervention des \u00e9quipes du SDIS 31. Objectif\u2009: entra\u00eener les diff\u00e9rents acteurs amen\u00e9s \u00e0 intervenir sur ce type d\u2019infrastructure.<\/p>\n<p>Vid\u00e9os : en ce moment sur Actu<\/p>\n<p class=\" wall-content\">\u00ab\u2009Cet exercice permet aux \u00e9quipes de se pr\u00e9parer et de tester leur coordination. Il s\u2019agit d\u2019une pratique courante pour les services de secours et elle ne refl\u00e8te en rien l\u2019existence d\u2019un risque particulier\u2009\u00bb, explique Tiss\u00e9o.<\/p>\n<p>    <img   decoding=\"async\" loading=\"lazy\" src=\"https:\/\/www.europesays.com\/fr\/wp-content\/uploads\/2025\/12\/fumee-960x640.jpg\" alt=\"Un panache de fum\u00e9e visible. \" width=\"960\" height=\"640\"\/><br \/>\n    Un panache de fum\u00e9e visible au niveau de la station. (\u00a9Tiss\u00e9o Ing\u00e9nierie )<\/p>\n<p>Votre r\u00e9gion, votre actu !<\/p>\n<p>Recevez chaque jour les infos qui comptent pour vous.<\/p>\n<p>\t<a href=\"https:\/\/actu.fr\/newsletter\" class=\"ac-btn ac-btn--corner ac-btn--medium ac-btn--blue800\" target=\"_blank\" rel=\"noopener\">S&rsquo;incrire<\/a><br \/>\nUne station cl\u00e9 du prolongement de la ligne B<\/p>\n<p class=\" wall-content\">Situ\u00e9e avenue de l\u2019Europe \u00e0 Ramonville, la station Parc du Canal s\u2019inscrit dans le <strong>prolongement de la ligne B du m\u00e9tro<\/strong>, qui doit assurer \u00e0 terme la connexion avec la future ligne C. Enti\u00e8rement a\u00e9rienne et organis\u00e9e sur trois niveaux, elle sera implant\u00e9e \u00e0 <strong>moins de 500\u00a0m\u00e8tres de la salle du Bikini<\/strong>.<\/p>\n<p class=\" wall-content\">\u00c0 l\u2019ouverture, pr\u00e9vue en septembre\u00a02027 selon le calendrier pr\u00e9visionnel, elle permettra de rejoindre Matabiau Gare en 15\u00a0minutes et Lab\u00e8ge Gare en 5\u00a0minutes.<\/p>\n<p class=\" wall-content\">Personnalisez votre actualit\u00e9 en ajoutant vos villes et m\u00e9dias en favori avec <a href=\"https:\/\/moncompte.actu.fr\" title=\"D\u00e9couvez Mon Actu\" rel=\"nofollow noopener\" data-trk=\"{&quot;cta&quot;:{&quot;action&quot;:&quot;https:\\\/\\\/moncompte.actu.fr&quot;,&quot;category&quot;:&quot;mon compte&quot;,&quot;from&quot;:&quot;article footer&quot;,&quot;name&quot;:&quot;Mon actu&quot;,&quot;type&quot;:&quot;cta&quot;}}\" target=\"_blank\">Mon Actu<\/a>.<\/p>\n","protected":false},"excerpt":{"rendered":"Par L\u00e9a Afonso Publi\u00e9 le 2 d\u00e9c. 2025 \u00e0 12h42 Voir de la fum\u00e9e s\u2019\u00e9lever dans le ciel&hellip;\n","protected":false},"author":2,"featured_media":573136,"comment_status":"","ping_status":"","sticky":false,"template":"","format":"standard","meta":{"footnotes":""},"categories":[2816],"tags":[1111,11,1777,674,1011,27,5224,12,2680,1311,25,104,5400,2312],"class_list":{"0":"post-573135","1":"post","2":"type-post","3":"status-publish","4":"format-standard","5":"has-post-thumbnail","7":"category-toulouse","8":"tag-actu","9":"tag-actualites","10":"tag-eu","11":"tag-europe","12":"tag-fr","13":"tag-france","14":"tag-ligne-c-du-metro-de-toulouse","15":"tag-news","16":"tag-occitanie","17":"tag-pompiers","18":"tag-republique-francaise","19":"tag-societe","20":"tag-tisseo","21":"tag-toulouse"},"share_on_mastodon":{"url":"https:\/\/pubeurope.com\/@fr\/115650041835193279","error":""},"_links":{"self":[{"href":"https:\/\/www.europesays.com\/fr\/wp-json\/wp\/v2\/posts\/573135","targetHints":{"allow":["GET"]}}],"collection":[{"href":"https:\/\/www.europesays.com\/fr\/wp-json\/wp\/v2\/posts"}],"about":[{"href":"https:\/\/www.europesays.com\/fr\/wp-json\/wp\/v2\/types\/post"}],"author":[{"embeddable":true,"href":"https:\/\/www.europesays.com\/fr\/wp-json\/wp\/v2\/users\/2"}],"replies":[{"embeddable":true,"href":"https:\/\/www.europesays.com\/fr\/wp-json\/wp\/v2\/comments?post=573135"}],"version-history":[{"count":0,"href":"https:\/\/www.europesays.com\/fr\/wp-json\/wp\/v2\/posts\/573135\/revisions"}],"wp:featuredmedia":[{"embeddable":true,"href":"https:\/\/www.europesays.com\/fr\/wp-json\/wp\/v2\/media\/573136"}],"wp:attachment":[{"href":"https:\/\/www.europesays.com\/fr\/wp-json\/wp\/v2\/media?parent=573135"}],"wp:term":[{"taxonomy":"category","embeddable":true,"href":"https:\/\/www.europesays.com\/fr\/wp-json\/wp\/v2\/categories?post=573135"},{"taxonomy":"post_tag","embeddable":true,"href":"https:\/\/www.europesays.com\/fr\/wp-json\/wp\/v2\/tags?post=573135"}],"curies":[{"name":"wp","href":"https:\/\/api.w.org\/{rel}","templated":true}]}}