{"id":573153,"date":"2025-12-02T12:54:13","date_gmt":"2025-12-02T12:54:13","guid":{"rendered":"https:\/\/www.europesays.com\/fr\/573153\/"},"modified":"2025-12-02T12:54:13","modified_gmt":"2025-12-02T12:54:13","slug":"paris-elue-parmi-les-villes-les-plus-cools-du-monde-a-velo","status":"publish","type":"post","link":"https:\/\/www.europesays.com\/fr\/573153\/","title":{"rendered":"Paris \u00e9lue parmi les villes les plus cools du monde \u00e0 v\u00e9lo\u00a0!"},"content":{"rendered":"<p>Depuis <strong>quelques mois,<\/strong> on observe une<strong> <a href=\"https:\/\/www.lebonbon.fr\/paris\/news\/cyclistes-parisiens-victimes-violences-routieres\/\" target=\"_blank\" rel=\"noopener\">mont\u00e9e en puissance des conflits <\/a><\/strong>entre les <strong>diff\u00e9rents usagers de la chauss\u00e9e.<\/strong> Une <strong>tension croissante<\/strong> qui fait suite \u00e0 une <strong>explosion du nombre de cyclistes<\/strong> dans les rues de la capitale en <strong>manque d\u2019infrastructures adapt\u00e9es<\/strong> et <strong>s\u00e9curis\u00e9es,<\/strong> ce qui remet une fois encore<strong> la place du v\u00e9lo au c\u0153ur des d\u00e9bats publics<\/strong>. Pourtant, malgr\u00e9 ces <strong>probl\u00e9matiques,<\/strong> il semblerait que <strong>Paris ne soit pas si terrible que \u00e7a,<\/strong> puisque la ville vient de se classer parmi <strong>les plus cools du monde pour pratiquer la petite reine\u00a0!<\/strong><\/p>\n<p>&#13;<br \/>\n<br \/>Une mue r\u00e9ussie pour la capitale&#13;<\/p>\n<p>En 5 ans, la Ville Lumi\u00e8re a vu son <strong>nombre de cyclistes multiplier par deux,<\/strong> et son r\u00e9seau de pistes<strong> <a href=\"https:\/\/www.lebonbon.fr\/paris\/news\/velo-paris-piste-cyclable\/\" target=\"_blank\" rel=\"noopener\">se <\/a><a href=\"https:\/\/www.lebonbon.fr\/paris\/news\/velo-paris-piste-cyclable\/\" target=\"_blank\" rel=\"noopener\">d\u00e9velopper sur des kilom\u00e8tres et des kilom\u00e8tres<\/a>.<\/strong> Une transformation drastique port\u00e9e par <strong>la politique de la mairie de Paris<\/strong>, qui permet \u00e0 la ville de se hisser dans<strong> le haut du<a href=\"https:\/\/copenhagenizeindex.eu\/index.php\/project\/paris\/\" rel=\"nofollow noopener noreferrer\" target=\"_blank\"> classement mondial.<\/a><\/strong> Un classement \u00e9tabli par le <strong>cabinet Copenhagenize,<\/strong> qui mesure la mani\u00e8re dont les <strong>municipalit\u00e9s<\/strong> <strong>con\u00e7oivent et soutiennent la pratique du v\u00e9lo<\/strong>, ainsi que <strong>l\u2019usage r\u00e9el<\/strong> des bicyclettes par les habitants. Et visiblement,<strong> Paris n\u2019a rien \u00e0 envier \u00e0 ses voisins,<\/strong> en d\u00e9crochant un tr\u00e8s beau score de <strong>65\/100<\/strong>, se pla\u00e7ant derri\u00e8re <strong>Utrecht, Copenhague, Gand et Amsterdam.<\/strong><\/p>\n<p>&#13;<\/p>\n<blockquote class=\"twitter-tweet\"><p>&#13;<\/p>\n<p lang=\"en\" dir=\"ltr\">Quality of Life Goals:<\/p>\n<p>Between Paris and its inner suburbs, <br \/>14% of trips are made by bicycle, <br \/>11.8% by car. <a href=\"https:\/\/t.co\/jVWHYkGWPP\">pic.twitter.com\/jVWHYkGWPP<\/a><\/p>\n<p>&#13;<br \/>\n\u2014 Andy Boenau (@Boenau) <a href=\"https:\/\/twitter.com\/Boenau\/status\/1995483017306079388?ref_src=twsrc%5Etfw\" target=\"_blank\" rel=\"noopener\">December 1, 2025<\/a><\/p><\/blockquote>\n<p>&#13;<br \/>\n&#13;<br \/>\n<br \/>De gros progr\u00e8s \u00e0 perfectionner&#13;<\/p>\n<p>Cette ann\u00e9e, la capitale se distingue principalement gr\u00e2ce \u00e0 la <strong>qualit\u00e9 de son r\u00e9seau de pistes cyclables<\/strong>, le <strong>meilleur du monde apr\u00e8s Copenhague<\/strong> selon l\u2019\u00e9tude. Il faut dire que <strong>ces derni\u00e8res ann\u00e9es,<\/strong> ce sont <strong>des centaines et des centaines de m\u00e8tres<\/strong> de pistes qui ont vu le jour <strong>aux 4 coins de Paris,<\/strong> pour accueillir un pourcentage d\u2019usagers <strong><a href=\"https:\/\/www.lebonbon.fr\/paris\/news\/parisiens-deplacent-plus-velo-que-voiture\/\" target=\"_blank\" rel=\"noopener\">pass\u00e9s de 5 \u00e0 11% en 6 ans<\/a><\/strong>. Un niveau \u00ab\u00a0<strong>historique<\/strong>\u00a0\u00bb, selon le rapport, qui permet \u00e0 la Ville Lumi\u00e8re de briller. Pour maintenant cette place, voire <strong>grappiller quelques \u00e9chelons<\/strong>, le cabinet Copenhagenize rappelle que Paris a tout de m\u00eame <strong>quelques<\/strong> <strong>efforts \u00e0 fournir<\/strong>, notamment au niveau de la <strong>s\u00e9curit\u00e9.<\/strong> Parmi les points clefs\u00a0: <strong>parking, intersections, voies plus larges<\/strong>, bref, tout ce que r\u00e9clament les cyclistes de la capitale <a href=\"https:\/\/www.lebonbon.fr\/paris\/news\/velo-paris-rapport-violences-routieres\/\" target=\"_blank\" rel=\"noopener\"><strong>depuis un petit moment\u2026<\/strong><\/a><\/p>\n<p>&#13;<\/p>\n<blockquote class=\"twitter-tweet\"><p>&#13;<\/p>\n<p lang=\"fr\" dir=\"ltr\">Faire du v\u00e9lo paris la nuit c\u2019est trop bien <a href=\"https:\/\/t.co\/NGUtJao3He\">pic.twitter.com\/NGUtJao3He<\/a><\/p>\n<p>&#13;<br \/>\n\u2014 Sofia (@lkgdm_) <a href=\"https:\/\/twitter.com\/lkgdm_\/status\/1967699398806421865?ref_src=twsrc%5Etfw\" target=\"_blank\" rel=\"noopener\">September 15, 2025<\/a><\/p><\/blockquote>\n<p>&#13;<br \/>\n<script async src=\"https:\/\/platform.twitter.com\/widgets.js\" charset=\"utf-8\"><\/script><\/p>\n","protected":false},"excerpt":{"rendered":"Depuis quelques mois, on observe une mont\u00e9e en puissance des conflits entre les diff\u00e9rents usagers de la chauss\u00e9e.&hellip;\n","protected":false},"author":2,"featured_media":573154,"comment_status":"","ping_status":"","sticky":false,"template":"","format":"standard","meta":{"footnotes":""},"categories":[1888],"tags":[1111,1928,11,1927,1777,674,1011,27,12,1926,626,1925,25],"class_list":{"0":"post-573153","1":"post","2":"type-post","3":"status-publish","4":"format-standard","5":"has-post-thumbnail","7":"category-paris","8":"tag-actu","9":"tag-actu-paris","10":"tag-actualites","11":"tag-actualites-paris","12":"tag-eu","13":"tag-europe","14":"tag-fr","15":"tag-france","16":"tag-news","17":"tag-news-paris","18":"tag-paris","19":"tag-paris-news","20":"tag-republique-francaise"},"share_on_mastodon":{"url":"https:\/\/pubeurope.com\/@fr\/115650079275505206","error":""},"_links":{"self":[{"href":"https:\/\/www.europesays.com\/fr\/wp-json\/wp\/v2\/posts\/573153","targetHints":{"allow":["GET"]}}],"collection":[{"href":"https:\/\/www.europesays.com\/fr\/wp-json\/wp\/v2\/posts"}],"about":[{"href":"https:\/\/www.europesays.com\/fr\/wp-json\/wp\/v2\/types\/post"}],"author":[{"embeddable":true,"href":"https:\/\/www.europesays.com\/fr\/wp-json\/wp\/v2\/users\/2"}],"replies":[{"embeddable":true,"href":"https:\/\/www.europesays.com\/fr\/wp-json\/wp\/v2\/comments?post=573153"}],"version-history":[{"count":0,"href":"https:\/\/www.europesays.com\/fr\/wp-json\/wp\/v2\/posts\/573153\/revisions"}],"wp:featuredmedia":[{"embeddable":true,"href":"https:\/\/www.europesays.com\/fr\/wp-json\/wp\/v2\/media\/573154"}],"wp:attachment":[{"href":"https:\/\/www.europesays.com\/fr\/wp-json\/wp\/v2\/media?parent=573153"}],"wp:term":[{"taxonomy":"category","embeddable":true,"href":"https:\/\/www.europesays.com\/fr\/wp-json\/wp\/v2\/categories?post=573153"},{"taxonomy":"post_tag","embeddable":true,"href":"https:\/\/www.europesays.com\/fr\/wp-json\/wp\/v2\/tags?post=573153"}],"curies":[{"name":"wp","href":"https:\/\/api.w.org\/{rel}","templated":true}]}}